{"id":1723,"date":"2014-05-24T14:28:02","date_gmt":"2014-05-24T14:28:02","guid":{"rendered":"https:\/\/blog.ilgiornale.it\/sacchelli\/?p=1723"},"modified":"2014-05-24T14:28:25","modified_gmt":"2014-05-24T14:28:25","slug":"obama-in-una-riserva-indiana","status":"publish","type":"post","link":"https:\/\/blog.ilgiornale.it\/sacchelli\/2014\/05\/24\/obama-in-una-riserva-indiana\/","title":{"rendered":"Obama in una riserva indiana"},"content":{"rendered":"<p><a href=\"https:\/\/blog.ilgiornale.it\/sacchelli\/files\/2014\/05\/Obama_native_american.jpg\"><img loading=\"lazy\" class=\"alignleft size-medium wp-image-1724\" src=\"https:\/\/blog.ilgiornale.it\/sacchelli\/files\/2014\/05\/Obama_native_american-300x225.jpg\" alt=\"\" width=\"300\" height=\"225\" srcset=\"https:\/\/blog.ilgiornale.it\/sacchelli\/files\/2014\/05\/Obama_native_american-300x225.jpg 300w, https:\/\/blog.ilgiornale.it\/sacchelli\/files\/2014\/05\/Obama_native_american.jpg 450w\" sizes=\"(max-width: 300px) 100vw, 300px\" \/><\/a>Il presidente degli Stati Uniti visiter\u00e0, a giugno, una riserva indiana in North Dakota. Non succede spesso dunque fa notizia. L&#8217;amministrazione Obama intende dare un segnale del suo impegno per migliorare la vita dei &#8220;<a href=\"http:\/\/en.wikipedia.org\/wiki\/Native_Americans_in_the_United_States\" target=\"_blank\">native americans<\/a>&#8220;. Non si conosce ancora il nome della riserva prescelta, ma c&#8217;\u00e8 un indizio: <strong><a href=\"http:\/\/www.whitehouse.gov\/the-press-office\/2012\/04\/27\/president-obama-announces-jodi-gillette-senior-policy-advisor-native-ame\" target=\"_blank\">Jodi Gilette<\/a><\/strong>, consigliere della Casa Bianca per le politiche dei nativi americani, \u00e8 sorella del presidente della <a href=\"http:\/\/www.standingrock.org\/\" target=\"_blank\">Standing Rock Sioux Tribe<\/a> del North Dakota. Potrebbe essere questa, dunque, la scelta di Obama.<\/p>\n<p>Prima di lui Bill Clinton nel 1999 aveva visitato la riserva indiana di Pine Ridge, dove si trova il <a href=\"http:\/\/it.wikipedia.org\/wiki\/Massacro_di_Wounded_Knee\" target=\"_blank\">Wound Knee Creek<\/a>, famoso per il massacro di almeno 300 uomini, donne e bambini dei Sioux da parte dell\u2019esercito americano. Il primo presidente americano a visitare una riserva fu <strong>Franklin D. Roosevelt<\/strong> nel 1936. Prima di essere assassinato, nel pieno della campagna elettorale, <strong>Robert Kennedy<\/strong> visit\u00f2 la riserva di Wounded Knee.<\/p>\n<p>Da quando \u00e8 alla Casa Bianca Obama ha dato vita alla <a href=\"http:\/\/en.wikipedia.org\/wiki\/Tribal_Law_and_Order_Act_of_2010\" target=\"_blank\">Tribal Law and Order Act<\/a> per fronteggiare l\u2019alto tasso di criminalit\u00e0 nelle riserve. Ma il passo pi\u00f9 importante che ha fatto, osteggiato dai repubblicani, \u00e8 l\u2019aver autorizzato i tribunali delle 566 trib\u00f9 riconosciute a processare individui, anche non indiani, che abbiano commesso atti di violenza contro le donne della trib\u00f9.<\/p>\n","protected":false},"excerpt":{"rendered":"<p><p>Il presidente degli Stati Uniti visiter\u00e0, a giugno, una riserva indiana in North Dakota. Non succede spesso dunque fa notizia. L&#8217;amministrazione Obama intende dare un segnale del suo impegno per migliorare la vita dei &#8220;native americans&#8220;. Non si conosce ancora il nome della riserva prescelta, ma c&#8217;\u00e8 un indizio: Jodi Gilette, consigliere della Casa Bianca per le politiche dei nativi americani, \u00e8 sorella del presidente della Standing Rock Sioux Tribe del North Dakota. Potrebbe essere questa, dunque, la scelta di Obama. Prima di lui Bill Clinton nel 1999 aveva visitato la riserva indiana di Pine Ridge, dove si trova il [&hellip;]<\/p>\n&nbsp;&nbsp;<div class=\"readmore\"><a href=\"https:\/\/blog.ilgiornale.it\/sacchelli\/2014\/05\/24\/obama-in-una-riserva-indiana\/\">Continua a leggere...<\/a><\/div><\/p>","protected":false},"author":1011,"featured_media":0,"comment_status":"open","ping_status":"closed","sticky":false,"template":"","format":"standard","meta":[],"categories":[18531,64],"tags":[47431,47432,47430],"_links":{"self":[{"href":"https:\/\/blog.ilgiornale.it\/sacchelli\/wp-json\/wp\/v2\/posts\/1723"}],"collection":[{"href":"https:\/\/blog.ilgiornale.it\/sacchelli\/wp-json\/wp\/v2\/posts"}],"about":[{"href":"https:\/\/blog.ilgiornale.it\/sacchelli\/wp-json\/wp\/v2\/types\/post"}],"author":[{"embeddable":true,"href":"https:\/\/blog.ilgiornale.it\/sacchelli\/wp-json\/wp\/v2\/users\/1011"}],"replies":[{"embeddable":true,"href":"https:\/\/blog.ilgiornale.it\/sacchelli\/wp-json\/wp\/v2\/comments?post=1723"}],"version-history":[{"count":2,"href":"https:\/\/blog.ilgiornale.it\/sacchelli\/wp-json\/wp\/v2\/posts\/1723\/revisions"}],"predecessor-version":[{"id":1726,"href":"https:\/\/blog.ilgiornale.it\/sacchelli\/wp-json\/wp\/v2\/posts\/1723\/revisions\/1726"}],"wp:attachment":[{"href":"https:\/\/blog.ilgiornale.it\/sacchelli\/wp-json\/wp\/v2\/media?parent=1723"}],"wp:term":[{"taxonomy":"category","embeddable":true,"href":"https:\/\/blog.ilgiornale.it\/sacchelli\/wp-json\/wp\/v2\/categories?post=1723"},{"taxonomy":"post_tag","embeddable":true,"href":"https:\/\/blog.ilgiornale.it\/sacchelli\/wp-json\/wp\/v2\/tags?post=1723"}],"curies":[{"name":"wp","href":"https:\/\/api.w.org\/{rel}","templated":true}]}}