{"id":1754,"date":"2014-06-09T10:05:40","date_gmt":"2014-06-09T10:05:40","guid":{"rendered":"https:\/\/blog.ilgiornale.it\/sacchelli\/?p=1754"},"modified":"2014-06-09T11:59:49","modified_gmt":"2014-06-09T11:59:49","slug":"hillary-clinton-mi-candido-entro-fine-anno","status":"publish","type":"post","link":"https:\/\/blog.ilgiornale.it\/sacchelli\/2014\/06\/09\/hillary-clinton-mi-candido-entro-fine-anno\/","title":{"rendered":"Hillary Clinton: mi candido entro fine anno"},"content":{"rendered":"<p><a href=\"https:\/\/blog.ilgiornale.it\/sacchelli\/files\/2014\/06\/hillary_clinton.jpg\"><img loading=\"lazy\" class=\"alignleft size-medium wp-image-1757\" src=\"https:\/\/blog.ilgiornale.it\/sacchelli\/files\/2014\/06\/hillary_clinton-239x300.jpg\" alt=\"\" width=\"239\" height=\"300\" srcset=\"https:\/\/blog.ilgiornale.it\/sacchelli\/files\/2014\/06\/hillary_clinton-239x300.jpg 239w, https:\/\/blog.ilgiornale.it\/sacchelli\/files\/2014\/06\/hillary_clinton-819x1024.jpg 819w\" sizes=\"(max-width: 239px) 100vw, 239px\" \/><\/a>L&#8217;ex segretario di Stato Hillary Clinton in un&#8217;intervista all&#8217;emittente tv <a href=\"http:\/\/abcnews.go.com\/Politics\/hillary-clinton-reveals-2016-timetable-shell-testify-benghazi\/story?id=24036584\" target=\"_blank\">Abc<\/a> (rilanciata dal quotidiano <em>La Stampa<\/em>) non nasconde l&#8217;intenzione di correre per la Casa Bianca. Sui tempi dell&#8217;annuncio non si sbilancia ancora:\u00a0 si limita a dire che lo far\u00e0 al momento giusto, magari anche all&#8217;ultimo istante, proprio come fece suo marito Bill negli anni Novanta. Di certo, fa sapere, non scender\u00e0 in campo prima della fine dell&#8217;anno:\u00a0<em> &#8220;Voglio trascorrere questo anno, viaggiare nel paese, firmare copie del mio libro (&#8220;<a href=\"http:\/\/www.amazon.com\/Hard-Choices-Hillary-Rodham-Clinton\/dp\/1476751447\" target=\"_blank\">Hard Choices<\/a>&#8221; che esce in questi giorni negli Usa, ndr), aiutare i candidati nelle elezioni <\/em>midterm<em> di novembre, prendere un respiro profondo e riflettere su vantaggi e svantaggi a cui dovr\u00f2 pensare mentre prendo questa decisione&#8221;<\/em>. E fissa una <em>deadline<\/em>:\u00a0 &#8220;S\u00ec, lo far\u00f2 entro la fine dell&#8217;anno&#8221;.<\/p>\n<p>Non sembrano esserci pi\u00f9 dubbi sull&#8217;intenzione di Hillary di partecipare alla corsa. <em>&#8220;Devo fare la scelta giusta per me, e per il Paese&#8230; Gli altri (si riferisce agli altri candidati democratici, ndr) possono fare quello che credono, e nei tempi che preferiscono&#8221;<\/em>. L&#8217;ex first lady non teme affatto che un ritardo nella discesa in campo possa arrecarlo danno: <em>&#8220;No &#8211; dice sicura di s\u00e9 -, Bill Clinton cominci\u00f2 a correre ufficialmente per la Casa Bianca nel settembre-ottobre del 1991. Perci\u00f2 davvero non penso che questa sia una preoccupazione reale. Tutti faranno ci\u00f2 che riterranno meglio per loro. Scegliere se candidarsi alla presidenza \u00e8 una decisione molto personale per tutti&#8221;.<\/em><\/p>\n<p>Nell\u2019intervista c&#8217;\u00e8 spazio anche per un interessante scambio di battute sul suo <strong>stato di salute<\/strong>, su cui alcuni repubblicani hanno espresso dubbi anche di recente. La Clinton definisce &#8220;molto buona&#8221; la sua forma fisica anche se non nega (del resto non pu\u00f2 farlo) che la caduta di qualche tempo fa sia stata un serio incidente: <em>&#8220;Aveva provocato una seria commozione cerebrale<\/em>&#8220;. E se quel grumo di sangue si fosse spostato&#8230; Lei comunque taglia corto: &#8220;<em>Vi posso dire che \u00e8 stato un momento molto pauroso&#8221;<\/em>. Il cervello per\u00f2 funziona bene e lei \u00e8 prontissima a pubblicare tutti i certificati medici del caso, per mostrare agli americani le sue reali condizioni di salute.<\/p>\n<p>Secondo l\u2019ultimo sondaggio ABC\/Washington Post il 69% dei democratici sostiene la candidatura della Clinton. Per il momento non sembra avere rivali.\u00a0 E&#8217; vista piuttosto bene anche dai non democratici:\u00a0 il 67% la ritiene un leader forte, per il 60% \u00e8 affidabile e onesta e per il 59% ha un\u2019idea per il futuro dell\u2019America. Da ultimo il 59% degli americani esprime un giudizio positivo del suo operato da segretario di Stato. La percentuale per\u00f2 crolla al 37% quando agli intervistati viene ricordato il controverso episodio dell\u2019uccisione dell\u2019ambasciatore Usa in Libia, <strong>Chris Stevens<\/strong>, avvenuta l\u201911 settembre 2012 a Bengasi. Sar\u00e0 questo il tallone d&#8217;Achille di Hillary?<\/p>\n","protected":false},"excerpt":{"rendered":"<p><p>L&#8217;ex segretario di Stato Hillary Clinton in un&#8217;intervista all&#8217;emittente tv Abc (rilanciata dal quotidiano La Stampa) non nasconde l&#8217;intenzione di correre per la Casa Bianca. Sui tempi dell&#8217;annuncio non si sbilancia ancora:\u00a0 si limita a dire che lo far\u00e0 al momento giusto, magari anche all&#8217;ultimo istante, proprio come fece suo marito Bill negli anni Novanta. Di certo, fa sapere, non scender\u00e0 in campo prima della fine dell&#8217;anno:\u00a0 &#8220;Voglio trascorrere questo anno, viaggiare nel paese, firmare copie del mio libro (&#8220;Hard Choices&#8221; che esce in questi giorni negli Usa, ndr), aiutare i candidati nelle elezioni midterm di novembre, prendere un respiro [&hellip;]<\/p>\n&nbsp;&nbsp;<div class=\"readmore\"><a href=\"https:\/\/blog.ilgiornale.it\/sacchelli\/2014\/06\/09\/hillary-clinton-mi-candido-entro-fine-anno\/\">Continua a leggere...<\/a><\/div><\/p>","protected":false},"author":1011,"featured_media":0,"comment_status":"open","ping_status":"closed","sticky":false,"template":"","format":"standard","meta":[],"categories":[64],"tags":[47435],"_links":{"self":[{"href":"https:\/\/blog.ilgiornale.it\/sacchelli\/wp-json\/wp\/v2\/posts\/1754"}],"collection":[{"href":"https:\/\/blog.ilgiornale.it\/sacchelli\/wp-json\/wp\/v2\/posts"}],"about":[{"href":"https:\/\/blog.ilgiornale.it\/sacchelli\/wp-json\/wp\/v2\/types\/post"}],"author":[{"embeddable":true,"href":"https:\/\/blog.ilgiornale.it\/sacchelli\/wp-json\/wp\/v2\/users\/1011"}],"replies":[{"embeddable":true,"href":"https:\/\/blog.ilgiornale.it\/sacchelli\/wp-json\/wp\/v2\/comments?post=1754"}],"version-history":[{"count":5,"href":"https:\/\/blog.ilgiornale.it\/sacchelli\/wp-json\/wp\/v2\/posts\/1754\/revisions"}],"predecessor-version":[{"id":1761,"href":"https:\/\/blog.ilgiornale.it\/sacchelli\/wp-json\/wp\/v2\/posts\/1754\/revisions\/1761"}],"wp:attachment":[{"href":"https:\/\/blog.ilgiornale.it\/sacchelli\/wp-json\/wp\/v2\/media?parent=1754"}],"wp:term":[{"taxonomy":"category","embeddable":true,"href":"https:\/\/blog.ilgiornale.it\/sacchelli\/wp-json\/wp\/v2\/categories?post=1754"},{"taxonomy":"post_tag","embeddable":true,"href":"https:\/\/blog.ilgiornale.it\/sacchelli\/wp-json\/wp\/v2\/tags?post=1754"}],"curies":[{"name":"wp","href":"https:\/\/api.w.org\/{rel}","templated":true}]}}