{"id":1972,"date":"2014-10-27T18:57:32","date_gmt":"2014-10-27T18:57:32","guid":{"rendered":"https:\/\/blog.ilgiornale.it\/sacchelli\/?p=1972"},"modified":"2014-10-27T19:01:15","modified_gmt":"2014-10-27T19:01:15","slug":"un-altro-bush-alla-casa-bianca-2","status":"publish","type":"post","link":"https:\/\/blog.ilgiornale.it\/sacchelli\/2014\/10\/27\/un-altro-bush-alla-casa-bianca-2\/","title":{"rendered":"Un altro Bush alla Casa Bianca? La mamma non vuole"},"content":{"rendered":"<p><a href=\"https:\/\/blog.ilgiornale.it\/sacchelli\/files\/2014\/10\/Jeb_George_P_Bush.jpg\"><img loading=\"lazy\" class=\"alignleft size-medium wp-image-1973\" src=\"https:\/\/blog.ilgiornale.it\/sacchelli\/files\/2014\/10\/Jeb_George_P_Bush-300x206.jpg\" alt=\"\" width=\"300\" height=\"206\" srcset=\"https:\/\/blog.ilgiornale.it\/sacchelli\/files\/2014\/10\/Jeb_George_P_Bush-300x206.jpg 300w, https:\/\/blog.ilgiornale.it\/sacchelli\/files\/2014\/10\/Jeb_George_P_Bush-1024x703.jpg 1024w\" sizes=\"(max-width: 300px) 100vw, 300px\" \/><\/a>Il <a href=\"http:\/\/www.nytimes.com\/2014\/10\/27\/us\/the-bushes-led-by-w-rally-to-make-jeb-45.html?hp&amp;action=click&amp;pgtype=Homepage&amp;module=second-column-region&amp;region=top-news&amp;WT.nav=top-news&amp;_r=0\">New York Times<\/a> insinua che la mamma di Jeb Bush sia poco convinta della discesa in campo del figlio nella corsa per la Casa Bianca. Ma le sarebbe stato vietato di esprimersi pubblicamente. A spingere alla &#8220;battaglia&#8221; il fratello minore dell&#8217;ultimo presidente repubblicano degli Stati Uniti, George W., c`\u00e8 tutto il clan di famiglia e il loro potente network politico, con la sola eccezione di Barbara. Il padre e il fratello di Jeb, invece, sarebbero i principali sostenitori dell&#8217;idea di perpetuare la dinastia politica dei Bush.<\/p>\n<p>George Bush senior ha sempre pensato che Jeb avrebbe avuto un brillante futuro politico. Non lo pensava, invece, del suo primogenito, George W. Appena sei anni fa, dopo la fine della sua presidenza, questo scenario sarebbe sembrato impensabile. In una intervista dal Texas con la Abc, il figlio George P. Bush ha definito &#8220;pi\u00f9 che probabile&#8221; una candidatura paterna: &#8220;Se me lo aveste chiesto anni fa avrei risposto improbabile&#8221;. Dopo i problemi dell&#8217;amministrazione Obama e soprattutto le profonde divisioni interne al partito repubblicano, la destra americana torna ad avere voglia di Bush. Un nome considerato una garanzia politica. Anche perch\u00e9 Jeb \u00e8 sempre stato considerato il pi\u00f9 intelligente dei fratelli.<\/p>\n<p>La candidatura di Jeb dunque non \u00e8 impossibile, come riconosce il quotidiano di New York. E da mesi sta lavorando una fitta rete di consulenti, esperti e amici di famiglia. Secondo Jim Mc Grath, un portavoce di Bush padre, la famiglia &#8220;\u00e8 molto sensibile all&#8217;idea che qualcuno possa pensare che una nomination gli sia dovuta&#8221;. Questa percezione, per\u00f2, finirebbe con l&#8217;avvelenare l\u2019eventuale candidatura di Jeb. Nessuno deve mai pensare che sia un risultato dovuto. Jeb deve (se vuole) candidarsi, correre e possibilmente vincere le primarie del Gop. Ma nessun regalo per lui.<\/p>\n<p><a href=\"https:\/\/blog.ilgiornale.it\/sacchelli\/files\/2014\/10\/JebBush1.jpg\"><img loading=\"lazy\" class=\"alignleft size-medium wp-image-1975\" src=\"https:\/\/blog.ilgiornale.it\/sacchelli\/files\/2014\/10\/JebBush1-300x199.jpg\" alt=\"\" width=\"300\" height=\"199\" srcset=\"https:\/\/blog.ilgiornale.it\/sacchelli\/files\/2014\/10\/JebBush1-300x199.jpg 300w, https:\/\/blog.ilgiornale.it\/sacchelli\/files\/2014\/10\/JebBush1-1024x679.jpg 1024w\" sizes=\"(max-width: 300px) 100vw, 300px\" \/><\/a>L&#8217;ex goverantore della Florida che dice? Ha gi\u00e0 fatto sapere che decider\u00e0 entro la fine dell&#8217;anno. Secondo il Nyt\u00a0 i continui discorsi sul suo nome (che Jeb ha consapevolmente alimentato) potrebbero essere studiati ad arte per rafforzare la sua influenza nel partito repubblicano. Ma solo con l&#8217;inizio della corsa potremo vedere di che pasta \u00e8 fatto Jeb. Tenendo conto, ovviamente, di quanto saranno forti (o meno) i suoi sfidanti.<\/p>\n","protected":false},"excerpt":{"rendered":"<p><p>Il New York Times insinua che la mamma di Jeb Bush sia poco convinta della discesa in campo del figlio nella corsa per la Casa Bianca. Ma le sarebbe stato vietato di esprimersi pubblicamente. A spingere alla &#8220;battaglia&#8221; il fratello minore dell&#8217;ultimo presidente repubblicano degli Stati Uniti, George W., c`\u00e8 tutto il clan di famiglia e il loro potente network politico, con la sola eccezione di Barbara. Il padre e il fratello di Jeb, invece, sarebbero i principali sostenitori dell&#8217;idea di perpetuare la dinastia politica dei Bush. George Bush senior ha sempre pensato che Jeb avrebbe avuto un brillante futuro [&hellip;]<\/p>\n&nbsp;&nbsp;<div class=\"readmore\"><a href=\"https:\/\/blog.ilgiornale.it\/sacchelli\/2014\/10\/27\/un-altro-bush-alla-casa-bianca-2\/\">Continua a leggere...<\/a><\/div><\/p>","protected":false},"author":1011,"featured_media":0,"comment_status":"open","ping_status":"closed","sticky":false,"template":"","format":"standard","meta":[],"categories":[64],"tags":[3735,29210],"_links":{"self":[{"href":"https:\/\/blog.ilgiornale.it\/sacchelli\/wp-json\/wp\/v2\/posts\/1972"}],"collection":[{"href":"https:\/\/blog.ilgiornale.it\/sacchelli\/wp-json\/wp\/v2\/posts"}],"about":[{"href":"https:\/\/blog.ilgiornale.it\/sacchelli\/wp-json\/wp\/v2\/types\/post"}],"author":[{"embeddable":true,"href":"https:\/\/blog.ilgiornale.it\/sacchelli\/wp-json\/wp\/v2\/users\/1011"}],"replies":[{"embeddable":true,"href":"https:\/\/blog.ilgiornale.it\/sacchelli\/wp-json\/wp\/v2\/comments?post=1972"}],"version-history":[{"count":5,"href":"https:\/\/blog.ilgiornale.it\/sacchelli\/wp-json\/wp\/v2\/posts\/1972\/revisions"}],"predecessor-version":[{"id":1980,"href":"https:\/\/blog.ilgiornale.it\/sacchelli\/wp-json\/wp\/v2\/posts\/1972\/revisions\/1980"}],"wp:attachment":[{"href":"https:\/\/blog.ilgiornale.it\/sacchelli\/wp-json\/wp\/v2\/media?parent=1972"}],"wp:term":[{"taxonomy":"category","embeddable":true,"href":"https:\/\/blog.ilgiornale.it\/sacchelli\/wp-json\/wp\/v2\/categories?post=1972"},{"taxonomy":"post_tag","embeddable":true,"href":"https:\/\/blog.ilgiornale.it\/sacchelli\/wp-json\/wp\/v2\/tags?post=1972"}],"curies":[{"name":"wp","href":"https:\/\/api.w.org\/{rel}","templated":true}]}}