{"id":2038,"date":"2014-11-26T15:16:47","date_gmt":"2014-11-26T15:16:47","guid":{"rendered":"https:\/\/blog.ilgiornale.it\/sacchelli\/?p=2038"},"modified":"2014-11-26T18:49:18","modified_gmt":"2014-11-26T18:49:18","slug":"immigrati-la-ricetta-di-jeb-bush-e-di-sinistra","status":"publish","type":"post","link":"https:\/\/blog.ilgiornale.it\/sacchelli\/2014\/11\/26\/immigrati-la-ricetta-di-jeb-bush-e-di-sinistra\/","title":{"rendered":"Immigrati, la ricetta di Jeb Bush \u00e8 di sinistra?"},"content":{"rendered":"<p><a href=\"https:\/\/blog.ilgiornale.it\/sacchelli\/files\/2014\/11\/JebBush_Reagan_Library.jpg\"><img loading=\"lazy\" class=\"alignleft size-medium wp-image-2039\" src=\"https:\/\/blog.ilgiornale.it\/sacchelli\/files\/2014\/11\/JebBush_Reagan_Library-300x196.jpg\" alt=\"\" width=\"300\" height=\"196\" srcset=\"https:\/\/blog.ilgiornale.it\/sacchelli\/files\/2014\/11\/JebBush_Reagan_Library-300x196.jpg 300w, https:\/\/blog.ilgiornale.it\/sacchelli\/files\/2014\/11\/JebBush_Reagan_Library.jpg 770w\" sizes=\"(max-width: 300px) 100vw, 300px\" \/><\/a>Al momento \u00e8 uno dei pi\u00f9 forti candidati che il partito repubblicano pu\u00f2 gettare nella mischia per riprendersi la Casa Bianca. Tra poco sapremo se Jeb Bush decider\u00e0 di scendere in campo o meno. Intanto, mentre buona parte della destra americana ancora \u00e8 sdegnata per la decisione di Obama di regolarizzare 5 milioni di clandestini (scavalcando il Congresso), si torna a parlare della politica di <strong>Jeb Bush<\/strong> in materia d&#8217;immigrazione. <em>Il Foglio<\/em> (25\/11\/2914) ripropone ampi stralci di un discorso fatto dall&#8217;ex governatore della Florida l&#8217;8 marzo 2013 alla <a href=\"http:\/\/www.reaganfoundation.org\/\" target=\"_blank\">Ronald Reagan Presidential Library<\/a>. Ne emerge una ricetta sostanzialmente di sinistra: aprire le frontiere per crescere e combattere le diseguaglianze.<\/p>\n<p>Per Jeb Bush la riforma dell&#8217;immigrazione non pu\u00f2 prescindere dall&#8217;esigenza sacrosanta di orientare la crescita.<em> \u201cDobbiamo portare il sistema al passo con il XXI secolo, dove il nostro nome, noto in tutto il mondo, permetta a persone che vogliono raggiungere grandi obiettivi e che hanno grandi aspirazioni di venire e creare opportunit\u00e0 per tutti\u201d<\/em>.<\/p>\n<p>E ancora: <em>\u201cStiamo diventando pi\u00f9 vecchi, il tasso di fertilit\u00e0 \u00e8 sceso drammaticamente e stiamo iniziando ad avere una piramide invertita (pi\u00f9 anziani che giovani) che rende le sfide su assistenza e welfare ancora pi\u00f9 difficili da superare&#8230; La demografia non deve essere una condanna se si riesce a cambiare il corso delle cose, e il percorso che potremmo prendere \u00e8 quello di permettere una riforma strategica delle nostre leggi sull&#8217;immigrazione, in modo da portare qui pi\u00f9 persone giovani e piene di aspirazioni, che porranno rimedio al problema demografico per rendere il nostro sistema assistenziale pi\u00f9 sicuro e per ridare vita all&#8217;economia in modo da rivitalizzare le nostre speranze e i nostri sogni, ma anche da avere un impatto economico immediato sulla crescita&#8230; In America la razza non \u00e8 un segno identificativo dell&#8217;identit\u00e0 nazionale, n\u00e9 pu\u00f2 essere una scusa o un modo di fare politica. <\/em><span style=\"font-family: Times New Roman,serif\"><em>\u00c8<\/em><\/span><em> ci\u00f2 che ci distingue dal mondo. <\/em><span style=\"font-family: Times New Roman,serif\"><em>\u00c8<\/em><\/span><em> il nostro patrimonio che ha creato pi\u00f9 dinamismo e pi\u00f9 innovazione che in qualsiasi nazione sulla faccia della terra&#8230;\u201d<\/em>. E snocciola un dato molto significativo: <em>\u201cIl numero di aziende fondate da americani \u00e8 sceso dal 1996 al 2011. Nello stesso periodo il numero di start-up di immigrati \u00e8 cresciuto del 50%\u201d.<\/em><\/p>\n<p>Dopo aver ribadito la necessit\u00e0 di continuare a combattere l&#8217;immigrazione clandestina, Jeb Bush, ribadisce la necessit\u00e0 di fare il possibile per rendere pi\u00f9 facile l&#8217;ingresso a chi entra legalmente. Spiegandolo in questo modo: <em>\u201cVengono per dare sostegno economico alle loro famiglie. Vengono perch\u00e9 i bambini hanno fame. Vengono perch\u00e9 vogliono una vita migliore per loro e per le loro famiglie&#8230;\u201d.<\/em><\/p>\n<p>Se non \u00e8 un discorso di sinistra questo&#8230; Jeb Bush, per\u00f2, \u00e8 fieramente schierato con i repubblicani, anche se su certi temi (per calcolo o per convinzione) non \u00e8 mai stato troppo schiacciato a destra. Come suo padre e suo fratello ha sempre avuto una particolare attenzione verso le minoranze etniche, in particolare quella ispanica. Riuscir\u00e0 a imporre la propria linea tra i repubblicani, traghettando il Gop verso la nuova America, quella che, oggi come ieri, insegue il proprio <em>American dream<\/em>? Il dibattito \u00e8 aperto. E non \u00e8 pi\u00f9 un tema solo di sinistra.<\/p>\n<p>&#8211; <strong>Reagan Forum with Jeb Bush<\/strong>: <strong><a href=\"http:\/\/www.reaganfoundation.org\/Pasteventdetail.aspx?p=PE40002PE&amp;h1=0&amp;h2=0&amp;sw=&amp;lm=programandevents&amp;args_a=cms&amp;args_b=47&amp;argsb=Y&amp;tx=2855\" target=\"_blank\">guarda il video<\/a><\/strong><\/p>\n<p>&nbsp;<\/p>\n<p>&nbsp;<\/p>\n<p>&nbsp;<\/p>\n","protected":false},"excerpt":{"rendered":"<p><p>Al momento \u00e8 uno dei pi\u00f9 forti candidati che il partito repubblicano pu\u00f2 gettare nella mischia per riprendersi la Casa Bianca. Tra poco sapremo se Jeb Bush decider\u00e0 di scendere in campo o meno. Intanto, mentre buona parte della destra americana ancora \u00e8 sdegnata per la decisione di Obama di regolarizzare 5 milioni di clandestini (scavalcando il Congresso), si torna a parlare della politica di Jeb Bush in materia d&#8217;immigrazione. Il Foglio (25\/11\/2914) ripropone ampi stralci di un discorso fatto dall&#8217;ex governatore della Florida l&#8217;8 marzo 2013 alla Ronald Reagan Presidential Library. Ne emerge una ricetta sostanzialmente di sinistra: aprire [&hellip;]<\/p>\n&nbsp;&nbsp;<div class=\"readmore\"><a href=\"https:\/\/blog.ilgiornale.it\/sacchelli\/2014\/11\/26\/immigrati-la-ricetta-di-jeb-bush-e-di-sinistra\/\">Continua a leggere...<\/a><\/div><\/p>","protected":false},"author":1011,"featured_media":0,"comment_status":"open","ping_status":"closed","sticky":false,"template":"","format":"standard","meta":[],"categories":[2891,64],"tags":[15,29210,29250,29211],"_links":{"self":[{"href":"https:\/\/blog.ilgiornale.it\/sacchelli\/wp-json\/wp\/v2\/posts\/2038"}],"collection":[{"href":"https:\/\/blog.ilgiornale.it\/sacchelli\/wp-json\/wp\/v2\/posts"}],"about":[{"href":"https:\/\/blog.ilgiornale.it\/sacchelli\/wp-json\/wp\/v2\/types\/post"}],"author":[{"embeddable":true,"href":"https:\/\/blog.ilgiornale.it\/sacchelli\/wp-json\/wp\/v2\/users\/1011"}],"replies":[{"embeddable":true,"href":"https:\/\/blog.ilgiornale.it\/sacchelli\/wp-json\/wp\/v2\/comments?post=2038"}],"version-history":[{"count":3,"href":"https:\/\/blog.ilgiornale.it\/sacchelli\/wp-json\/wp\/v2\/posts\/2038\/revisions"}],"predecessor-version":[{"id":2042,"href":"https:\/\/blog.ilgiornale.it\/sacchelli\/wp-json\/wp\/v2\/posts\/2038\/revisions\/2042"}],"wp:attachment":[{"href":"https:\/\/blog.ilgiornale.it\/sacchelli\/wp-json\/wp\/v2\/media?parent=2038"}],"wp:term":[{"taxonomy":"category","embeddable":true,"href":"https:\/\/blog.ilgiornale.it\/sacchelli\/wp-json\/wp\/v2\/categories?post=2038"},{"taxonomy":"post_tag","embeddable":true,"href":"https:\/\/blog.ilgiornale.it\/sacchelli\/wp-json\/wp\/v2\/tags?post=2038"}],"curies":[{"name":"wp","href":"https:\/\/api.w.org\/{rel}","templated":true}]}}