{"id":2048,"date":"2014-12-06T15:09:03","date_gmt":"2014-12-06T15:09:03","guid":{"rendered":"https:\/\/blog.ilgiornale.it\/sacchelli\/?p=2048"},"modified":"2014-12-06T18:44:33","modified_gmt":"2014-12-06T18:44:33","slug":"polizia-razzista-la-svolta-di-obama","status":"publish","type":"post","link":"https:\/\/blog.ilgiornale.it\/sacchelli\/2014\/12\/06\/polizia-razzista-la-svolta-di-obama\/","title":{"rendered":"Polizia razzista? La svolta di Obama"},"content":{"rendered":"<p><a href=\"https:\/\/blog.ilgiornale.it\/sacchelli\/files\/2014\/12\/racial_profiling2.jpg\"><img loading=\"lazy\" class=\"alignleft size-medium wp-image-2050\" src=\"https:\/\/blog.ilgiornale.it\/sacchelli\/files\/2014\/12\/racial_profiling2-300x228.jpg\" alt=\"\" width=\"300\" height=\"228\" srcset=\"https:\/\/blog.ilgiornale.it\/sacchelli\/files\/2014\/12\/racial_profiling2-300x228.jpg 300w, https:\/\/blog.ilgiornale.it\/sacchelli\/files\/2014\/12\/racial_profiling2.jpg 360w\" sizes=\"(max-width: 300px) 100vw, 300px\" \/><\/a>Dopo il &#8220;caso Ferguson&#8221; e quello di New York, con due Grand Jury che hanno deciso di non incriminare i poliziotti rimasti coinvolti nella morte di due afroamericani (<strong>Michael Brown<\/strong> ed <strong>Eric Garner<\/strong>), l&#8217;America \u00e8 una polveriera. La Casa Bianca ha reagito condannando le violenze, di ogni tipo, cercando al contempo di affrontare le tante (troppe) situazioni in cui la rabbia delle comunit\u00e0 nera era esplosa, nei sobborghi ma non solo, a seguito di decisioni a dir poco imbarazzanti, con le autorit\u00e0 che subito si erano schierate dalla parte degli agenti senza neanche imbastire un processo, nel corso del quale potesse emergere tutta la verit\u00e0. In questo modo \u00e8 prevalsa, in pi\u00f9 di un&#8217;occasione, la sensazione che gli agenti godessero di un&#8217;immunit\u00e0 che li proteggeva nei casi di abusi. E si \u00e8 capito che ormai certe pratiche delle forze dell&#8217;ordine sono ai limiti della costituzionalit\u00e0, o per meglio dire, contrarie ai principi base dello stato di diritto. Cos\u00ec Obama ha dato incarico al suo ministro della Giustizia, <strong>Eric Holder<\/strong>, di correre ai ripari. Gli Stati Uniti sono pronti a voltare pagina: basta persone fermate, controllate, perquisite o indagate solo per il colore della pelle. Una svolta antirazzista che si affianca alla gi\u00e0 annunciata stretta sulla polizia. Per la prima volta sul piano nazionale sar\u00e0 messo al bando il cosiddetto &#8220;<strong><a href=\"http:\/\/it.wikipedia.org\/wiki\/Profilazione_razziale\" target=\"_blank\">racial\u00a0profiling<\/a><\/strong>&#8220;, la controversa pratica secondo cui i fattori razziali diventano fondamentali nel configurare (e determinare) l&#8217;intervento da parte delle forze dell&#8217;ordine.<\/p>\n<p>Da sempre le associazioni per la difesa dei diritti civili bollano queste pratiche come illegali. E pi\u00f9 volte il presidente si \u00e8 detto contrario a loro utilizzo, anche se mai \u00e8 stato fatto alcunch\u00e9 di concreto per limitarle. Il concetto di &#8220;profilazione razziale&#8221; &#8211; come sottolinea il <em>Washington Post<\/em> &#8211; sar\u00e0 inoltre esteso in modo da evitare che gli agenti dell&#8217;Fbi, nell&#8217;aprire un&#8217;indagine, possano considerare determinanti anche fattori come la religione e la nazionalit\u00e0 di origine. Restano delle eccezioni, legate alla <strong>lotta al terrorismo<\/strong> e all&#8217;emergenza dell&#8217;<strong>immigrazione<\/strong> <strong>clandestina<\/strong>. Le nuove regole che mettono al bando la profilazione razziale, infatti, non varranno per molti agenti e funzionari dipendenti dal <em>Department of Homeland Security<\/em>, quelli che si occupano dei controlli negli aeroporti o ai confini meridionali degli Stati Uniti. Una decisione questa &#8211; sottolinea il Post &#8211; a cui si \u00e8 arrivati dopo un duro scontro all&#8217;interno dell&#8217;amministrazione, con alcuni alti dirigenti contrari ad esentare gli uomini della <strong><a href=\"http:\/\/www.tsa.gov\/\" target=\"_blank\">Transportation Security Administration<\/a><\/strong> (Tsa) e quelli dello<strong> <a href=\"http:\/\/www.cbp.gov\/\" target=\"_blank\">Us Customs and Border Protection<\/a><\/strong>. Insomma, si \u00e8 deciso che in nome della sicurezza fosse utile mantenere la massima inflessibilit\u00e0-rigidit\u00e0 dei controlli, andando a etichettare come &#8220;possibili terroristi&#8221; coloro che provengono da certe zone del mondo e presentano determinate caratteristiche fisiche. In tutti gli altri casi (le normali operazioni di polizia) Lombroso viene messo al bando.<\/p>\n<p><a href=\"https:\/\/blog.ilgiornale.it\/sacchelli\/files\/2014\/12\/racial_profiling.png\"><img loading=\"lazy\" class=\"alignleft size-medium wp-image-2049\" src=\"https:\/\/blog.ilgiornale.it\/sacchelli\/files\/2014\/12\/racial_profiling-300x200.png\" alt=\"\" width=\"300\" height=\"200\" srcset=\"https:\/\/blog.ilgiornale.it\/sacchelli\/files\/2014\/12\/racial_profiling-300x200.png 300w, https:\/\/blog.ilgiornale.it\/sacchelli\/files\/2014\/12\/racial_profiling.png 675w\" sizes=\"(max-width: 300px) 100vw, 300px\" \/><\/a>La polizia non ci sta a passare per razzista e fa sentire la propria voce, sottolineando che le strade e i quartieri da controllare sono una giungla (solo quest\u2019anno sono morti oltre 100 agenti in servizio). I pericoli ci sono e i poliziotti ne corrono tanti. Cambiare le regole d&#8217;ingaggio, riducendo la possibilit\u00e0 di intervento (e di uso delle armi) dei poliziotti, potrebbe essere molto pericoloso. Un problema complesso e di difficile soluzione, con evidenti implicazioni politiche. Alla fine \u00e8 il buon senso che dovrebbe prevalere, con la punizione di chiunque vada contro la legge, siano essi delinquenti o poliziotti con il grilletto troppo facile.<\/p>\n<p>&nbsp;<\/p>\n","protected":false},"excerpt":{"rendered":"<p><p>Dopo il &#8220;caso Ferguson&#8221; e quello di New York, con due Grand Jury che hanno deciso di non incriminare i poliziotti rimasti coinvolti nella morte di due afroamericani (Michael Brown ed Eric Garner), l&#8217;America \u00e8 una polveriera. La Casa Bianca ha reagito condannando le violenze, di ogni tipo, cercando al contempo di affrontare le tante (troppe) situazioni in cui la rabbia delle comunit\u00e0 nera era esplosa, nei sobborghi ma non solo, a seguito di decisioni a dir poco imbarazzanti, con le autorit\u00e0 che subito si erano schierate dalla parte degli agenti senza neanche imbastire un processo, nel corso del quale [&hellip;]<\/p>\n&nbsp;&nbsp;<div class=\"readmore\"><a href=\"https:\/\/blog.ilgiornale.it\/sacchelli\/2014\/12\/06\/polizia-razzista-la-svolta-di-obama\/\">Continua a leggere...<\/a><\/div><\/p>","protected":false},"author":1011,"featured_media":0,"comment_status":"open","ping_status":"closed","sticky":false,"template":"","format":"standard","meta":[],"categories":[2891,18531],"tags":[56918,56917,56919],"_links":{"self":[{"href":"https:\/\/blog.ilgiornale.it\/sacchelli\/wp-json\/wp\/v2\/posts\/2048"}],"collection":[{"href":"https:\/\/blog.ilgiornale.it\/sacchelli\/wp-json\/wp\/v2\/posts"}],"about":[{"href":"https:\/\/blog.ilgiornale.it\/sacchelli\/wp-json\/wp\/v2\/types\/post"}],"author":[{"embeddable":true,"href":"https:\/\/blog.ilgiornale.it\/sacchelli\/wp-json\/wp\/v2\/users\/1011"}],"replies":[{"embeddable":true,"href":"https:\/\/blog.ilgiornale.it\/sacchelli\/wp-json\/wp\/v2\/comments?post=2048"}],"version-history":[{"count":5,"href":"https:\/\/blog.ilgiornale.it\/sacchelli\/wp-json\/wp\/v2\/posts\/2048\/revisions"}],"predecessor-version":[{"id":2056,"href":"https:\/\/blog.ilgiornale.it\/sacchelli\/wp-json\/wp\/v2\/posts\/2048\/revisions\/2056"}],"wp:attachment":[{"href":"https:\/\/blog.ilgiornale.it\/sacchelli\/wp-json\/wp\/v2\/media?parent=2048"}],"wp:term":[{"taxonomy":"category","embeddable":true,"href":"https:\/\/blog.ilgiornale.it\/sacchelli\/wp-json\/wp\/v2\/categories?post=2048"},{"taxonomy":"post_tag","embeddable":true,"href":"https:\/\/blog.ilgiornale.it\/sacchelli\/wp-json\/wp\/v2\/tags?post=2048"}],"curies":[{"name":"wp","href":"https:\/\/api.w.org\/{rel}","templated":true}]}}