{"id":2078,"date":"2014-12-16T16:04:22","date_gmt":"2014-12-16T16:04:22","guid":{"rendered":"https:\/\/blog.ilgiornale.it\/sacchelli\/?p=2078"},"modified":"2014-12-16T20:44:05","modified_gmt":"2014-12-16T20:44:05","slug":"jeb-bush-si-candida","status":"publish","type":"post","link":"https:\/\/blog.ilgiornale.it\/sacchelli\/2014\/12\/16\/jeb-bush-si-candida\/","title":{"rendered":"Jeb Bush si candida"},"content":{"rendered":"<p><a href=\"https:\/\/blog.ilgiornale.it\/sacchelli\/files\/2014\/12\/JebBush.jpg\"><img loading=\"lazy\" class=\"alignleft size-medium wp-image-2079\" src=\"https:\/\/blog.ilgiornale.it\/sacchelli\/files\/2014\/12\/JebBush-300x154.jpg\" alt=\"\" width=\"300\" height=\"154\" srcset=\"https:\/\/blog.ilgiornale.it\/sacchelli\/files\/2014\/12\/JebBush-300x154.jpg 300w, https:\/\/blog.ilgiornale.it\/sacchelli\/files\/2014\/12\/JebBush.jpg 795w\" sizes=\"(max-width: 300px) 100vw, 300px\" \/><\/a>Non \u00e8 ancora un annuncio ufficiale ma poco ci manca. Jeb Bush ha scritto su Facebook e su Twitter di ragionare seriamente sull\u2019ipotesi di candidarsi alla Casa Bianca. Ancora poche settimane di attesa, dunque, prima che il fratello minore dell\u2019ex presidente George W. (e il figlio di George senior, anche lui ex presidente) annunci di volersi candidare alle primarie del partito dell&#8217;Elefante. La prossime mossa \u00e8 gi\u00e0 programmata: l&#8217;uscita di un libro in cui spiegher\u00e0 la sua filosofia di governo e l&#8217;avvio di un Super Pac che lo aiuter\u00e0 nella fondamentale raccolta fondi. L&#8217;ex governatore della Florida scrive di aver discusso con la sua famiglia,\u00a0 durante le vacanze per il Giorno del Ringraziamento,\u00a0 sul &#8220;futuro del paese&#8221; e la possibilit\u00e0 di candidarsi per il 2016. &#8220;Come risultato di queste discussioni e di un\u2019attenta considerazione della forte leadership di cui ritengo l\u2019America abbia bisogno, ho deciso di esplorare attivamente la possibilit\u00e0 di scendere in campo per la presidenza&#8221; afferma Bush. La portavoce di Bush, Kristy Campbell, sottolinea per\u00f2 che una decisione definitiva non \u00e8 ancora stata presa. In altre parole, Jeb Bush potrebbe anche ripensarci. Ma \u00e8 difficile che ci\u00f2 avvenga. Per prepararsi al grande annuncio aveva gi\u00e0 sondato la sua famiglia (pare che l&#8217;unica contraria alla discesa in campo fosse sua mamma, Barbara) e deciso di pubblicare <a href=\"http:\/\/www.oann.com\/jeb-bush-to-release-emails-from-time-as-florida-governor\/\" target=\"_blank\">250mila e-mail<\/a> di quando era governatore della Florida, per dare un segnale di massima trasparenza sul proprio operato.<\/p>\n<p><strong>Il messaggio di Jeb Bush<\/strong><\/p>\n<p><em>Buon Natale e Felice Hanukkah! Come molti di voi, la nostra famiglia \u00e8 stata benedetta dalla possibilit\u00e0 di riunirsi durante la recente festa del Ringraziamento. Columba (la moglie, ndr) e io siamo cos\u00ec orgogliosi di come sono diventati belli e adulti\u00a0 i nostri figli, e ci \u00e8 piaciuto passare il tempo con i nostri tre carissimi nipoti. Abbiamo condiviso dell&#8217;ottimo cibo e guardato molte partite di football in tv.<\/em><\/p>\n<p><em> Abbiamo anche parlato del futuro della nostra nazione. Come risultato di queste conversazioni e in considerazione del fatto che l&#8217;America ha bisogno di una forte leadership, ho deciso di esplorare attivamente la possibilit\u00e0 di correre per la presidenza degli Stati Uniti. Nel mese di gennaio intendo avviare un (Pac) comitato di azione politica per la raccolta dei fondi e il sostegno di candidati, che mi aiuter\u00e0 a parlare con i cittadini di tutta l&#8217;America per discutere con loro delle sfide pi\u00f9 critiche che deve affrontare la nostra eccezionale nazione. Lo scopo del Pac sar\u00e0 quello di sostenere il leader, le idee e le politiche che possano aumentere opportunit\u00e0 e prosperit\u00e0 per tutti gli americani.<\/em><\/p>\n<p><em> Nei prossimi mesi, spero di incontrare molti di voi e di poter conversare insieme sulla necessit\u00e0 di riportare la speranza dell&#8217;America. Auguri a voi e le vostre famiglie per una felice vacanza. Mi terr\u00f2 in contatto con voi.<\/em><\/p>\n<p>&#8211; <strong><a href=\"https:\/\/blog.ilgiornale.it\/sacchelli\/2014\/11\/06\/usa-alla-destra-serve-un-leader\/\" target=\"_blank\">Chi conquister\u00e0 la leadership dei Repubblicani?<\/a><\/strong><\/p>\n","protected":false},"excerpt":{"rendered":"<p><p>Non \u00e8 ancora un annuncio ufficiale ma poco ci manca. Jeb Bush ha scritto su Facebook e su Twitter di ragionare seriamente sull\u2019ipotesi di candidarsi alla Casa Bianca. Ancora poche settimane di attesa, dunque, prima che il fratello minore dell\u2019ex presidente George W. (e il figlio di George senior, anche lui ex presidente) annunci di volersi candidare alle primarie del partito dell&#8217;Elefante. La prossime mossa \u00e8 gi\u00e0 programmata: l&#8217;uscita di un libro in cui spiegher\u00e0 la sua filosofia di governo e l&#8217;avvio di un Super Pac che lo aiuter\u00e0 nella fondamentale raccolta fondi. L&#8217;ex governatore della Florida scrive di aver [&hellip;]<\/p>\n&nbsp;&nbsp;<div class=\"readmore\"><a href=\"https:\/\/blog.ilgiornale.it\/sacchelli\/2014\/12\/16\/jeb-bush-si-candida\/\">Continua a leggere...<\/a><\/div><\/p>","protected":false},"author":1011,"featured_media":0,"comment_status":"open","ping_status":"closed","sticky":false,"template":"","format":"standard","meta":[],"categories":[64],"tags":[29210,18607,29211],"_links":{"self":[{"href":"https:\/\/blog.ilgiornale.it\/sacchelli\/wp-json\/wp\/v2\/posts\/2078"}],"collection":[{"href":"https:\/\/blog.ilgiornale.it\/sacchelli\/wp-json\/wp\/v2\/posts"}],"about":[{"href":"https:\/\/blog.ilgiornale.it\/sacchelli\/wp-json\/wp\/v2\/types\/post"}],"author":[{"embeddable":true,"href":"https:\/\/blog.ilgiornale.it\/sacchelli\/wp-json\/wp\/v2\/users\/1011"}],"replies":[{"embeddable":true,"href":"https:\/\/blog.ilgiornale.it\/sacchelli\/wp-json\/wp\/v2\/comments?post=2078"}],"version-history":[{"count":9,"href":"https:\/\/blog.ilgiornale.it\/sacchelli\/wp-json\/wp\/v2\/posts\/2078\/revisions"}],"predecessor-version":[{"id":2081,"href":"https:\/\/blog.ilgiornale.it\/sacchelli\/wp-json\/wp\/v2\/posts\/2078\/revisions\/2081"}],"wp:attachment":[{"href":"https:\/\/blog.ilgiornale.it\/sacchelli\/wp-json\/wp\/v2\/media?parent=2078"}],"wp:term":[{"taxonomy":"category","embeddable":true,"href":"https:\/\/blog.ilgiornale.it\/sacchelli\/wp-json\/wp\/v2\/categories?post=2078"},{"taxonomy":"post_tag","embeddable":true,"href":"https:\/\/blog.ilgiornale.it\/sacchelli\/wp-json\/wp\/v2\/tags?post=2078"}],"curies":[{"name":"wp","href":"https:\/\/api.w.org\/{rel}","templated":true}]}}