{"id":2147,"date":"2015-01-07T15:46:00","date_gmt":"2015-01-07T15:46:00","guid":{"rendered":"https:\/\/blog.ilgiornale.it\/sacchelli\/?p=2147"},"modified":"2015-01-07T17:40:19","modified_gmt":"2015-01-07T17:40:19","slug":"charlie-ebdo-usa-vicini-alla-francia","status":"publish","type":"post","link":"https:\/\/blog.ilgiornale.it\/sacchelli\/2015\/01\/07\/charlie-ebdo-usa-vicini-alla-francia\/","title":{"rendered":"Charlie Ebdo, l&#8217;America si stringe alla Francia"},"content":{"rendered":"<p><em><a href=\"https:\/\/blog.ilgiornale.it\/sacchelli\/files\/2015\/01\/JeSuisCharlie.jpg\"><img loading=\"lazy\" class=\"alignleft size-medium wp-image-2154\" src=\"https:\/\/blog.ilgiornale.it\/sacchelli\/files\/2015\/01\/JeSuisCharlie-300x168.jpg\" alt=\"\" width=\"300\" height=\"168\" srcset=\"https:\/\/blog.ilgiornale.it\/sacchelli\/files\/2015\/01\/JeSuisCharlie-300x168.jpg 300w, https:\/\/blog.ilgiornale.it\/sacchelli\/files\/2015\/01\/JeSuisCharlie.jpg 762w\" sizes=\"(max-width: 300px) 100vw, 300px\" \/><\/a><\/em><\/p>\n<p>Sdegno, rabbia e affetto, grande affetto per la Francia. Sono questi i sentimenti pi\u00f9 diffusi negli Stati Uniti dopo il terribile attentato che ha sconvolto Parigi<em>,<\/em> sfregiando la libert\u00e0 di pensiero (e di satira) a colpi di kalashnikov<em>. &#8220;Siamo in contatto con le autorit\u00e0 francesi &#8211; <\/em>ha detto <strong>Barack Obama<\/strong><em> &#8211; e ho chiesto alla mia amministrazione di offrire qualsiasi tipo di assistenza sia necessaria per portare questi terroristi davanti alla giustizia<\/em>&#8220;. La Francia, si legge nel <a href=\"http:\/\/www.whitehouse.gov\/the-press-office\/2015\/01\/07\/statement-president-attack-france\" target=\"_blank\">comunicato della Casa Bianca<\/a>, \u00e8 stata al fianco degli Stati Uniti<em> &#8220;nella lotta contro i terroristi, che minacciano la nostra sicurezza e il mondo. Di volta in volta i francesi hanno difeso i valori universali che diverse generazioni dei nostri cittadini hanno difeso. La Francia, e la magnifica citt\u00e0 di Parigi in cui ha avuto luogo questo sconvolgente attacco, offrono al mondo un esempio senza tempo che durer\u00e0 molto pi\u00f9 dell&#8217;odiosa visione di questi assassini&#8221;<\/em>. E come segno di vicinanza nella lotta per la difesa della libert\u00e0, contro la barbarie del terrorismo, l\u2019ambasciata americana a Parigi ha cambiato la propria icona Twitter utilizzando la scritta <strong>#JeSuisCharlie<\/strong>.<\/p>\n<p>Il segretario di Stato americano, <strong>John Kerry<\/strong>, parlando in francese ha espresso cordoglio e solidariet\u00e0 alla Francia: <em>&#8220;Tutti gli americani sono al fianco dei francesi. Nessun altro Paese sa meglio della Francia che la libert\u00e0 ha un prezzo&#8221;<\/em>, ha sottolineato il capo della diplomazia Usa. <em>&#8220;Non \u00e8 uno scontro tra due civilt\u00e0, ma lo scontro con terroristi che vogliono distruggere la nostra&#8221;. &#8220;Non importa quello che pensate del settimanale, la libert\u00e0 di espressione non pu\u00f2 essere uccisa dal terrore&#8221;<\/em>.<\/p>\n<p>[youtube S3Hyde-W16E]<\/p>\n<p>Anche il segretario generale delle Nazioni unite <strong>Ban Ki-moon<\/strong> ha condannato l&#8217;attacco. <em>&#8220;E&#8217; stato un crimine orrendo, ingiustificabile e a sangue freddo&#8221;, ha detto Ban. &#8220;E&#8217; stato anche &#8211; ha aggiunto &#8211; un assalto diretto a una pietra miliare della democrazia, alla libert\u00e0 di stampa e alla libert\u00e0 d&#8217;espressione&#8221;.<\/em><\/p>\n","protected":false},"excerpt":{"rendered":"<p><p>Sdegno, rabbia e affetto, grande affetto per la Francia. Sono questi i sentimenti pi\u00f9 diffusi negli Stati Uniti dopo il terribile attentato che ha sconvolto Parigi, sfregiando la libert\u00e0 di pensiero (e di satira) a colpi di kalashnikov. &#8220;Siamo in contatto con le autorit\u00e0 francesi &#8211; ha detto Barack Obama &#8211; e ho chiesto alla mia amministrazione di offrire qualsiasi tipo di assistenza sia necessaria per portare questi terroristi davanti alla giustizia&#8220;. La Francia, si legge nel comunicato della Casa Bianca, \u00e8 stata al fianco degli Stati Uniti &#8220;nella lotta contro i terroristi, che minacciano la nostra sicurezza e il [&hellip;]<\/p>\n&nbsp;&nbsp;<div class=\"readmore\"><a href=\"https:\/\/blog.ilgiornale.it\/sacchelli\/2015\/01\/07\/charlie-ebdo-usa-vicini-alla-francia\/\">Continua a leggere...<\/a><\/div><\/p>","protected":false},"author":1011,"featured_media":0,"comment_status":"open","ping_status":"closed","sticky":false,"template":"","format":"standard","meta":[],"categories":[2891],"tags":[62170,62169,62712,146,82],"_links":{"self":[{"href":"https:\/\/blog.ilgiornale.it\/sacchelli\/wp-json\/wp\/v2\/posts\/2147"}],"collection":[{"href":"https:\/\/blog.ilgiornale.it\/sacchelli\/wp-json\/wp\/v2\/posts"}],"about":[{"href":"https:\/\/blog.ilgiornale.it\/sacchelli\/wp-json\/wp\/v2\/types\/post"}],"author":[{"embeddable":true,"href":"https:\/\/blog.ilgiornale.it\/sacchelli\/wp-json\/wp\/v2\/users\/1011"}],"replies":[{"embeddable":true,"href":"https:\/\/blog.ilgiornale.it\/sacchelli\/wp-json\/wp\/v2\/comments?post=2147"}],"version-history":[{"count":8,"href":"https:\/\/blog.ilgiornale.it\/sacchelli\/wp-json\/wp\/v2\/posts\/2147\/revisions"}],"predecessor-version":[{"id":2157,"href":"https:\/\/blog.ilgiornale.it\/sacchelli\/wp-json\/wp\/v2\/posts\/2147\/revisions\/2157"}],"wp:attachment":[{"href":"https:\/\/blog.ilgiornale.it\/sacchelli\/wp-json\/wp\/v2\/media?parent=2147"}],"wp:term":[{"taxonomy":"category","embeddable":true,"href":"https:\/\/blog.ilgiornale.it\/sacchelli\/wp-json\/wp\/v2\/categories?post=2147"},{"taxonomy":"post_tag","embeddable":true,"href":"https:\/\/blog.ilgiornale.it\/sacchelli\/wp-json\/wp\/v2\/tags?post=2147"}],"curies":[{"name":"wp","href":"https:\/\/api.w.org\/{rel}","templated":true}]}}