{"id":2778,"date":"2015-09-20T10:25:17","date_gmt":"2015-09-20T10:25:17","guid":{"rendered":"https:\/\/blog.ilgiornale.it\/sacchelli\/?p=2778"},"modified":"2015-09-20T10:27:58","modified_gmt":"2015-09-20T10:27:58","slug":"donald-trump-e-i-valori-cristiani","status":"publish","type":"post","link":"https:\/\/blog.ilgiornale.it\/sacchelli\/2015\/09\/20\/donald-trump-e-i-valori-cristiani\/","title":{"rendered":"Donald Trump e i valori cristiani"},"content":{"rendered":"<p><a href=\"https:\/\/blog.ilgiornale.it\/sacchelli\/files\/2015\/09\/Trump_comizio.jpg\"><img loading=\"lazy\" class=\"alignleft size-medium wp-image-2779\" src=\"https:\/\/blog.ilgiornale.it\/sacchelli\/files\/2015\/09\/Trump_comizio-300x174.jpg\" alt=\"Trump_comizio\" width=\"300\" height=\"174\" srcset=\"https:\/\/blog.ilgiornale.it\/sacchelli\/files\/2015\/09\/Trump_comizio-300x174.jpg 300w, https:\/\/blog.ilgiornale.it\/sacchelli\/files\/2015\/09\/Trump_comizio.jpg 400w\" sizes=\"(max-width: 300px) 100vw, 300px\" \/><\/a>Dopo un silenzio iniziale, che a qualcuno aveva fatto pensare che <strong><a href=\"https:\/\/blog.ilgiornale.it\/sacchelli\/2015\/09\/18\/hillary-a-trump-su-obama-musulmano-piantala\/\" target=\"_blank\">Hillary Clinton avesse fatto centro<\/a><\/strong>, ora Donald Trump passa al contrattacco e dice la sua sul polverone scatenato dal suo mancato intervento per zittire un sostenitore che, durante un comizio a Rochester, nel New Hampshire, aveva acc<span class=\"hilg1\">usa<\/span>to Obama di essere &#8220;un musulmano&#8221; e &#8220;nemmeno un americano&#8221;. Il miliardario sceglie di rompere il silenzio utilizzando Twitter (non \u00e8 la prima volta che per dichiarazioni importanti usa il cinguettio: &#8220;Sono forse moralmente obbligato a difendere il presidente ogni volta in cui qualcuno dice qualcosa di negativo o di discutibile su di lui? Non penso proprio!&#8221;. Trump non si sofferma sul fatto che l&#8217;attacco al presidente fosse fondato oppure no. Si limita a dire che non era suo dovere intervenire. La butta poi sull&#8217;ironia: &#8220;In vita mia questa \u00e8 la prima volta in cui ho suscitato polemiche per non aver detto qualcosa. Se per\u00f2 qualcuno avesse pronunciato parole malevole o controverse su di me con il presidente, pensate davvero che lui sarebbe accorso in mio aiuto? Non esiste!&#8221;.<\/p>\n<p>Il miliardario candidato repubblicano coglie poi la palla al balzo per esaltare i valori del <strong>cristianesimo<\/strong>, sottolineando in modo implicito che con Obama questi non sono stati abbastanza tutelati: &#8220;In questo Paese, e nel mondo intero, i cristiani hanno bisogno di sostegno, in gioco c&#8217;\u00e8 la loro libert\u00e0 religiosa&#8221;, ha tweettato Trump. &#8220;Obama \u00e8 stato orribile, ma io sar\u00f2 grandioso&#8221;.<\/p>\n<p>La sfida a destra (chi difender\u00e0 meglio i valori cristiani?) \u00e8 lanciata.<\/p>\n<p>&nbsp;<\/p>\n<p>&nbsp;<\/p>\n","protected":false},"excerpt":{"rendered":"<p><p>Dopo un silenzio iniziale, che a qualcuno aveva fatto pensare che Hillary Clinton avesse fatto centro, ora Donald Trump passa al contrattacco e dice la sua sul polverone scatenato dal suo mancato intervento per zittire un sostenitore che, durante un comizio a Rochester, nel New Hampshire, aveva accusato Obama di essere &#8220;un musulmano&#8221; e &#8220;nemmeno un americano&#8221;. Il miliardario sceglie di rompere il silenzio utilizzando Twitter (non \u00e8 la prima volta che per dichiarazioni importanti usa il cinguettio: &#8220;Sono forse moralmente obbligato a difendere il presidente ogni volta in cui qualcuno dice qualcosa di negativo o di discutibile su di [&hellip;]<\/p>\n&nbsp;&nbsp;<div class=\"readmore\"><a href=\"https:\/\/blog.ilgiornale.it\/sacchelli\/2015\/09\/20\/donald-trump-e-i-valori-cristiani\/\">Continua a leggere...<\/a><\/div><\/p>","protected":false},"author":1011,"featured_media":0,"comment_status":"open","ping_status":"closed","sticky":false,"template":"","format":"standard","meta":[],"categories":[64],"tags":[62799,146,29219],"_links":{"self":[{"href":"https:\/\/blog.ilgiornale.it\/sacchelli\/wp-json\/wp\/v2\/posts\/2778"}],"collection":[{"href":"https:\/\/blog.ilgiornale.it\/sacchelli\/wp-json\/wp\/v2\/posts"}],"about":[{"href":"https:\/\/blog.ilgiornale.it\/sacchelli\/wp-json\/wp\/v2\/types\/post"}],"author":[{"embeddable":true,"href":"https:\/\/blog.ilgiornale.it\/sacchelli\/wp-json\/wp\/v2\/users\/1011"}],"replies":[{"embeddable":true,"href":"https:\/\/blog.ilgiornale.it\/sacchelli\/wp-json\/wp\/v2\/comments?post=2778"}],"version-history":[{"count":1,"href":"https:\/\/blog.ilgiornale.it\/sacchelli\/wp-json\/wp\/v2\/posts\/2778\/revisions"}],"predecessor-version":[{"id":2780,"href":"https:\/\/blog.ilgiornale.it\/sacchelli\/wp-json\/wp\/v2\/posts\/2778\/revisions\/2780"}],"wp:attachment":[{"href":"https:\/\/blog.ilgiornale.it\/sacchelli\/wp-json\/wp\/v2\/media?parent=2778"}],"wp:term":[{"taxonomy":"category","embeddable":true,"href":"https:\/\/blog.ilgiornale.it\/sacchelli\/wp-json\/wp\/v2\/categories?post=2778"},{"taxonomy":"post_tag","embeddable":true,"href":"https:\/\/blog.ilgiornale.it\/sacchelli\/wp-json\/wp\/v2\/tags?post=2778"}],"curies":[{"name":"wp","href":"https:\/\/api.w.org\/{rel}","templated":true}]}}