{"id":2806,"date":"2015-09-28T12:59:42","date_gmt":"2015-09-28T12:59:42","guid":{"rendered":"https:\/\/blog.ilgiornale.it\/sacchelli\/?p=2806"},"modified":"2015-09-28T13:00:09","modified_gmt":"2015-09-28T13:00:09","slug":"scende-in-campo-bill-clinton","status":"publish","type":"post","link":"https:\/\/blog.ilgiornale.it\/sacchelli\/2015\/09\/28\/scende-in-campo-bill-clinton\/","title":{"rendered":"Scende in campo Bill Clinton"},"content":{"rendered":"<p><a href=\"https:\/\/blog.ilgiornale.it\/sacchelli\/files\/2015\/09\/Hillary_Bill.jpg\"><img loading=\"lazy\" class=\"alignleft size-medium wp-image-2807\" src=\"https:\/\/blog.ilgiornale.it\/sacchelli\/files\/2015\/09\/Hillary_Bill-300x225.jpg\" alt=\"Hillary_Bill\" width=\"300\" height=\"225\" \/><\/a>Sembra aver perso un po&#8217; di smalto <strong>Hillary Clinton<\/strong>. Di certo il fatto di non avere ancora un rivale definito sul fronte repubblicano non l&#8217;aiuta. Secondo l\u2019ultimo sondaggio <a href=\"http:\/\/www.nbcnews.com\/meet-the-press\/nbc-wsj-poll-2016-gop-race-n433991\" target=\"_blank\">Nbc News\/Wall Street Journal<\/a> l&#8217;ex first lady perde 7 punti percentuali contro il senatore ultra liberal <strong>Bernie Sanders<\/strong>: dal 42% di qualche settimana fa, \u00e8 passata al 35%. Il vicepresidente Usa, Joe Biden, che non ha ancora deciso se candidarsi o meno, ottiene comunque il 7% delle preferenze. E molti si chiedono: se decidesse di correre riuscirebbe a scalzare Hillary dal trono su cui da mesi \u00e8 seduta?<\/p>\n<p>Per rilanciare le chance di Hillary \u00e8 pronto a scendere in campo <strong>Bill Clinton<\/strong>. L&#8217;ex presidente presto assumer\u00e0 un ruolo di maggior peso nella campagna elettorale della moglie. Far\u00e0 sentire in modo pi\u00f9 forte la sua voce e gi\u00e0 in settimana sar\u00e0 impegnato in una serie di eventi di raccolta fondi, uscendo di fatto allo scoperto dopo un avvio di campagna trascorso dietro le quinte. Ancora molto amato dall&#8217;opinione pubblica americana, Bill Clinton diede una mano importante anche nell&#8217;ultima campagna elettorale di Obama, nel 2012.<\/p>\n<p>Sempre secondo il sondaggio citato, tra i Repubblicani si registra un serrato testa a testa tra <strong>Donald Trump<\/strong> e <strong>Ben Carson<\/strong>: il miliardario \u00e8 sempre primo con il 21% dei consensi, ma il neurochirurgo in pensione Carson lo insegue con il 20% delle preferenze. L\u2019ex amministratore delegato di Hp, Carly Fiorina, e il senatore della Florida, Marco Rubio, sono entrambi al terzo posto con l\u201911%; seguono l\u2019ex governatore della Florida, Jeb Bush (7%), il governatore dell\u2019Ohio, John Kasich (6%) e del Texas, Ted Cruz (5%).<\/p>\n","protected":false},"excerpt":{"rendered":"<p><p>Sembra aver perso un po&#8217; di smalto Hillary Clinton. Di certo il fatto di non avere ancora un rivale definito sul fronte repubblicano non l&#8217;aiuta. Secondo l\u2019ultimo sondaggio Nbc News\/Wall Street Journal l&#8217;ex first lady perde 7 punti percentuali contro il senatore ultra liberal Bernie Sanders: dal 42% di qualche settimana fa, \u00e8 passata al 35%. Il vicepresidente Usa, Joe Biden, che non ha ancora deciso se candidarsi o meno, ottiene comunque il 7% delle preferenze. E molti si chiedono: se decidesse di correre riuscirebbe a scalzare Hillary dal trono su cui da mesi \u00e8 seduta? Per rilanciare le chance [&hellip;]<\/p>\n&nbsp;&nbsp;<div class=\"readmore\"><a href=\"https:\/\/blog.ilgiornale.it\/sacchelli\/2015\/09\/28\/scende-in-campo-bill-clinton\/\">Continua a leggere...<\/a><\/div><\/p>","protected":false},"author":1011,"featured_media":0,"comment_status":"open","ping_status":"closed","sticky":false,"template":"","format":"standard","meta":[],"categories":[64],"tags":[62753,29320,18543],"_links":{"self":[{"href":"https:\/\/blog.ilgiornale.it\/sacchelli\/wp-json\/wp\/v2\/posts\/2806"}],"collection":[{"href":"https:\/\/blog.ilgiornale.it\/sacchelli\/wp-json\/wp\/v2\/posts"}],"about":[{"href":"https:\/\/blog.ilgiornale.it\/sacchelli\/wp-json\/wp\/v2\/types\/post"}],"author":[{"embeddable":true,"href":"https:\/\/blog.ilgiornale.it\/sacchelli\/wp-json\/wp\/v2\/users\/1011"}],"replies":[{"embeddable":true,"href":"https:\/\/blog.ilgiornale.it\/sacchelli\/wp-json\/wp\/v2\/comments?post=2806"}],"version-history":[{"count":2,"href":"https:\/\/blog.ilgiornale.it\/sacchelli\/wp-json\/wp\/v2\/posts\/2806\/revisions"}],"predecessor-version":[{"id":2809,"href":"https:\/\/blog.ilgiornale.it\/sacchelli\/wp-json\/wp\/v2\/posts\/2806\/revisions\/2809"}],"wp:attachment":[{"href":"https:\/\/blog.ilgiornale.it\/sacchelli\/wp-json\/wp\/v2\/media?parent=2806"}],"wp:term":[{"taxonomy":"category","embeddable":true,"href":"https:\/\/blog.ilgiornale.it\/sacchelli\/wp-json\/wp\/v2\/categories?post=2806"},{"taxonomy":"post_tag","embeddable":true,"href":"https:\/\/blog.ilgiornale.it\/sacchelli\/wp-json\/wp\/v2\/tags?post=2806"}],"curies":[{"name":"wp","href":"https:\/\/api.w.org\/{rel}","templated":true}]}}