{"id":2908,"date":"2015-10-30T16:38:11","date_gmt":"2015-10-30T16:38:11","guid":{"rendered":"https:\/\/blog.ilgiornale.it\/sacchelli\/?p=2908"},"modified":"2015-10-30T16:59:03","modified_gmt":"2015-10-30T16:59:03","slug":"usa-il-difficile-compito-di-ryan","status":"publish","type":"post","link":"https:\/\/blog.ilgiornale.it\/sacchelli\/2015\/10\/30\/usa-il-difficile-compito-di-ryan\/","title":{"rendered":"Usa, il difficile compito di Ryan"},"content":{"rendered":"<p><a href=\"https:\/\/blog.ilgiornale.it\/sacchelli\/files\/2015\/10\/Paul_Ryan.jpg\"><img loading=\"lazy\" class=\"alignleft size-medium wp-image-2909\" src=\"https:\/\/blog.ilgiornale.it\/sacchelli\/files\/2015\/10\/Paul_Ryan-236x300.jpg\" alt=\"RYAN\" width=\"236\" height=\"300\" srcset=\"https:\/\/blog.ilgiornale.it\/sacchelli\/files\/2015\/10\/Paul_Ryan-236x300.jpg 236w, https:\/\/blog.ilgiornale.it\/sacchelli\/files\/2015\/10\/Paul_Ryan-805x1024.jpg 805w, https:\/\/blog.ilgiornale.it\/sacchelli\/files\/2015\/10\/Paul_Ryan.jpg 1572w\" sizes=\"(max-width: 236px) 100vw, 236px\" \/><\/a>La Camera dei rappresentanti del Congresso Usa ha eletto il nuovo speaker: \u00e8 <strong>Paul Ryan<\/strong> (45 anni), ex candidato alla vicepresidenza con Mitt Romney.\u00a0 Prende il posto di John Boehner, dimessosi il mese scorso. \u00c8 <span style=\"font-family: Times New Roman,serif\">il <\/span>pi\u00f9 giovane speaker mai eletto dal 1869. Il suo \u00e8 un compito difficile: prima di tutto dovr\u00e0 ricucire gli strappi e risolvere il caos all\u2019interno del suo partito (che ha la maggioranza sia alla Camera che al Senato). E al contempo gestire l\u2019agenda politica in accordo con la Casa Bianca, tenendo conto del profondo solco che separa Congresso e amministrazione. A partire dalla riforma sull\u2019immigrazione. Nelle prime parole che ha pronunciato davanti ai deputati, insediandosi come speaker, Ryan ha ammesso che la Camera \u00e8 divisa: &#8220;Non abbiamo risolto i problemi. Anzi, ne abbiamo aggiunto altri. Dobbiamo ricominciare e lavorare insieme&#8221;.<\/p>\n<p>Nel suo nuovo ruolo di &#8220;regista&#8221; dei lavori parlamentari, Ryan fa appello a repubblicani e democratici: &#8220;Lavoriamo insieme come rappresentanti dell\u2019America e non come singoli&#8221;. Un invito non teso ad annullare le differenze ma, quantomeno, a smussare gli angoli: &#8220;Non abbiamo nulla da temere dalle nostre oneste differenze, se avete idee ascoltiamole. Una maggiore chiarezza tra di noi pu\u00f2 portare ad una maggiore comprensione tra di noi&#8221;.<\/p>\n<p>Deputato del Wisconsin dalle ottime doti oratorie (nella convention repubblicana del 2012 il suo discorso colp\u00ec pi\u00f9 di quello di Romney) ha ottenuto un voto quasi unanime: <strong>236 vot<\/strong>i a favore e solo 9 contro tra i rappresentanti della Camera. Il suo nome era iniziato a circolare solo da poche settimane: Ryan inizialmente aveva detto di non voler ricoprire l\u2019incarico, poi per\u00f2 ha dovuto cedere agli appelli (quasi disperati) dei colleghi, che vedevano in lui l&#8217;unica personalit\u00e0 in grado di porre fine alle fratture tra l\u2019ala conservatrice e quella moderata del partito. Ma Ryan \u00e8 davvero cos\u00ec adatto a ricoprire questo delicato compito di ricucitura? I repubblicani credono di s\u00ec, perch\u00e9 condivide posizioni con entrambe le correnti del Gop. E proprio per questo \u00e8 in grado (almeno sulla carta) di mediare. Romney lo scelse come suo vice anche per questo. Gi\u00e0 nel 2012 si parlava di lui come un potenziale futuro candidato alla Casa Bianca. Da speaker della Camera se lavorer\u00e0 bene potr\u00e0 consolidare la propria leadership nella destra Usa. Anche se il ruolo non \u00e8 dei pi\u00f9 &#8220;comodi&#8221;. Ed \u00e8 storicamente dimostrato che logora (vedi Newt Gingrich e lo stesso Boehner, tanto per citare due esempi senza andare troppo indietro nel tempo). &#8220;Paul Ryan \u00e8 la persona giusta per guidare il partito&#8221;, ha detto lo speaker uscente Boehner. &#8220;\u00c8 un innovatore &#8211; ha aggiunto &#8211; concentrato a dare pi\u00f9 opportunit\u00e0 ai cittadini per realizzare il sogno americano e credo che abbia l\u2019abilit\u00e0 per fare questo lavoro&#8221;.<\/p>\n<p><a href=\"https:\/\/blog.ilgiornale.it\/sacchelli\/files\/2015\/10\/Paul_Ryan2.jpg\"><img loading=\"lazy\" class=\"alignleft size-medium wp-image-2910\" src=\"https:\/\/blog.ilgiornale.it\/sacchelli\/files\/2015\/10\/Paul_Ryan2-300x206.jpg\" alt=\"2015 10 29\" width=\"300\" height=\"206\" srcset=\"https:\/\/blog.ilgiornale.it\/sacchelli\/files\/2015\/10\/Paul_Ryan2-300x206.jpg 300w, https:\/\/blog.ilgiornale.it\/sacchelli\/files\/2015\/10\/Paul_Ryan2-1024x704.jpg 1024w, https:\/\/blog.ilgiornale.it\/sacchelli\/files\/2015\/10\/Paul_Ryan2.jpg 2000w\" sizes=\"(max-width: 300px) 100vw, 300px\" \/><\/a>Negli ultimi giorni Ryan ha dissipato i dubbi espressi in passato su alcune sue posizioni che hanno lasciato diffidenti diversi repubblicani. Per esempio, in merito al sostegno ad una revisione della <strong>legge sull\u2019immigrazione<\/strong>, Ryan si \u00e8 gi\u00e0 impegnato a non perseguire alcun progetto di legge a meno di non ottenere l\u2019appoggio di una maggioranza dei repubblicani.<\/p>\n<p>Josh Earnest, portavoce della Casa Bianca, ha detto che un mancato sostegno alla riforma dell\u2019immigrazione &#8220;sarebbe un\u2019occasione mancata&#8221;. Insomma, la battaglia con la Casa Bianca \u00e8 appena iniziata.<\/p>\n","protected":false},"excerpt":{"rendered":"<p><p>La Camera dei rappresentanti del Congresso Usa ha eletto il nuovo speaker: \u00e8 Paul Ryan (45 anni), ex candidato alla vicepresidenza con Mitt Romney.\u00a0 Prende il posto di John Boehner, dimessosi il mese scorso. \u00c8 il pi\u00f9 giovane speaker mai eletto dal 1869. Il suo \u00e8 un compito difficile: prima di tutto dovr\u00e0 ricucire gli strappi e risolvere il caos all\u2019interno del suo partito (che ha la maggioranza sia alla Camera che al Senato). E al contempo gestire l\u2019agenda politica in accordo con la Casa Bianca, tenendo conto del profondo solco che separa Congresso e amministrazione. A partire dalla riforma [&hellip;]<\/p>\n&nbsp;&nbsp;<div class=\"readmore\"><a href=\"https:\/\/blog.ilgiornale.it\/sacchelli\/2015\/10\/30\/usa-il-difficile-compito-di-ryan\/\">Continua a leggere...<\/a><\/div><\/p>","protected":false},"author":1011,"featured_media":0,"comment_status":"open","ping_status":"closed","sticky":false,"template":"","format":"standard","meta":[],"categories":[64],"tags":[62821,29250,62822],"_links":{"self":[{"href":"https:\/\/blog.ilgiornale.it\/sacchelli\/wp-json\/wp\/v2\/posts\/2908"}],"collection":[{"href":"https:\/\/blog.ilgiornale.it\/sacchelli\/wp-json\/wp\/v2\/posts"}],"about":[{"href":"https:\/\/blog.ilgiornale.it\/sacchelli\/wp-json\/wp\/v2\/types\/post"}],"author":[{"embeddable":true,"href":"https:\/\/blog.ilgiornale.it\/sacchelli\/wp-json\/wp\/v2\/users\/1011"}],"replies":[{"embeddable":true,"href":"https:\/\/blog.ilgiornale.it\/sacchelli\/wp-json\/wp\/v2\/comments?post=2908"}],"version-history":[{"count":3,"href":"https:\/\/blog.ilgiornale.it\/sacchelli\/wp-json\/wp\/v2\/posts\/2908\/revisions"}],"predecessor-version":[{"id":2913,"href":"https:\/\/blog.ilgiornale.it\/sacchelli\/wp-json\/wp\/v2\/posts\/2908\/revisions\/2913"}],"wp:attachment":[{"href":"https:\/\/blog.ilgiornale.it\/sacchelli\/wp-json\/wp\/v2\/media?parent=2908"}],"wp:term":[{"taxonomy":"category","embeddable":true,"href":"https:\/\/blog.ilgiornale.it\/sacchelli\/wp-json\/wp\/v2\/categories?post=2908"},{"taxonomy":"post_tag","embeddable":true,"href":"https:\/\/blog.ilgiornale.it\/sacchelli\/wp-json\/wp\/v2\/tags?post=2908"}],"curies":[{"name":"wp","href":"https:\/\/api.w.org\/{rel}","templated":true}]}}