{"id":3167,"date":"2016-01-13T07:00:45","date_gmt":"2016-01-13T07:00:45","guid":{"rendered":"https:\/\/blog.ilgiornale.it\/sacchelli\/?p=3167"},"modified":"2016-01-13T08:52:56","modified_gmt":"2016-01-13T08:52:56","slug":"rivedi-il-discorso-di-obama","status":"publish","type":"post","link":"https:\/\/blog.ilgiornale.it\/sacchelli\/2016\/01\/13\/rivedi-il-discorso-di-obama\/","title":{"rendered":"Rivedi il discorso di Obama"},"content":{"rendered":"<p><a href=\"https:\/\/blog.ilgiornale.it\/sacchelli\/files\/2016\/01\/obama_congresso.jpg\"><img loading=\"lazy\" class=\"alignleft size-medium wp-image-3168\" src=\"https:\/\/blog.ilgiornale.it\/sacchelli\/files\/2016\/01\/obama_congresso-300x183.jpg\" alt=\"obama_congresso\" width=\"300\" height=\"183\" srcset=\"https:\/\/blog.ilgiornale.it\/sacchelli\/files\/2016\/01\/obama_congresso-300x183.jpg 300w, https:\/\/blog.ilgiornale.it\/sacchelli\/files\/2016\/01\/obama_congresso.jpg 655w\" sizes=\"(max-width: 300px) 100vw, 300px\" \/><\/a>L&#8217;America \u00e8 forte. Chi sostiene il contrario &#8220;vende fiction&#8221;. Ogni riferimento ai repubblicani \u00e8 voluto. Anche se Obama non cita mai gli avversari. Il presidente parla al Congresso nel suo ultimo discorso sullo stato dell&#8217;Unione. Una sorta di testamento politico.\u00a0 Gli Stati Uniti, afferma, restano di gran lunga il Paese pi\u00f9 forte della Terra: l&#8217;economia va meglio di ogni altra e persino il terrorismo &#8220;non rappresenta una minaccia esistenziale per la nostra nazione&#8221;. Anche se va combattuto con ogni mezzo.<span class=\"Apple-converted-space\"><br \/>\n<\/span><\/p>\n<p>Il giudizio su Obama lo daranno gli americani, a partire dalla prossime elezioni, anche se lui non correr\u00e0. Un giudizio ancora pi\u00f9 importante lo dar\u00e0 la storia. Ma per questo occorrer\u00e0 aspettare qualche decennio. Obama si dice soddisfatto dei risultati ottenuti. &#8220;Negli ultimi sette anni abbiamo fatto tanti progressi. Ma dobbiamo fare di pi\u00f9&#8221;. In questo anno scarso che gli rimane, alla Casa Bianca, tende la mano ai repubblicani, sottolineando come nonostante gli scontri politici degli ultimi anni &#8220;ci sono alcune aree su cui gli americani sono ampiamente d&#8217;accordo&#8221;.<span class=\"Apple-converted-space\"> Insomma, qualche riforma insieme si pu\u00f2 fare.<br \/>\n<\/span><\/p>\n<p>Nel suo ultimo intervento di fronte al Congresso riunito in seduta comune Obama fa un riferimento, neanche troppo velato, a Donald Trump. &#8220;Quando i politici insultano i musulmani, quando una moschea viene vandalizzata, quando un bambino \u00e8 vittima dei bulli, questo non ci rende pi\u00f9 sicuri, questo non mostra i nostri valori&#8221;. E ancora: &#8220;Tutto questo non solo \u00e8 sbagliato, ma ci diminuisce agli occhi del mondo, rende pi\u00f9 difficile raggiungere i nostri obiettivi. E tradisce i valori del nostro Paese&#8221;. E in un insolito spot elettorale esorta gli americani, al prossimo appuntamento elettorale, a &#8220;rifiutare ogni politica che attacca i singoli individui per la loro razza o religione&#8221;. Questo, sottolinea, va fatto non &#8220;in nome del political correct&#8221;, ma per rispettare i valori che &#8220;fanno grande l&#8217;America&#8221;. &#8220;Il mondo ci rispetta non solo per il nostro arsenale ma per la nostra diversit\u00e0 ed apertura culturale e per il modo in cui rispettiamo ogni credo religioso&#8221;. E cita papa Francesco, nel suo discorso al Congresso del settembre scorso: &#8220;Imitare l&#8217;odio e la violenza dei tiranni e degli assassini \u00e8 il modo migliore per prendere il loro posto&#8221;.<span class=\"Apple-converted-space\"><br \/>\n<\/span><\/p>\n<p><strong>Rivedi tutto il discorso di Obama al Congresso<br \/>\n<\/strong><\/p>\n<p>[youtube wuI0fP4kc64]<\/p>\n<p><strong>La risposta dei Repubblicani: discorso di Nikki Haley<\/strong><\/p>\n<p>[youtube GVbR6FzwM38]<\/p>\n","protected":false},"excerpt":{"rendered":"<p><p>L&#8217;America \u00e8 forte. Chi sostiene il contrario &#8220;vende fiction&#8221;. Ogni riferimento ai repubblicani \u00e8 voluto. Anche se Obama non cita mai gli avversari. Il presidente parla al Congresso nel suo ultimo discorso sullo stato dell&#8217;Unione. Una sorta di testamento politico.\u00a0 Gli Stati Uniti, afferma, restano di gran lunga il Paese pi\u00f9 forte della Terra: l&#8217;economia va meglio di ogni altra e persino il terrorismo &#8220;non rappresenta una minaccia esistenziale per la nostra nazione&#8221;. Anche se va combattuto con ogni mezzo. Il giudizio su Obama lo daranno gli americani, a partire dalla prossime elezioni, anche se lui non correr\u00e0. Un giudizio [&hellip;]<\/p>\n&nbsp;&nbsp;<div class=\"readmore\"><a href=\"https:\/\/blog.ilgiornale.it\/sacchelli\/2016\/01\/13\/rivedi-il-discorso-di-obama\/\">Continua a leggere...<\/a><\/div><\/p>","protected":false},"author":1011,"featured_media":0,"comment_status":"open","ping_status":"closed","sticky":false,"template":"","format":"standard","meta":[],"categories":[64],"tags":[111556,146],"_links":{"self":[{"href":"https:\/\/blog.ilgiornale.it\/sacchelli\/wp-json\/wp\/v2\/posts\/3167"}],"collection":[{"href":"https:\/\/blog.ilgiornale.it\/sacchelli\/wp-json\/wp\/v2\/posts"}],"about":[{"href":"https:\/\/blog.ilgiornale.it\/sacchelli\/wp-json\/wp\/v2\/types\/post"}],"author":[{"embeddable":true,"href":"https:\/\/blog.ilgiornale.it\/sacchelli\/wp-json\/wp\/v2\/users\/1011"}],"replies":[{"embeddable":true,"href":"https:\/\/blog.ilgiornale.it\/sacchelli\/wp-json\/wp\/v2\/comments?post=3167"}],"version-history":[{"count":3,"href":"https:\/\/blog.ilgiornale.it\/sacchelli\/wp-json\/wp\/v2\/posts\/3167\/revisions"}],"predecessor-version":[{"id":3171,"href":"https:\/\/blog.ilgiornale.it\/sacchelli\/wp-json\/wp\/v2\/posts\/3167\/revisions\/3171"}],"wp:attachment":[{"href":"https:\/\/blog.ilgiornale.it\/sacchelli\/wp-json\/wp\/v2\/media?parent=3167"}],"wp:term":[{"taxonomy":"category","embeddable":true,"href":"https:\/\/blog.ilgiornale.it\/sacchelli\/wp-json\/wp\/v2\/categories?post=3167"},{"taxonomy":"post_tag","embeddable":true,"href":"https:\/\/blog.ilgiornale.it\/sacchelli\/wp-json\/wp\/v2\/tags?post=3167"}],"curies":[{"name":"wp","href":"https:\/\/api.w.org\/{rel}","templated":true}]}}