{"id":317,"date":"2013-03-11T16:06:29","date_gmt":"2013-03-11T16:06:29","guid":{"rendered":"https:\/\/blog.ilgiornale.it\/sacchelli\/?p=317"},"modified":"2013-03-11T16:06:29","modified_gmt":"2013-03-11T16:06:29","slug":"armi-e-guerra-sui-numeri","status":"publish","type":"post","link":"https:\/\/blog.ilgiornale.it\/sacchelli\/2013\/03\/11\/armi-e-guerra-sui-numeri\/","title":{"rendered":"Armi, \u00e8 guerra sui numeri"},"content":{"rendered":"<p>Secondo un rapporto di <strong><a href=\"http:\/\/www3.norc.org\/gss+website\/\" target=\"_blank\">General Social Survey<\/a><\/strong> (effettuato ogni due anni da circa quattro decenni) il numero di abitazioni americane in cui \u00e8 presente una pistola \u00e8 sceso dal 50% degli anni Settanta e Ottanta al 43% negli anni Novanta, fino al 35% negli anni 2000. Nel 2012, i cittadini con un\u2019arma da fuoco in casa erano il 34%. Ma il dato per certi versi pi\u00f9 sorprendente \u00e8 che il calo riguarda anche gli Stati del Sud e quelli del Far West, dove la cultura di pistole e fucili \u00e8 fortemente radicata. Questi dati contrastano con quelli, emersi dopo la strage alla scuola elementare Sandy Hook di <strong>Newtown<\/strong>, in Connecticut, che evidenziavano un vero e proprio boom nella<br \/>\nvendita di armi. Ma secondo gli esperti questa discrepanza potrebbe avere una spiegazione: non sta aumentando il numero degli acquirenti per il semplice motivo che chi \u00e8 gi\u00e0 proprietario di pistole e fucili ne sta comprando di pi\u00f9. &#8220;Credo che l\u2019aumento delle vendite sia limitata agli attuali possessori, che stanno comprando sempre pi\u00f9 armi &#8211; ha spiegato al <em>New York Times<\/em> Daniel Webster, direttore del <a href=\"http:\/\/www.jhsph.edu\/research\/centers-and-institutes\/johns-hopkins-center-for-gun-policy-and-research\/\" target=\"_blank\">Johns Hopkins Center for Gun Policy and Research<\/a> -. Le indagini pi\u00f9 affidabili indicano che nel tempo si \u00e8 verificato un calo della percentuale di famiglie che possiedono una pistola&#8221;. Resta molto scettica sui risultati della ricerca la National Rifle Associtation (Nra), potentissima lobby delle armi. Secondo la Nra i numeri sulle vendite sono in forte aumento, cos\u00ec come le persone che frequentano corsi per imparare a sparare. Come si pu\u00f2 facilmente intuire \u00e8 guerra di numeri.<\/p>\n","protected":false},"excerpt":{"rendered":"<p><p>Secondo un rapporto di General Social Survey (effettuato ogni due anni da circa quattro decenni) il numero di abitazioni americane in cui \u00e8 presente una pistola \u00e8 sceso dal 50% degli anni Settanta e Ottanta al 43% negli anni Novanta, fino al 35% negli anni 2000. Nel 2012, i cittadini con un\u2019arma da fuoco in casa erano il 34%. Ma il dato per certi versi pi\u00f9 sorprendente \u00e8 che il calo riguarda anche gli Stati del Sud e quelli del Far West, dove la cultura di pistole e fucili \u00e8 fortemente radicata. Questi dati contrastano con quelli, emersi dopo la [&hellip;]<\/p>\n&nbsp;&nbsp;<div class=\"readmore\"><a href=\"https:\/\/blog.ilgiornale.it\/sacchelli\/2013\/03\/11\/armi-e-guerra-sui-numeri\/\">Continua a leggere...<\/a><\/div><\/p>","protected":false},"author":1011,"featured_media":0,"comment_status":"open","ping_status":"closed","sticky":false,"template":"","format":"standard","meta":[],"categories":[2891],"tags":[18534,18626,18625],"_links":{"self":[{"href":"https:\/\/blog.ilgiornale.it\/sacchelli\/wp-json\/wp\/v2\/posts\/317"}],"collection":[{"href":"https:\/\/blog.ilgiornale.it\/sacchelli\/wp-json\/wp\/v2\/posts"}],"about":[{"href":"https:\/\/blog.ilgiornale.it\/sacchelli\/wp-json\/wp\/v2\/types\/post"}],"author":[{"embeddable":true,"href":"https:\/\/blog.ilgiornale.it\/sacchelli\/wp-json\/wp\/v2\/users\/1011"}],"replies":[{"embeddable":true,"href":"https:\/\/blog.ilgiornale.it\/sacchelli\/wp-json\/wp\/v2\/comments?post=317"}],"version-history":[{"count":1,"href":"https:\/\/blog.ilgiornale.it\/sacchelli\/wp-json\/wp\/v2\/posts\/317\/revisions"}],"predecessor-version":[{"id":318,"href":"https:\/\/blog.ilgiornale.it\/sacchelli\/wp-json\/wp\/v2\/posts\/317\/revisions\/318"}],"wp:attachment":[{"href":"https:\/\/blog.ilgiornale.it\/sacchelli\/wp-json\/wp\/v2\/media?parent=317"}],"wp:term":[{"taxonomy":"category","embeddable":true,"href":"https:\/\/blog.ilgiornale.it\/sacchelli\/wp-json\/wp\/v2\/categories?post=317"},{"taxonomy":"post_tag","embeddable":true,"href":"https:\/\/blog.ilgiornale.it\/sacchelli\/wp-json\/wp\/v2\/tags?post=317"}],"curies":[{"name":"wp","href":"https:\/\/api.w.org\/{rel}","templated":true}]}}