{"id":325,"date":"2013-03-14T21:53:13","date_gmt":"2013-03-14T21:53:13","guid":{"rendered":"https:\/\/blog.ilgiornale.it\/sacchelli\/?p=325"},"modified":"2013-03-14T21:53:13","modified_gmt":"2013-03-14T21:53:13","slug":"yoani-sanchez-negli-usa","status":"publish","type":"post","link":"https:\/\/blog.ilgiornale.it\/sacchelli\/2013\/03\/14\/yoani-sanchez-negli-usa\/","title":{"rendered":"Yoani Sanchez negli Usa"},"content":{"rendered":"<p>Yoani Sanchez \u00e8 negli Stati Uniti. La 37enne blogger cubana, diventata famosa in tutto il mondo per essere una delle voci pi\u00f9 critiche del regime comunista cubano con il suo blog &#8220;<strong><a href=\"http:\/\/www.desdecuba.com\/generaciony\/\" target=\"_blank\">Generacion Y<\/a><\/strong>&#8220;, parler\u00e0 alla New York University e alla Columbia University. La settimana prossima, a Washington, sar\u00e0 ricevuta da alcuni membri del Congresso. La tappa negli Stati Uniti fa parte di un tour di 80 giorni in giro per il mondo iniziato il mese scorso dalla Sanchez, dopo che le autorit\u00e0 cubane le hanno rilasciato il passaporto. La prima tappa \u00e8 stata in Brasile. ra i vari Paesi in lista c&#8217;\u00e9 anche l&#8217;Italia. &#8220;Dovevo a me stessa questo viaggio &#8211; ha detto al Washington Post &#8211; per recuperare un po&#8217; di quello che mi \u00e8 stato negato dal mio governo&#8221;.<\/p>\n","protected":false},"excerpt":{"rendered":"<p><p>Yoani Sanchez \u00e8 negli Stati Uniti. La 37enne blogger cubana, diventata famosa in tutto il mondo per essere una delle voci pi\u00f9 critiche del regime comunista cubano con il suo blog &#8220;Generacion Y&#8220;, parler\u00e0 alla New York University e alla Columbia University. La settimana prossima, a Washington, sar\u00e0 ricevuta da alcuni membri del Congresso. La tappa negli Stati Uniti fa parte di un tour di 80 giorni in giro per il mondo iniziato il mese scorso dalla Sanchez, dopo che le autorit\u00e0 cubane le hanno rilasciato il passaporto. La prima tappa \u00e8 stata in Brasile. ra i vari Paesi in [&hellip;]<\/p>\n&nbsp;&nbsp;<div class=\"readmore\"><a href=\"https:\/\/blog.ilgiornale.it\/sacchelli\/2013\/03\/14\/yoani-sanchez-negli-usa\/\">Continua a leggere...<\/a><\/div><\/p>","protected":false},"author":1011,"featured_media":0,"comment_status":"open","ping_status":"closed","sticky":false,"template":"","format":"standard","meta":[],"categories":[2891],"tags":[18630],"_links":{"self":[{"href":"https:\/\/blog.ilgiornale.it\/sacchelli\/wp-json\/wp\/v2\/posts\/325"}],"collection":[{"href":"https:\/\/blog.ilgiornale.it\/sacchelli\/wp-json\/wp\/v2\/posts"}],"about":[{"href":"https:\/\/blog.ilgiornale.it\/sacchelli\/wp-json\/wp\/v2\/types\/post"}],"author":[{"embeddable":true,"href":"https:\/\/blog.ilgiornale.it\/sacchelli\/wp-json\/wp\/v2\/users\/1011"}],"replies":[{"embeddable":true,"href":"https:\/\/blog.ilgiornale.it\/sacchelli\/wp-json\/wp\/v2\/comments?post=325"}],"version-history":[{"count":1,"href":"https:\/\/blog.ilgiornale.it\/sacchelli\/wp-json\/wp\/v2\/posts\/325\/revisions"}],"predecessor-version":[{"id":326,"href":"https:\/\/blog.ilgiornale.it\/sacchelli\/wp-json\/wp\/v2\/posts\/325\/revisions\/326"}],"wp:attachment":[{"href":"https:\/\/blog.ilgiornale.it\/sacchelli\/wp-json\/wp\/v2\/media?parent=325"}],"wp:term":[{"taxonomy":"category","embeddable":true,"href":"https:\/\/blog.ilgiornale.it\/sacchelli\/wp-json\/wp\/v2\/categories?post=325"},{"taxonomy":"post_tag","embeddable":true,"href":"https:\/\/blog.ilgiornale.it\/sacchelli\/wp-json\/wp\/v2\/tags?post=325"}],"curies":[{"name":"wp","href":"https:\/\/api.w.org\/{rel}","templated":true}]}}