{"id":3317,"date":"2016-03-23T15:52:31","date_gmt":"2016-03-23T15:52:31","guid":{"rendered":"https:\/\/blog.ilgiornale.it\/sacchelli\/?p=3317"},"modified":"2016-03-23T15:52:31","modified_gmt":"2016-03-23T15:52:31","slug":"jeb-bush-sta-con-cruz","status":"publish","type":"post","link":"https:\/\/blog.ilgiornale.it\/sacchelli\/2016\/03\/23\/jeb-bush-sta-con-cruz\/","title":{"rendered":"Jeb Bush sta con Cruz"},"content":{"rendered":"<p><strong><a href=\"https:\/\/blog.ilgiornale.it\/sacchelli\/files\/2016\/03\/JebBush_TedCruz.jpg\"><img loading=\"lazy\" class=\"alignleft size-medium wp-image-3318\" src=\"https:\/\/blog.ilgiornale.it\/sacchelli\/files\/2016\/03\/JebBush_TedCruz-300x225.jpg\" alt=\"Ted Cruz, Jeb Bush\" width=\"300\" height=\"225\" srcset=\"https:\/\/blog.ilgiornale.it\/sacchelli\/files\/2016\/03\/JebBush_TedCruz-300x225.jpg 300w, https:\/\/blog.ilgiornale.it\/sacchelli\/files\/2016\/03\/JebBush_TedCruz-1024x768.jpg 1024w, https:\/\/blog.ilgiornale.it\/sacchelli\/files\/2016\/03\/JebBush_TedCruz.jpg 1280w\" sizes=\"(max-width: 300px) 100vw, 300px\" \/><\/a>Jeb<span class=\"Apple-converted-space\">\u00a0<\/span><span class=\"hilg1\">Bush<\/span><\/strong><span class=\"Apple-converted-space\">\u00a0<\/span>si schiera con Ted Cruz per la corsa alla Casa Bianca. L&#8217;ex governatore della Florida ha ufficializzato il proprio endorsement al senatore del Texas: &#8220;Per la salvezza del nostro partito &#8211; ha detto &#8211; dobbiamo superare la volgarit\u00e0 che Donald Trump ha portato nell&#8217;area politica&#8221;. Un sostegno tuttaltro che scontato, visto che Bush rappresenta l&#8217;ala moderata del Grand Old Party, mentre <strong>Ted Cruz<\/strong>, paladino dei <strong>Tea Party<\/strong>, ha sempre incarnato l&#8217;anima pi\u00f9 conservatrice del partito. Ma a mali estremi, estremi rimedi. Se l&#8217;obiettivo (comune) \u00e8 fermare Trump, si pu\u00f2 mandare gi\u00f9 l&#8217;amaro calice.\u00a0 &#8220;Ted \u00e8 un conservatore di sostanza e di principi &#8211; ha detto Bush &#8211; che ha dimostrato l&#8217;abilit\u00e0 nell&#8217;attrarre elettori e vincere primarie, tra cui quella di ieri nel caucus dello Utah. I Repubblicani possono riconquistare la Casa Bianca&#8221;, ha assicurato l&#8217;ex governatore della Florida, se sosterranno &#8220;un candidato che pu\u00f2 unire il partito&#8221; contro &#8220;le divisioni e la volgarit\u00e0 che Donald Trump ha portato nell&#8217;arena politica&#8221;. Il mese scorso aveva sorpreso l&#8217;endorsement a Trump di <strong>Chris Christie<\/strong>, altro candidato &#8220;moderato&#8221; del Gop. Marco Rubio aveva sperato di ricevere il sostegno di Bush, ma questi si \u00e8 sentito tradito dal suo ex &#8220;delfino&#8221; (i due si sono spesso punzecchiati nelle fasi iniziali della campagna elettorale) e non ha aperto bocca prima del voto decisivo in Florida, che ha sancito la definitiva uscita di scena del senatore di origini cubane.<\/p>\n<p>Forte del sostegno ricevuto Cruz ha mostrato i muscoli: &#8220;Posso battere Hillary Clinton&#8221;. Ed ha subito tenuto a far sapere che <span class=\"hilg1\">Bush<\/span><span class=\"Apple-converted-space\">\u00a0<\/span>potrebbe avere un posto nella sua squadra alla Casa Bianca: &#8220;Sarebbe un&#8217;importante aggiunta all&#8217;amministrazione&#8221;. Un segnale, questo, che certi interessi sarebbero garantiti.<\/p>\n<p>L&#8217;endorsement di<span class=\"Apple-converted-space\">\u00a0<\/span><span class=\"hilg1\">Bush<\/span><span class=\"Apple-converted-space\">\u00a0<\/span>arriva dopo che Cruz ha vinto 40 delegati ieri nei caucus in Utah, arrivando a 465 delegati contro i 739 di Trump (<strong><a href=\"https:\/\/www.ilgiornale.it\/news\/mondo\/trump-e-clinton-vincono-arizona-voto-anche-idaho-e-utah-1238344.html\" target=\"_blank\">leggi l&#8217;articolo<\/a><\/strong>). Il &#8220;magic number&#8221; che garantisce la nomination \u00e8 1237.<\/p>\n<p>&nbsp;<\/p>\n","protected":false},"excerpt":{"rendered":"<p><p>Jeb\u00a0Bush\u00a0si schiera con Ted Cruz per la corsa alla Casa Bianca. L&#8217;ex governatore della Florida ha ufficializzato il proprio endorsement al senatore del Texas: &#8220;Per la salvezza del nostro partito &#8211; ha detto &#8211; dobbiamo superare la volgarit\u00e0 che Donald Trump ha portato nell&#8217;area politica&#8221;. Un sostegno tuttaltro che scontato, visto che Bush rappresenta l&#8217;ala moderata del Grand Old Party, mentre Ted Cruz, paladino dei Tea Party, ha sempre incarnato l&#8217;anima pi\u00f9 conservatrice del partito. Ma a mali estremi, estremi rimedi. Se l&#8217;obiettivo (comune) \u00e8 fermare Trump, si pu\u00f2 mandare gi\u00f9 l&#8217;amaro calice.\u00a0 &#8220;Ted \u00e8 un conservatore di sostanza e [&hellip;]<\/p>\n&nbsp;&nbsp;<div class=\"readmore\"><a href=\"https:\/\/blog.ilgiornale.it\/sacchelli\/2016\/03\/23\/jeb-bush-sta-con-cruz\/\">Continua a leggere...<\/a><\/div><\/p>","protected":false},"author":1011,"featured_media":0,"comment_status":"open","ping_status":"closed","sticky":false,"template":"","format":"standard","meta":[],"categories":[64],"tags":[62770,47393,29210,18607,29411],"_links":{"self":[{"href":"https:\/\/blog.ilgiornale.it\/sacchelli\/wp-json\/wp\/v2\/posts\/3317"}],"collection":[{"href":"https:\/\/blog.ilgiornale.it\/sacchelli\/wp-json\/wp\/v2\/posts"}],"about":[{"href":"https:\/\/blog.ilgiornale.it\/sacchelli\/wp-json\/wp\/v2\/types\/post"}],"author":[{"embeddable":true,"href":"https:\/\/blog.ilgiornale.it\/sacchelli\/wp-json\/wp\/v2\/users\/1011"}],"replies":[{"embeddable":true,"href":"https:\/\/blog.ilgiornale.it\/sacchelli\/wp-json\/wp\/v2\/comments?post=3317"}],"version-history":[{"count":1,"href":"https:\/\/blog.ilgiornale.it\/sacchelli\/wp-json\/wp\/v2\/posts\/3317\/revisions"}],"predecessor-version":[{"id":3319,"href":"https:\/\/blog.ilgiornale.it\/sacchelli\/wp-json\/wp\/v2\/posts\/3317\/revisions\/3319"}],"wp:attachment":[{"href":"https:\/\/blog.ilgiornale.it\/sacchelli\/wp-json\/wp\/v2\/media?parent=3317"}],"wp:term":[{"taxonomy":"category","embeddable":true,"href":"https:\/\/blog.ilgiornale.it\/sacchelli\/wp-json\/wp\/v2\/categories?post=3317"},{"taxonomy":"post_tag","embeddable":true,"href":"https:\/\/blog.ilgiornale.it\/sacchelli\/wp-json\/wp\/v2\/tags?post=3317"}],"curies":[{"name":"wp","href":"https:\/\/api.w.org\/{rel}","templated":true}]}}