{"id":3367,"date":"2016-05-12T16:29:59","date_gmt":"2016-05-12T16:29:59","guid":{"rendered":"https:\/\/blog.ilgiornale.it\/sacchelli\/?p=3367"},"modified":"2016-05-12T16:29:59","modified_gmt":"2016-05-12T16:29:59","slug":"paul-ryan-trump-prove-di-pace","status":"publish","type":"post","link":"https:\/\/blog.ilgiornale.it\/sacchelli\/2016\/05\/12\/paul-ryan-trump-prove-di-pace\/","title":{"rendered":"Paul Ryan-Trump, prove di pace"},"content":{"rendered":"<p><a href=\"https:\/\/blog.ilgiornale.it\/sacchelli\/files\/2016\/05\/paulryan.jpg\"><img loading=\"lazy\" class=\"alignleft size-medium wp-image-3368\" src=\"https:\/\/blog.ilgiornale.it\/sacchelli\/files\/2016\/05\/paulryan-300x173.jpg\" alt=\"paulryan\" width=\"300\" height=\"173\" srcset=\"https:\/\/blog.ilgiornale.it\/sacchelli\/files\/2016\/05\/paulryan-300x173.jpg 300w, https:\/\/blog.ilgiornale.it\/sacchelli\/files\/2016\/05\/paulryan.jpg 979w\" sizes=\"(max-width: 300px) 100vw, 300px\" \/><\/a>Oggi a Washington c&#8217;\u00e8 stato l&#8217;atteso faccia a faccia tra <strong>Donald Trump<\/strong> e lo speaker della Camera, <strong>Paul Ryan<\/strong>. Com&#8217;\u00e8 andata? Per Ryan \u00e8 stato &#8220;un incontro molto incoraggiante&#8221;, il primo passo di un &#8220;processo&#8221; necessario per unificare il partito, che non pu\u00f2 risolversi con una &#8220;conversazione di 45 minuti&#8221;. Ryan ha per\u00f2 tenuto a precisare che \u00e8 stato &#8220;piantato il seme&#8221; per questa riunificazione. Non ha rivelato dettagli su quanto i due si sono detti. Si \u00e8 limitato a dare qualche minimo dettaglio.\u00a0 &#8220;Abbiamo parlato della vita, della Corte suprema. Continueremo ad essere in disaccordo su alcune politiche ma condividiamo una visione positiva sui principi fondanti&#8221;. Lo speaker ha poi riconosciuto i meriti della campagna elettorale di Trump, sottolineando che il tycoon di New York &#8220;porta nuovi elettori al partito&#8221;. Infine ha ripetuto che la speranza \u00e8 che si possa unificare il partito sulla base di valori e principi comuni.<\/p>\n<p>Al momento non si pu\u00f2 parlare di un vero e proprio endorsement. N\u00e9 di &#8220;pace fatta&#8221;. Il cammino per\u00f2 \u00e8 iniziato. Ryan, che ieri aveva descritto il partito repubblicano come una grande tenda che raccoglie tante anime diverse, si \u00e8 definito esponente dell&#8217;ala conservatrice, &#8220;mentre Trump sta portando una nuova ala &#8211; ha osservato &#8211; e ci\u00f2 e positivo&#8221;, anche perch\u00e9 comporta nuovi voti. Alla base c&#8217;\u00e8 la comune consapevolezza, ha concluso Ryan, che Hillary Clinton presidente degli Stati Uniti &#8220;sarebbe un disastro&#8221;.<\/p>\n<p>Alla riunione, iniziata verso le 9.30 (ora locale) hanno preso parte anche il chairman della Rnc, Reince Priebus, e altri rappresentanti della leadership del Grand Old Party. Ryan si \u00e8 detto &#8220;felice&#8221; di presiedere la convention repubblicana di Cleveland, a luglio, dopo che nei giorni scorsi aveva detto di poter rinunciare se Trump lo avesse chiesto. Anche questo \u00e8 un segnale di distensione.<\/p>\n<blockquote class=\"twitter-tweet\">\n<p dir=\"ltr\" lang=\"en\">&#8220;I was very encouraged with what I heard from Donald Trump today.&#8221;<br \/>\n-Paul Ryan<a href=\"https:\/\/t.co\/TLPGEyDIH0\">https:\/\/t.co\/TLPGEyDIH0<\/a><\/p>\n<p>\u2014 FOX &amp; Friends (@foxandfriends) <a href=\"https:\/\/twitter.com\/foxandfriends\/status\/730793739677929472\">12 maggio 2016<\/a><\/p><\/blockquote>\n","protected":false},"excerpt":{"rendered":"<p><p>Oggi a Washington c&#8217;\u00e8 stato l&#8217;atteso faccia a faccia tra Donald Trump e lo speaker della Camera, Paul Ryan. Com&#8217;\u00e8 andata? Per Ryan \u00e8 stato &#8220;un incontro molto incoraggiante&#8221;, il primo passo di un &#8220;processo&#8221; necessario per unificare il partito, che non pu\u00f2 risolversi con una &#8220;conversazione di 45 minuti&#8221;. Ryan ha per\u00f2 tenuto a precisare che \u00e8 stato &#8220;piantato il seme&#8221; per questa riunificazione. Non ha rivelato dettagli su quanto i due si sono detti. Si \u00e8 limitato a dare qualche minimo dettaglio.\u00a0 &#8220;Abbiamo parlato della vita, della Corte suprema. Continueremo ad essere in disaccordo su alcune politiche ma [&hellip;]<\/p>\n&nbsp;&nbsp;<div class=\"readmore\"><a href=\"https:\/\/blog.ilgiornale.it\/sacchelli\/2016\/05\/12\/paul-ryan-trump-prove-di-pace\/\">Continua a leggere...<\/a><\/div><\/p>","protected":false},"author":1011,"featured_media":0,"comment_status":"open","ping_status":"closed","sticky":false,"template":"","format":"standard","meta":[],"categories":[64],"tags":[18607,111575],"_links":{"self":[{"href":"https:\/\/blog.ilgiornale.it\/sacchelli\/wp-json\/wp\/v2\/posts\/3367"}],"collection":[{"href":"https:\/\/blog.ilgiornale.it\/sacchelli\/wp-json\/wp\/v2\/posts"}],"about":[{"href":"https:\/\/blog.ilgiornale.it\/sacchelli\/wp-json\/wp\/v2\/types\/post"}],"author":[{"embeddable":true,"href":"https:\/\/blog.ilgiornale.it\/sacchelli\/wp-json\/wp\/v2\/users\/1011"}],"replies":[{"embeddable":true,"href":"https:\/\/blog.ilgiornale.it\/sacchelli\/wp-json\/wp\/v2\/comments?post=3367"}],"version-history":[{"count":1,"href":"https:\/\/blog.ilgiornale.it\/sacchelli\/wp-json\/wp\/v2\/posts\/3367\/revisions"}],"predecessor-version":[{"id":3369,"href":"https:\/\/blog.ilgiornale.it\/sacchelli\/wp-json\/wp\/v2\/posts\/3367\/revisions\/3369"}],"wp:attachment":[{"href":"https:\/\/blog.ilgiornale.it\/sacchelli\/wp-json\/wp\/v2\/media?parent=3367"}],"wp:term":[{"taxonomy":"category","embeddable":true,"href":"https:\/\/blog.ilgiornale.it\/sacchelli\/wp-json\/wp\/v2\/categories?post=3367"},{"taxonomy":"post_tag","embeddable":true,"href":"https:\/\/blog.ilgiornale.it\/sacchelli\/wp-json\/wp\/v2\/tags?post=3367"}],"curies":[{"name":"wp","href":"https:\/\/api.w.org\/{rel}","templated":true}]}}