{"id":3480,"date":"2016-07-22T07:51:03","date_gmt":"2016-07-22T07:51:03","guid":{"rendered":"https:\/\/blog.ilgiornale.it\/sacchelli\/?p=3480"},"modified":"2016-07-22T10:10:44","modified_gmt":"2016-07-22T10:10:44","slug":"la-voce-dellamerica","status":"publish","type":"post","link":"https:\/\/blog.ilgiornale.it\/sacchelli\/2016\/07\/22\/la-voce-dellamerica\/","title":{"rendered":"La voce dell&#8217;America"},"content":{"rendered":"<p class=\"entry-summary\"><a href=\"https:\/\/blog.ilgiornale.it\/sacchelli\/files\/2016\/07\/trump_famiglia_2.jpg\"><img loading=\"lazy\" class=\"alignleft size-medium wp-image-3483\" src=\"https:\/\/blog.ilgiornale.it\/sacchelli\/files\/2016\/07\/trump_famiglia_2-300x211.jpg\" alt=\"La famiglia Trump festeggia la candidatura di Donald alla Casa Bianca\" width=\"300\" height=\"211\" srcset=\"https:\/\/blog.ilgiornale.it\/sacchelli\/files\/2016\/07\/trump_famiglia_2-300x211.jpg 300w, https:\/\/blog.ilgiornale.it\/sacchelli\/files\/2016\/07\/trump_famiglia_2-1024x719.jpg 1024w\" sizes=\"(max-width: 300px) 100vw, 300px\" \/><\/a>&#8220;America first!&#8221;, prima l&#8217;America. Donald Trump lo ripete pi\u00f9 volte alla Convention repubblicana di Cleveland (<strong><a href=\"https:\/\/www.ilgiornale.it\/news\/mondo\/trump-riporter-sicurezza-negli-stati-uniti-me-legge-e-ordine-1287818.html\" target=\"_blank\">leggi l&#8217;articolo<\/a><\/strong>). Si presenta cos\u00ec ai delegati (ma si rivolge a tutto il Paese): &#8220;<strong>Sono la vostra voce<\/strong>&#8220;. Cerca di monetizzare l&#8217;odio anti casta che serpeggia da tempo anche negli Stati Uniti. Trump insiste su due parole: &#8220;Legge e ordine&#8221;. Torna a promettere il &#8220;muro contro i clandestini&#8221;, necessario per garantire la sicurezza. E assicura: &#8220;Sconfiggeremo presto i barbari dell&#8217;<strong>Isis<\/strong>&#8220;.<\/p>\n<p>Per rilanciare l&#8217;America e farla di nuovo grande (&#8220;Make America Great Again&#8221;) indica la propria ricetta: &#8220;Pi\u00f9 lavoro e gi\u00f9 le tasse per tutti&#8221;. Ribadisce il &#8220;no&#8221; agli accordi commerciali che ritiene abbiano indebolito l&#8217;America, in particolare il <strong>Nafta<\/strong> (North American Free Trade Agreement) e il <strong>Tpp<\/strong> (Trans-Pacific Partnership). &#8220;Sono accordi commerciali orribili&#8221;, sottolinea. &#8220;Io riporter\u00f2 i posti di lavoro qui nell&#8217;Ohio, qui in America&#8221;, aggiunge rimarcando il proprio stop alle delocalizzazioni e al trasferimento delle fabbriche nei Paesi con regimi fiscali convenienti.<\/p>\n<p><a href=\"https:\/\/blog.ilgiornale.it\/sacchelli\/files\/2016\/07\/Trump_Cleveland.jpg\"><img loading=\"lazy\" class=\"alignleft size-medium wp-image-3481\" src=\"https:\/\/blog.ilgiornale.it\/sacchelli\/files\/2016\/07\/Trump_Cleveland-300x163.jpg\" alt=\"Trump_Cleveland\" width=\"300\" height=\"163\" srcset=\"https:\/\/blog.ilgiornale.it\/sacchelli\/files\/2016\/07\/Trump_Cleveland-300x163.jpg 300w, https:\/\/blog.ilgiornale.it\/sacchelli\/files\/2016\/07\/Trump_Cleveland-1024x555.jpg 1024w, https:\/\/blog.ilgiornale.it\/sacchelli\/files\/2016\/07\/Trump_Cleveland.jpg 1160w\" sizes=\"(max-width: 300px) 100vw, 300px\" \/><\/a>&#8220;<span style=\"font-family: Liberation Serif,serif\">\u00c8 <\/span>ora di mostrare al mondo intero che l&#8217;America \u00e8 tornata pi\u00f9 grande, migliore e pi\u00f9 forte che mai&#8221;, insiste Trump attaccando il lavoro di Hillary Clinton in politica estera su Siria, Iraq, Egitto e Libia. La grande festa repubblicana si conclude sul palco della <span class=\"st\">Quicken Loans Arena<\/span> dove Trump viene raggiunto dalla famiglia al gran completo e dal suo candidato vice presidente, Mike Pence. Come da tradizione &#8220;piovono&#8221; palloncini blu, bianchi e rossi. Fuori, invece, \u00e8 un tripudio di fuochi d&#8217;artificio. I repubblicani festeggiano (un po&#8217; meno gli anti Trump).<\/p>\n<p><strong>Hillary a Trump: &#8220;Non sei la voce dell&#8217;America&#8221;<\/strong><\/p>\n<p>Non si \u00e8 fatta attendere la replica di Hillary Clinton a Trump. Mentre il candidato repubblicano stava ancora tenendo il suo discorso conclusivo dal palco della Convention, Hillary ha risposto via Twitter: &#8220;<strong>Non sei la nostra voce<\/strong>&#8220;. Pochi minuti prima Hillary aveva twittato un&#8217;altra frase al vetriolo (in spagnolo): &#8220;S\u00ec, costruiamo un muro. Tra te e la presidenza, Donald Trump&#8221;. E un altro tweet ad alto contenuto critico: &#8220;Sono con voi*&#8221;, firmato @realDonald Trump. Ma accanto all&#8217;asterisco polemicamente c&#8217;\u00e8 scritto: &#8220;Non inclusi donne, afroamericani, persone Lgbt, musulmani, latinos, immigrati&#8230;&#8221;.<\/p>\n<p>[youtube F5XmFG3221s]<\/p>\n","protected":false},"excerpt":{"rendered":"<p><p>&#8220;America first!&#8221;, prima l&#8217;America. Donald Trump lo ripete pi\u00f9 volte alla Convention repubblicana di Cleveland (leggi l&#8217;articolo). Si presenta cos\u00ec ai delegati (ma si rivolge a tutto il Paese): &#8220;Sono la vostra voce&#8220;. Cerca di monetizzare l&#8217;odio anti casta che serpeggia da tempo anche negli Stati Uniti. Trump insiste su due parole: &#8220;Legge e ordine&#8221;. Torna a promettere il &#8220;muro contro i clandestini&#8221;, necessario per garantire la sicurezza. E assicura: &#8220;Sconfiggeremo presto i barbari dell&#8217;Isis&#8220;. Per rilanciare l&#8217;America e farla di nuovo grande (&#8220;Make America Great Again&#8221;) indica la propria ricetta: &#8220;Pi\u00f9 lavoro e gi\u00f9 le tasse per tutti&#8221;. Ribadisce [&hellip;]<\/p>\n&nbsp;&nbsp;<div class=\"readmore\"><a href=\"https:\/\/blog.ilgiornale.it\/sacchelli\/2016\/07\/22\/la-voce-dellamerica\/\">Continua a leggere...<\/a><\/div><\/p>","protected":false},"author":1011,"featured_media":0,"comment_status":"open","ping_status":"closed","sticky":false,"template":"","format":"standard","meta":[],"categories":[64],"tags":[11330,62770,18543,18607],"_links":{"self":[{"href":"https:\/\/blog.ilgiornale.it\/sacchelli\/wp-json\/wp\/v2\/posts\/3480"}],"collection":[{"href":"https:\/\/blog.ilgiornale.it\/sacchelli\/wp-json\/wp\/v2\/posts"}],"about":[{"href":"https:\/\/blog.ilgiornale.it\/sacchelli\/wp-json\/wp\/v2\/types\/post"}],"author":[{"embeddable":true,"href":"https:\/\/blog.ilgiornale.it\/sacchelli\/wp-json\/wp\/v2\/users\/1011"}],"replies":[{"embeddable":true,"href":"https:\/\/blog.ilgiornale.it\/sacchelli\/wp-json\/wp\/v2\/comments?post=3480"}],"version-history":[{"count":6,"href":"https:\/\/blog.ilgiornale.it\/sacchelli\/wp-json\/wp\/v2\/posts\/3480\/revisions"}],"predecessor-version":[{"id":3488,"href":"https:\/\/blog.ilgiornale.it\/sacchelli\/wp-json\/wp\/v2\/posts\/3480\/revisions\/3488"}],"wp:attachment":[{"href":"https:\/\/blog.ilgiornale.it\/sacchelli\/wp-json\/wp\/v2\/media?parent=3480"}],"wp:term":[{"taxonomy":"category","embeddable":true,"href":"https:\/\/blog.ilgiornale.it\/sacchelli\/wp-json\/wp\/v2\/categories?post=3480"},{"taxonomy":"post_tag","embeddable":true,"href":"https:\/\/blog.ilgiornale.it\/sacchelli\/wp-json\/wp\/v2\/tags?post=3480"}],"curies":[{"name":"wp","href":"https:\/\/api.w.org\/{rel}","templated":true}]}}