{"id":3667,"date":"2016-11-26T15:47:48","date_gmt":"2016-11-26T15:47:48","guid":{"rendered":"https:\/\/blog.ilgiornale.it\/sacchelli\/?p=3667"},"modified":"2016-11-27T10:54:06","modified_gmt":"2016-11-27T10:54:06","slug":"obama-e-trump-su-fidel-castro","status":"publish","type":"post","link":"https:\/\/blog.ilgiornale.it\/sacchelli\/2016\/11\/26\/obama-e-trump-su-fidel-castro\/","title":{"rendered":"Obama e Trump su Fidel Castro"},"content":{"rendered":"<p><a href=\"https:\/\/blog.ilgiornale.it\/sacchelli\/files\/2016\/11\/castro.jpg\"><img loading=\"lazy\" class=\"alignleft size-medium wp-image-3668\" src=\"https:\/\/blog.ilgiornale.it\/sacchelli\/files\/2016\/11\/castro-300x179.jpg\" alt=\"FIDEL CASTRO 1926-2016 CUBAN POLITICIAN AND REVOLUTIONARY\" width=\"300\" height=\"179\" srcset=\"https:\/\/blog.ilgiornale.it\/sacchelli\/files\/2016\/11\/castro-300x179.jpg 300w, https:\/\/blog.ilgiornale.it\/sacchelli\/files\/2016\/11\/castro-1024x609.jpg 1024w, https:\/\/blog.ilgiornale.it\/sacchelli\/files\/2016\/11\/castro.jpg 2000w\" sizes=\"(max-width: 300px) 100vw, 300px\" \/><\/a>Il presidente degli Stati Uniti <strong>Barack Obama<\/strong> commenta la scomparsa di <strong>Fidel Castro <\/strong>in modo sin troppo stringato: &#8220;Ha alterato il corso delle vite dei singoli, delle famiglie e della nazione cubana&#8221;. Ma nessuna critica, il giudizio per lui \u00e8 sospeso: &#8220;Sar\u00e0 la storia a registrare e giudicare l&#8217;enorme impatto di questa singolare figura sulla gente e sul mondo che lo circondava&#8221;.<\/p>\n<p>Obama non giudica Castro, n\u00e9 in positivo (sarebbe stato davvero troppo) n\u00e9 in negativo. Si limita a definire questo momento denso di &#8220;profonde emozioni&#8221; per i cubani di Cuba e per quelli che vivono negli Stati Uniti. Secondo Obama il rapporto tra gli Stati Uniti e Cuba \u00e8 stato caratterizzato per decenni da &#8220;divergenze politiche profonde&#8221;, ma durante la sua presidenza sostiene di aver &#8220;lavorato duramente per mettere il passato alle spalle&#8221; con il processo di normalizzazione bilaterale e il ripristino delle relazioni diplomatiche. Lo scopo di questo processo \u00e8 quello di perseguire &#8220;un futuro in cui il rapporto tra i nostri due Paesi \u00e8 definito non dalle nostre differenze, ma dalle molte cose che condividiamo come vicini e amici &#8211; legami familiari, la cultura, il commercio e una comune umanit\u00e0&#8221;.<\/p>\n<p>Ma \u00e8 possibile che il leader del mondo libero non si senta in dovere di muovere neanche una critica, sia pure nel rispetto che si deve sempre ai morti, nei confronti dell&#8217;uomo che per decenni ha negato la libert\u00e0 al proprio popolo, tradendo lo stesso spirito della rivoluzione cubana? Nulla di nulla. Obama non giudica, dice che ci penser\u00e0 la storia a farlo. \u00c8 ovvio che sar\u00e0 cos\u00ec. Ma dall&#8217;uomo che vinse le elezioni promettendo un sogno (&#8220;Yes we can&#8221;), ci saremmo aspettati molto di pi\u00f9 a livello ideale. <span style=\"font-family: Times New Roman,serif\"><br \/>\n<\/span><\/p>\n<p>E <strong>Donald Trump<\/strong> che dice? &#8220;Fidel Castro \u00e8 morto!&#8221;, <strong><a href=\"https:\/\/twitter.com\/realDonaldTrump\/status\/802499192237080576\">scrive su Twitter<\/a><\/strong> il presidente neo eletto. Nessun commento, a parte quel punto esclamatvo che vuol dire tutto (oppure niente). Poco dopo, per\u00f2, affonda il coltello. Castro era un &#8220;brutale dittatore&#8221; che &#8220;opprimeva il suo popolo&#8221;. Lascia in eredit\u00e0 &#8220;un patrimonio di sparatorie, rapine, sofferenze inimmaginabili, povert\u00e0 e negazione dei diritti umani fondamentali&#8221;. &#8220;L&#8217;eredit\u00e0 di Fidel Castro \u00e8 fatta di plotoni di esecuzione, furto, sofferenze inimmaginabili, povert\u00e0 e negazione dei <strong>diritti umani fondamentali<\/strong>&#8220;, prosegue Trump. &#8220;Mentre Cuba resta un&#8217;isola totalitaria, la mia speranza \u00e8 che la giornata di oggi segni una presa di distanza dagli orrori subiti troppo a lungo, e in direzione di un futuro in cui il meraviglioso popolo cubano finalmente vivr\u00e0 nella libert\u00e0 che cos\u00ec tanto merita&#8221;. &#8220;Anche se le tragedie, le morti e il dolore causati da Castro non possono essere cancellati, la nostra amministrazione far\u00e0 tutto quanto possibile per garantire che il popolo cubano possa finalmente intraprendere il suo viaggio verso la prosperit\u00e0 e la libert\u00e0. Mi unisco ai tanti cubani americani che mi hanno sostenuto in modo egregio durante la campagna presidenziale&#8221;, conclude, &#8220;con la speranza di vedere in un giorno vicino una Cuba libera&#8221;. Molto duro e diretto Trump. Ma in fondo ha centrato bene il punto: l&#8217;America non pu\u00f2 dimenticare la libert\u00e0. Altrimenti non \u00e8 pi\u00f9 l&#8217;America. Possibile che Obama non se ne sia reso conto?<\/p>\n","protected":false},"excerpt":{"rendered":"<p><p>Il presidente degli Stati Uniti Barack Obama commenta la scomparsa di Fidel Castro in modo sin troppo stringato: &#8220;Ha alterato il corso delle vite dei singoli, delle famiglie e della nazione cubana&#8221;. Ma nessuna critica, il giudizio per lui \u00e8 sospeso: &#8220;Sar\u00e0 la storia a registrare e giudicare l&#8217;enorme impatto di questa singolare figura sulla gente e sul mondo che lo circondava&#8221;. Obama non giudica Castro, n\u00e9 in positivo (sarebbe stato davvero troppo) n\u00e9 in negativo. Si limita a definire questo momento denso di &#8220;profonde emozioni&#8221; per i cubani di Cuba e per quelli che vivono negli Stati Uniti. Secondo [&hellip;]<\/p>\n&nbsp;&nbsp;<div class=\"readmore\"><a href=\"https:\/\/blog.ilgiornale.it\/sacchelli\/2016\/11\/26\/obama-e-trump-su-fidel-castro\/\">Continua a leggere...<\/a><\/div><\/p>","protected":false},"author":1011,"featured_media":0,"comment_status":"open","ping_status":"closed","sticky":false,"template":"","format":"standard","meta":[],"categories":[64],"tags":[62795,146,406152],"_links":{"self":[{"href":"https:\/\/blog.ilgiornale.it\/sacchelli\/wp-json\/wp\/v2\/posts\/3667"}],"collection":[{"href":"https:\/\/blog.ilgiornale.it\/sacchelli\/wp-json\/wp\/v2\/posts"}],"about":[{"href":"https:\/\/blog.ilgiornale.it\/sacchelli\/wp-json\/wp\/v2\/types\/post"}],"author":[{"embeddable":true,"href":"https:\/\/blog.ilgiornale.it\/sacchelli\/wp-json\/wp\/v2\/users\/1011"}],"replies":[{"embeddable":true,"href":"https:\/\/blog.ilgiornale.it\/sacchelli\/wp-json\/wp\/v2\/comments?post=3667"}],"version-history":[{"count":6,"href":"https:\/\/blog.ilgiornale.it\/sacchelli\/wp-json\/wp\/v2\/posts\/3667\/revisions"}],"predecessor-version":[{"id":3674,"href":"https:\/\/blog.ilgiornale.it\/sacchelli\/wp-json\/wp\/v2\/posts\/3667\/revisions\/3674"}],"wp:attachment":[{"href":"https:\/\/blog.ilgiornale.it\/sacchelli\/wp-json\/wp\/v2\/media?parent=3667"}],"wp:term":[{"taxonomy":"category","embeddable":true,"href":"https:\/\/blog.ilgiornale.it\/sacchelli\/wp-json\/wp\/v2\/categories?post=3667"},{"taxonomy":"post_tag","embeddable":true,"href":"https:\/\/blog.ilgiornale.it\/sacchelli\/wp-json\/wp\/v2\/tags?post=3667"}],"curies":[{"name":"wp","href":"https:\/\/api.w.org\/{rel}","templated":true}]}}