{"id":4103,"date":"2018-03-29T11:09:28","date_gmt":"2018-03-29T11:09:28","guid":{"rendered":"https:\/\/blog.ilgiornale.it\/sacchelli\/?p=4103"},"modified":"2018-03-29T12:23:13","modified_gmt":"2018-03-29T12:23:13","slug":"usa-lasse-bolton-kuschner","status":"publish","type":"post","link":"https:\/\/blog.ilgiornale.it\/sacchelli\/2018\/03\/29\/usa-lasse-bolton-kuschner\/","title":{"rendered":"Usa, l&#8217;asse Bolton-Kuschner"},"content":{"rendered":"<p><a href=\"https:\/\/blog.ilgiornale.it\/sacchelli\/files\/2018\/03\/Bolton.jpg\"><img loading=\"lazy\" class=\"alignleft size-medium wp-image-4104\" src=\"https:\/\/blog.ilgiornale.it\/sacchelli\/files\/2018\/03\/Bolton-300x145.jpg\" alt=\"Bolton\" width=\"300\" height=\"145\" srcset=\"https:\/\/blog.ilgiornale.it\/sacchelli\/files\/2018\/03\/Bolton-300x145.jpg 300w, https:\/\/blog.ilgiornale.it\/sacchelli\/files\/2018\/03\/Bolton.jpg 800w\" sizes=\"(max-width: 300px) 100vw, 300px\" \/><\/a>Dopo i profondi scossoni decisi da Trump, che ha allontanato diversi membri della sua squadra, alla Casa Bianca c&#8217;\u00e8 da registrare un nuovo asse: \u00e8 quello tra il consigliere per la Sicurezza nazionale, <a href=\"https:\/\/it.wikipedia.org\/wiki\/John_R._Bolton\" target=\"_blank\"><strong>John Bolton<\/strong><\/a>, e il genero (nonch\u00e9 consigliere) di Trump, <strong><a href=\"https:\/\/it.wikipedia.org\/wiki\/Jared_Kushner\" target=\"_blank\">Jared Kushner<\/a><\/strong>, che segue alcuni importanti dossier di politica estera (Medio Oriente e Messico in primis). I due sono stati in stretto contatto fin dall&#8217;inizio dell&#8217;amministrazione Trump, come ricorda il <em>Wall Street Journal<\/em>. \u00c8 a Bolton che il genero di Trump si \u00e8 sempre rivolto per chiedergli informazioni sui rapporti con il <strong>Palazzo di Vetro<\/strong> (Bolton ha rappresentato gli Usa alle Nazioni Unite durante l&#8217;amministrazione Bush).<\/p>\n<p>Il rapporto tra i due \u00e8 diventato ancora pi\u00f9 intenso quando a Kushner \u00e8 stato chiesto di spiegare a Bolton, di volta in volta, le posizioni della Casa Bianca su diversi temi di politica. Briefing che avvenivano per aiutare Bolton a meglio difendere l&#8217;amministrazione durante i suoi interventi, come commentatore, alla <em>Fox News<\/em>.<\/p>\n<p>Considerato un &#8220;falco&#8221;, per il suo lavoro all&#8217;Onu Bolton venne apprezzato (oltre ogni previsione) anche dai Paesi che pi\u00f9 lo avevano temuto, come Cina e Russia ma anche gli alleati Francia e Germania. Dopo aver pensato di correre per la Casa Bianca, nel 2012, fece un passo indietro e sostenne Mitt Romney, di cui divenne consigliere per la politica estera. Fond\u00f2 poi un SuperPac, con cui <strong><a href=\"https:\/\/www.boltonpac.com\/candidates\/\" target=\"_blank\">sostenne diversi canddiati repubblicani<\/a><\/strong>.<\/p>\n<p><a href=\"https:\/\/blog.ilgiornale.it\/sacchelli\/files\/2018\/03\/Kushner.jpg\"><img loading=\"lazy\" class=\"alignleft size-medium wp-image-4105\" src=\"https:\/\/blog.ilgiornale.it\/sacchelli\/files\/2018\/03\/Kushner-300x201.jpg\" alt=\"Jared Kushner makes a statement at the White House\" width=\"300\" height=\"201\" srcset=\"https:\/\/blog.ilgiornale.it\/sacchelli\/files\/2018\/03\/Kushner-300x201.jpg 300w, https:\/\/blog.ilgiornale.it\/sacchelli\/files\/2018\/03\/Kushner.jpg 884w\" sizes=\"(max-width: 300px) 100vw, 300px\" \/><\/a>Ma torniamo a Kushner, che in questo periodo non se la passa proprio bene. La portavoce\u00a0 della Casa Bianca, Sarah Sanders, nega che vi sia un&#8217;inchiesta &#8220;sull\u2019etica&#8221; dei prestiti per oltre <strong>500 milioni<\/strong> di dollari alla societ\u00e0 di Kushner. Smentite, dunque, le indiscrezioni del <em>New York Times<\/em>, che aveva parlato di due finanziamenti alla Kushner Companies e di alcuni incontri che Kushner ebbe con funzionari di Apollo Global Management, societ\u00e0 di investimento, e Citigroup, colosso bancario.\u00a0 Dopo quegli incontri Apollo aveva garantito un prestito da 184 milioni alla Kushner Companies, mentre Citigroup ben 325 milioni (come riportato dal <em>New York Times<\/em> a febbraio). Kushner formalmente si era dimesso dall\u2019azienda di famiglia, per evitare conflitti di interesse nel suo ruolo pubblico alla Casa Bianca.<\/p>\n<p>Lo scorso mese il suo nullaosta di sicurezza era stato declassato da &#8220;top secret&#8221; a &#8220;secret&#8221;: che vuol dire limitazione di accesso ai <strong>documenti sensibili<\/strong> della Casa Bianca e dell\u2019Intelligence. Non \u00e8 un periodo rose e fiori per il genero di Trump. Chiss\u00e0 se l&#8217;asse con Bolton lo aiuter\u00e0 a recuperare slancio&#8230;<\/p>\n","protected":false},"excerpt":{"rendered":"<p><p>Dopo i profondi scossoni decisi da Trump, che ha allontanato diversi membri della sua squadra, alla Casa Bianca c&#8217;\u00e8 da registrare un nuovo asse: \u00e8 quello tra il consigliere per la Sicurezza nazionale, John Bolton, e il genero (nonch\u00e9 consigliere) di Trump, Jared Kushner, che segue alcuni importanti dossier di politica estera (Medio Oriente e Messico in primis). I due sono stati in stretto contatto fin dall&#8217;inizio dell&#8217;amministrazione Trump, come ricorda il Wall Street Journal. \u00c8 a Bolton che il genero di Trump si \u00e8 sempre rivolto per chiedergli informazioni sui rapporti con il Palazzo di Vetro (Bolton ha rappresentato [&hellip;]<\/p>\n&nbsp;&nbsp;<div class=\"readmore\"><a href=\"https:\/\/blog.ilgiornale.it\/sacchelli\/2018\/03\/29\/usa-lasse-bolton-kuschner\/\">Continua a leggere...<\/a><\/div><\/p>","protected":false},"author":1011,"featured_media":0,"comment_status":"open","ping_status":"closed","sticky":false,"template":"","format":"standard","meta":[],"categories":[64],"tags":[],"_links":{"self":[{"href":"https:\/\/blog.ilgiornale.it\/sacchelli\/wp-json\/wp\/v2\/posts\/4103"}],"collection":[{"href":"https:\/\/blog.ilgiornale.it\/sacchelli\/wp-json\/wp\/v2\/posts"}],"about":[{"href":"https:\/\/blog.ilgiornale.it\/sacchelli\/wp-json\/wp\/v2\/types\/post"}],"author":[{"embeddable":true,"href":"https:\/\/blog.ilgiornale.it\/sacchelli\/wp-json\/wp\/v2\/users\/1011"}],"replies":[{"embeddable":true,"href":"https:\/\/blog.ilgiornale.it\/sacchelli\/wp-json\/wp\/v2\/comments?post=4103"}],"version-history":[{"count":8,"href":"https:\/\/blog.ilgiornale.it\/sacchelli\/wp-json\/wp\/v2\/posts\/4103\/revisions"}],"predecessor-version":[{"id":4113,"href":"https:\/\/blog.ilgiornale.it\/sacchelli\/wp-json\/wp\/v2\/posts\/4103\/revisions\/4113"}],"wp:attachment":[{"href":"https:\/\/blog.ilgiornale.it\/sacchelli\/wp-json\/wp\/v2\/media?parent=4103"}],"wp:term":[{"taxonomy":"category","embeddable":true,"href":"https:\/\/blog.ilgiornale.it\/sacchelli\/wp-json\/wp\/v2\/categories?post=4103"},{"taxonomy":"post_tag","embeddable":true,"href":"https:\/\/blog.ilgiornale.it\/sacchelli\/wp-json\/wp\/v2\/tags?post=4103"}],"curies":[{"name":"wp","href":"https:\/\/api.w.org\/{rel}","templated":true}]}}