{"id":4528,"date":"2019-05-16T16:10:28","date_gmt":"2019-05-16T16:10:28","guid":{"rendered":"https:\/\/blog.ilgiornale.it\/sacchelli\/?p=4528"},"modified":"2019-05-16T16:32:30","modified_gmt":"2019-05-16T16:32:30","slug":"bill-de-blasio-ci-prova-candidato-alla-casa-bianca","status":"publish","type":"post","link":"https:\/\/blog.ilgiornale.it\/sacchelli\/2019\/05\/16\/bill-de-blasio-ci-prova-candidato-alla-casa-bianca\/","title":{"rendered":"Bill de Blasio ci prova: mi candido alla Casa Bianca"},"content":{"rendered":"<p><a href=\"https:\/\/blog.ilgiornale.it\/sacchelli\/files\/2019\/05\/DeBlasio.jpg\"><img loading=\"lazy\" class=\"alignleft size-medium wp-image-4529\" src=\"https:\/\/blog.ilgiornale.it\/sacchelli\/files\/2019\/05\/DeBlasio-300x200.jpg\" alt=\"Bill de Blasio\" width=\"300\" height=\"200\" srcset=\"https:\/\/blog.ilgiornale.it\/sacchelli\/files\/2019\/05\/DeBlasio-300x200.jpg 300w, https:\/\/blog.ilgiornale.it\/sacchelli\/files\/2019\/05\/DeBlasio-1024x683.jpg 1024w, https:\/\/blog.ilgiornale.it\/sacchelli\/files\/2019\/05\/DeBlasio.jpg 1842w\" sizes=\"(max-width: 300px) 100vw, 300px\" \/><\/a>La lunga lista dei candidati democratici per la Casa Bianca si allunga a dismisura. Ora siamo a quota 23. L&#8217;ultimo che si \u00e8 aggiunto \u00e8 Bill de Blasio, sindaco ultraliberal di New York. L\u2019annuncio arriva con un video pubblicato su YouTube intitolato &#8220;Working People First&#8221; (<strong>Prima i lavoratori<\/strong>), in cui De Blasio afferma che &#8220;Trump deve essere fermato. Correr\u00f2 per la presidenza perch\u00e9 \u00e8 tempo di mettere prima i lavoratori. Come presidente affronter\u00f2 i ricchi, affronter\u00f2 le grandi corporation e non mi fermer\u00f2 finch\u00e9 questo governo non sar\u00e0 al servizio dei lavoratori&#8221;.<\/p>\n<p>La sfida di de Blasio non \u00e8 facile, visto che si rivoge a una base elettorale che vede gi\u00e0 due candidati di peso, come <strong>Bernie Sanders<\/strong> ed <strong>Elizabeh Warren<\/strong>. Al momento, per\u00f2, in testa ai sondaggi c&#8217;\u00e8 Joe Biden, ex vicepresidente di Obama, un centrista moderato. Particolare interessante: tra i primi a non vedere di buon occhio la candidatura di de Blasio sono i cittadini di New York. Lo ha rivelato alcune settimane fa un sondaggio della Quinnipiac University, in base al quale il 76% dei newyorkesi non credeva che il sindaco dovesse candidarsi alla presidenza.<\/p>\n<p>Nei giorni scorsi De Blasio ha preso di mira uno dei simboli di Trump a New York, guidando una protesta all\u2019ingresso della <strong>Trump Tower<\/strong>: &#8220;Il nostro pianeta non \u00e8 il tuo profitto&#8221;, ha scandito un gruppo di circa 70 persone, accusando gli edifici del tycoon di emettere ogni anno tanto gas serra quanto 5.800 automobili. De Blasio ha minacciato multe fino a due milioni di dollari per la Trump Organization se non inizier\u00e0, a partire dal 2030, a ridurre le emissioni di gas inquinanti. Ne \u00e8 nata una durissima lite via Twitter con Trump jr.<\/p>\n<p><a href=\"https:\/\/blog.ilgiornale.it\/sacchelli\/files\/2019\/05\/candidati_democratici.jpg\"><img loading=\"lazy\" class=\"alignleft size-medium wp-image-4530\" src=\"https:\/\/blog.ilgiornale.it\/sacchelli\/files\/2019\/05\/candidati_democratici-300x160.jpg\" alt=\"candidati democratici\" width=\"300\" height=\"160\" srcset=\"https:\/\/blog.ilgiornale.it\/sacchelli\/files\/2019\/05\/candidati_democratici-300x160.jpg 300w, https:\/\/blog.ilgiornale.it\/sacchelli\/files\/2019\/05\/candidati_democratici-1024x545.jpg 1024w, https:\/\/blog.ilgiornale.it\/sacchelli\/files\/2019\/05\/candidati_democratici.jpg 1170w\" sizes=\"(max-width: 300px) 100vw, 300px\" \/><\/a>La candidatura di Bill de Blasio \u00e8 una &#8220;barzelletta&#8221;, ha scritto il presidente Trump, ovviamente su Twitter, aggiungendo con tono sprezzante che &#8220;\u00e8 considerato il sindaco peggiore negli Stati Uniti&#8221;. Ed ha rincarato la dose: &#8220;\u00c8 una barzelletta, ma se vi piacciono tasse alte e criminalit\u00e0, lui \u00e8 il vostro uomo. New York lo odia&#8221;.<\/p>\n<p>Il sindaco della Grande Mela risponde colpo su colpo: &#8220;Il governo federale non \u00e8 dalla parte dei lavoratori, perch\u00e9 Donald Trump sta facendo un grande imbroglio all&#8217;America &#8211; ha detto in un&#8217;intervista a Good Morning America -. Io lo chiamo &#8216;Con Don&#8217;, tutti i newyorkesi sanno che \u00e8 un <strong>truffatore<\/strong>, conosciamo i suoi trucchi, io so come attaccarlo, lo osservo da decenni. Vuole convincere i lavoratori americani che \u00e8 dalla loro parte, ma \u00e8 un bugia sin dal primo giorno&#8221;.<\/p>\n<p><iframe width=\"500\" height=\"281\" src=\"https:\/\/www.youtube.com\/embed\/GHDhsPyJzvk?feature=oembed\" frameborder=\"0\" allow=\"accelerometer; autoplay; encrypted-media; gyroscope; picture-in-picture\" allowfullscreen><\/iframe><\/p>\n<p>&nbsp;<\/p>\n<p>&nbsp;<\/p>\n<p>&nbsp;<\/p>\n<p>&nbsp;<\/p>\n<p>&nbsp;<\/p>\n<p>&nbsp;<\/p>\n","protected":false},"excerpt":{"rendered":"<p><p>La lunga lista dei candidati democratici per la Casa Bianca si allunga a dismisura. Ora siamo a quota 23. L&#8217;ultimo che si \u00e8 aggiunto \u00e8 Bill de Blasio, sindaco ultraliberal di New York. L\u2019annuncio arriva con un video pubblicato su YouTube intitolato &#8220;Working People First&#8221; (Prima i lavoratori), in cui De Blasio afferma che &#8220;Trump deve essere fermato. Correr\u00f2 per la presidenza perch\u00e9 \u00e8 tempo di mettere prima i lavoratori. Come presidente affronter\u00f2 i ricchi, affronter\u00f2 le grandi corporation e non mi fermer\u00f2 finch\u00e9 questo governo non sar\u00e0 al servizio dei lavoratori&#8221;. La sfida di de Blasio non \u00e8 facile, [&hellip;]<\/p>\n&nbsp;&nbsp;<div class=\"readmore\"><a href=\"https:\/\/blog.ilgiornale.it\/sacchelli\/2019\/05\/16\/bill-de-blasio-ci-prova-candidato-alla-casa-bianca\/\">Continua a leggere...<\/a><\/div><\/p>","protected":false},"author":1011,"featured_media":4529,"comment_status":"open","ping_status":"closed","sticky":false,"template":"","format":"standard","meta":[],"categories":[64],"tags":[39398,3821,62813],"_links":{"self":[{"href":"https:\/\/blog.ilgiornale.it\/sacchelli\/wp-json\/wp\/v2\/posts\/4528"}],"collection":[{"href":"https:\/\/blog.ilgiornale.it\/sacchelli\/wp-json\/wp\/v2\/posts"}],"about":[{"href":"https:\/\/blog.ilgiornale.it\/sacchelli\/wp-json\/wp\/v2\/types\/post"}],"author":[{"embeddable":true,"href":"https:\/\/blog.ilgiornale.it\/sacchelli\/wp-json\/wp\/v2\/users\/1011"}],"replies":[{"embeddable":true,"href":"https:\/\/blog.ilgiornale.it\/sacchelli\/wp-json\/wp\/v2\/comments?post=4528"}],"version-history":[{"count":6,"href":"https:\/\/blog.ilgiornale.it\/sacchelli\/wp-json\/wp\/v2\/posts\/4528\/revisions"}],"predecessor-version":[{"id":4536,"href":"https:\/\/blog.ilgiornale.it\/sacchelli\/wp-json\/wp\/v2\/posts\/4528\/revisions\/4536"}],"wp:featuredmedia":[{"embeddable":true,"href":"https:\/\/blog.ilgiornale.it\/sacchelli\/wp-json\/wp\/v2\/media\/4529"}],"wp:attachment":[{"href":"https:\/\/blog.ilgiornale.it\/sacchelli\/wp-json\/wp\/v2\/media?parent=4528"}],"wp:term":[{"taxonomy":"category","embeddable":true,"href":"https:\/\/blog.ilgiornale.it\/sacchelli\/wp-json\/wp\/v2\/categories?post=4528"},{"taxonomy":"post_tag","embeddable":true,"href":"https:\/\/blog.ilgiornale.it\/sacchelli\/wp-json\/wp\/v2\/tags?post=4528"}],"curies":[{"name":"wp","href":"https:\/\/api.w.org\/{rel}","templated":true}]}}