{"id":4583,"date":"2019-09-11T16:38:26","date_gmt":"2019-09-11T16:38:26","guid":{"rendered":"https:\/\/blog.ilgiornale.it\/sacchelli\/?p=4583"},"modified":"2019-09-11T16:39:59","modified_gmt":"2019-09-11T16:39:59","slug":"cerano-una-volta-le-torri-gemelle","status":"publish","type":"post","link":"https:\/\/blog.ilgiornale.it\/sacchelli\/2019\/09\/11\/cerano-una-volta-le-torri-gemelle\/","title":{"rendered":"C&#8217;erano una volta le Torri gemelle"},"content":{"rendered":"<p><a href=\"https:\/\/blog.ilgiornale.it\/sacchelli\/files\/2019\/09\/torri_gemelle.jpg\"><img loading=\"lazy\" class=\"alignleft size-medium wp-image-4584\" src=\"https:\/\/blog.ilgiornale.it\/sacchelli\/files\/2019\/09\/torri_gemelle-300x207.jpg\" alt=\"Torri Gemelle\" width=\"300\" height=\"207\" srcset=\"https:\/\/blog.ilgiornale.it\/sacchelli\/files\/2019\/09\/torri_gemelle-300x207.jpg 300w, https:\/\/blog.ilgiornale.it\/sacchelli\/files\/2019\/09\/torri_gemelle.jpg 1024w\" sizes=\"(max-width: 300px) 100vw, 300px\" \/><\/a>Nel giorno in cui si celebra il diciottesimo anniversario della strage dell&#8217;11 Settembre, mi piace ricordare un&#8217;altra data, il 4 aprile 1973, quando le due Torri Gemelle furono inaugurate.\u00a0 Quattrocentoquindici metri di altezza, superarono l&#8217;Empire State Building (381 metri), svettando sui cieli di Manhattan dall&#8217;alto dei loro centodieci piani. La prima pietra del cantiere del World Trade Center fu posta il 5 agosto 1966, anche se la costruzione vera e propria della prima torre (la Nord) part\u00ec nel 1968, e un anno dopo fu iniziata anche la Torre Sud.<\/p>\n<p>L&#8217;idea di tirare su questi due imponenti grattacieli l&#8217;aveva avuta il miliardario <strong>David Rockfeller<\/strong> nel 1960, con un progetto il cui costo ammontava, all&#8217;epoca, a oltre 330 milioni di dollari, coperti quasi tutti dall&#8217; autorit\u00e0 portuale di New York e del New Jersey, ente pubblico che gestiva ponti, gallerie e aeroporti di New York e del New Jersey settentrionale.<\/p>\n<p>Centro degli affari finanziari e commerciali, il World Trade Center era il simbolo del potere economico degli Stati Uniti e, al contempo, del capitalismo americano. In un normale giorno feriale il Wtc (che comprendeva in tutto sette palazzi, comprese le due torri) ospitava circa 50mila lavoratori, a cui si devono sommare i visitatori giornalieri (ogni settimana circa 200mila persone). Ciascuna torre disponeva di 72 ascensori.<\/p>\n<p>A progettare le due torri fu il famoso architetto statunitense di origine giapponese <strong>Minoru Yamasaki<\/strong> (1912-1986), considerato un maestro del &#8220;nuovo formalismo&#8221;, coadiuvato da circa ottanta collaboratori e dagli studi dell&#8217;ingegnere <strong>Leslie E. Robertson<\/strong>. L&#8217;architetto prese in esame decine e decine di modelli, scartando l&#8217;idea di realizzare un&#8217;unica torre, considerata troppo ingombrante, ma anche quella di fare diverse torri, per non correre il rischio di progettare un complesso simile a quelli di edilizia residenziale. Prevalse l&#8217;idea di due torri, una accanto all&#8217;altra, della stessa altezza. &#8220;Il World Trade Center sar\u00e0 la rappresentazione vivente della fede dell\u2019uomo nell\u2019umanit\u00e0 &#8211; disse Yamasaki &#8211; del suo bisogno di dignit\u00e0 individuale, della sua fede nella cooperazione di uomini e, tramite questa cooperazione, della sua abilit\u00e0 a trovare la grandezza&#8221;.<\/p>\n<p>Presto le Torri Gemelle entrarono a far parte dello skyline di New York, conosciute in tutto il mondo grazie a decine di film che le immortalarono sullo sfondo. Dominarono il cielo di Manhattan per 28 anni, fino a quel maledetto 11 Settembre del 2001. Il primo aereo dirottato dai terroristi di al Qaeda si schiant\u00f2 alle 8.46, il secondo alle 9.03. La Torre Sud croll\u00f2 alle 9.59, la Nord alle 10.28.<\/p>\n<p>&nbsp;<\/p>\n<p>Foto: <a href=\"https:\/\/it.wikipedia.org\/wiki\/World_Trade_Center#\/media\/File:LOC_Lower_Manhattan_New_York_City_World_Trade_Center_August_2001.jpg\">Wikipedia<\/a><\/p>\n<p>&nbsp;<\/p>\n<p>&nbsp;<\/p>\n","protected":false},"excerpt":{"rendered":"<p><p>Nel giorno in cui si celebra il diciottesimo anniversario della strage dell&#8217;11 Settembre, mi piace ricordare un&#8217;altra data, il 4 aprile 1973, quando le due Torri Gemelle furono inaugurate.\u00a0 Quattrocentoquindici metri di altezza, superarono l&#8217;Empire State Building (381 metri), svettando sui cieli di Manhattan dall&#8217;alto dei loro centodieci piani. La prima pietra del cantiere del World Trade Center fu posta il 5 agosto 1966, anche se la costruzione vera e propria della prima torre (la Nord) part\u00ec nel 1968, e un anno dopo fu iniziata anche la Torre Sud. L&#8217;idea di tirare su questi due imponenti grattacieli l&#8217;aveva avuta il [&hellip;]<\/p>\n&nbsp;&nbsp;<div class=\"readmore\"><a href=\"https:\/\/blog.ilgiornale.it\/sacchelli\/2019\/09\/11\/cerano-una-volta-le-torri-gemelle\/\">Continua a leggere...<\/a><\/div><\/p>","protected":false},"author":1011,"featured_media":4584,"comment_status":"open","ping_status":"closed","sticky":false,"template":"","format":"standard","meta":[],"categories":[87,29244],"tags":[3754,3753,18665],"_links":{"self":[{"href":"https:\/\/blog.ilgiornale.it\/sacchelli\/wp-json\/wp\/v2\/posts\/4583"}],"collection":[{"href":"https:\/\/blog.ilgiornale.it\/sacchelli\/wp-json\/wp\/v2\/posts"}],"about":[{"href":"https:\/\/blog.ilgiornale.it\/sacchelli\/wp-json\/wp\/v2\/types\/post"}],"author":[{"embeddable":true,"href":"https:\/\/blog.ilgiornale.it\/sacchelli\/wp-json\/wp\/v2\/users\/1011"}],"replies":[{"embeddable":true,"href":"https:\/\/blog.ilgiornale.it\/sacchelli\/wp-json\/wp\/v2\/comments?post=4583"}],"version-history":[{"count":2,"href":"https:\/\/blog.ilgiornale.it\/sacchelli\/wp-json\/wp\/v2\/posts\/4583\/revisions"}],"predecessor-version":[{"id":4586,"href":"https:\/\/blog.ilgiornale.it\/sacchelli\/wp-json\/wp\/v2\/posts\/4583\/revisions\/4586"}],"wp:featuredmedia":[{"embeddable":true,"href":"https:\/\/blog.ilgiornale.it\/sacchelli\/wp-json\/wp\/v2\/media\/4584"}],"wp:attachment":[{"href":"https:\/\/blog.ilgiornale.it\/sacchelli\/wp-json\/wp\/v2\/media?parent=4583"}],"wp:term":[{"taxonomy":"category","embeddable":true,"href":"https:\/\/blog.ilgiornale.it\/sacchelli\/wp-json\/wp\/v2\/categories?post=4583"},{"taxonomy":"post_tag","embeddable":true,"href":"https:\/\/blog.ilgiornale.it\/sacchelli\/wp-json\/wp\/v2\/tags?post=4583"}],"curies":[{"name":"wp","href":"https:\/\/api.w.org\/{rel}","templated":true}]}}