{"id":4741,"date":"2020-03-23T10:15:50","date_gmt":"2020-03-23T10:15:50","guid":{"rendered":"https:\/\/blog.ilgiornale.it\/sacchelli\/?p=4741"},"modified":"2020-03-23T11:03:19","modified_gmt":"2020-03-23T11:03:19","slug":"un-fiume-di-dollari-contro-il-coronavirus","status":"publish","type":"post","link":"https:\/\/blog.ilgiornale.it\/sacchelli\/2020\/03\/23\/un-fiume-di-dollari-contro-il-coronavirus\/","title":{"rendered":"Un fiume di dollari contro il coronavirus"},"content":{"rendered":"<p><a href=\"https:\/\/blog.ilgiornale.it\/sacchelli\/files\/2020\/03\/LAPRESSE_20200323094939_32348286.jpg\"><img loading=\"lazy\" class=\"alignleft size-medium wp-image-4742\" src=\"https:\/\/blog.ilgiornale.it\/sacchelli\/files\/2020\/03\/LAPRESSE_20200323094939_32348286-300x200.jpg\" alt=\"Trump e l'emergenza coronavirus\" width=\"300\" height=\"200\" srcset=\"https:\/\/blog.ilgiornale.it\/sacchelli\/files\/2020\/03\/LAPRESSE_20200323094939_32348286-300x200.jpg 300w, https:\/\/blog.ilgiornale.it\/sacchelli\/files\/2020\/03\/LAPRESSE_20200323094939_32348286-1024x683.jpg 1024w, https:\/\/blog.ilgiornale.it\/sacchelli\/files\/2020\/03\/LAPRESSE_20200323094939_32348286.jpg 1500w\" sizes=\"(max-width: 300px) 100vw, 300px\" \/><\/a>Sembrano lontani anni luce i giorni in cui Donald Trump minimizzava. Il coronavirus si diffonde, piano piano, in tutti gli angoli degli Stati Uniti (mentre scriviamo siamo a oltre 35mila casi di contagio e 471 morti) e la Casa Bianca pensa a un piano per tenere in piedi l&#8217;economia. Perch\u00e9 una cosa \u00e8 certa: passata l&#8217;emergenza in tutto il mondo si faranno i conti sui pesantissimi danni economici che la pandemia sta provocando. Ed evitare che crolli tutto il sistema economico \u00e8 un dovere di chi governa.<\/p>\n<p><strong><a href=\"https:\/\/it.wikipedia.org\/wiki\/Steven_Mnuchin\" target=\"_blank\">Steven Mnuchin<\/a><\/strong>, segretario al Tesoro, ha annunciato un pacchetto di misure che comprendono anche <strong>4mila miliardi di dollari<\/strong> in liquidit\u00e0, prevedendo uno scenario di piena crisi di 10-12 settimane. Se il problema dovesse durare pi\u00f9 a lungo intorno alla decima settimana si torner\u00e0 al Congresso per decidere ulteriori misure. &#8220;Penso che sar\u00e0 concluso, stiamo lavorando contro il tempo al Senato con repubblicani e democratici. Ho parlato con il leader della maggioranza al Senato, Mitch McConnell, quello della minoranza Chuck Schumer, la speaker della Camera Nancy Pelosi, e penso che abbiamo una essenziale condivisione stiamo lavorando per chiuderlo oggi&#8221;. Il piano non \u00e8 ancora passato: i Democratici hanno bloccato le trattative perch\u00e9 &#8220;il pacchetto non proteggerebbe adeguatamente i lavoratori, ma solo le grandi corporazioni&#8221;. Ma l&#8217;accordo \u00e8 vicino. Tra le misure che dovrebbero essere approvate prestiti alle piccole aziende, depositi diretti per le famiglie, garanzie sulla disoccupazione rafforzate.<\/p>\n<p>Intanto il presidente Trump ha autorizzato l&#8217;utilizzo della <a href=\"https:\/\/en.wikipedia.org\/wiki\/United_States_National_Guard\" target=\"_blank\"><strong>Guardia Nazionale<\/strong><\/a> negli Stati di New York, California e Washington, le tre aree maggiormente colpite dal coronavirus. &#8220;Il governo federale finanzier\u00e0 al 100% il costo del dispiegamento delle unit\u00e0 della Guardia Nazionale, con l&#8217;obiettivo di svolgere missioni specifiche per affrontare il virus&#8221;. I soldati aiuteranno il Dipartimento della salute per i test con i tamponi e la realizzazione delle nuove strutture mediche. La Food and drug administration (Fda) ha autorizzato un test rapido in grado di individuare il Covid-19 in circa 45 minuti. Partita la spedizione dei nuovi tamponi.<\/p>\n<p>Il sindaco di New York, <strong>Bill De Blasio<\/strong>, \u00e8 molto preoccupato. &#8220;Aprile sar\u00e0 peggio di marzo e temo che maggio sar\u00e0 peggio di aprile&#8221;, ha detto all&#8217;Nbc. Intanto i governatori Gavin Newsom (California), Andrew Cuomo (New York) e J.B. Pritzker (Illinois) insistono nel chiedere a Trump di adottare il &#8220;<a href=\"https:\/\/en.wikipedia.org\/wiki\/Defense_Production_Act_of_1950\"><strong>Defense Production Act<\/strong><\/a>&#8220;, che permetterebbe al governo federale di imporre alle aziende private la produzione di materiale medico come mascherine e ventilatori. Il presidente varer\u00e0 questa misura di emergenza?<\/p>\n<p>&nbsp;<\/p>\n<p>&nbsp;<\/p>\n","protected":false},"excerpt":{"rendered":"<p><p>Sembrano lontani anni luce i giorni in cui Donald Trump minimizzava. Il coronavirus si diffonde, piano piano, in tutti gli angoli degli Stati Uniti (mentre scriviamo siamo a oltre 35mila casi di contagio e 471 morti) e la Casa Bianca pensa a un piano per tenere in piedi l&#8217;economia. Perch\u00e9 una cosa \u00e8 certa: passata l&#8217;emergenza in tutto il mondo si faranno i conti sui pesantissimi danni economici che la pandemia sta provocando. Ed evitare che crolli tutto il sistema economico \u00e8 un dovere di chi governa. Steven Mnuchin, segretario al Tesoro, ha annunciato un pacchetto di misure che comprendono [&hellip;]<\/p>\n&nbsp;&nbsp;<div class=\"readmore\"><a href=\"https:\/\/blog.ilgiornale.it\/sacchelli\/2020\/03\/23\/un-fiume-di-dollari-contro-il-coronavirus\/\">Continua a leggere...<\/a><\/div><\/p>","protected":false},"author":1011,"featured_media":0,"comment_status":"open","ping_status":"closed","sticky":false,"template":"","format":"standard","meta":[],"categories":[64],"tags":[],"_links":{"self":[{"href":"https:\/\/blog.ilgiornale.it\/sacchelli\/wp-json\/wp\/v2\/posts\/4741"}],"collection":[{"href":"https:\/\/blog.ilgiornale.it\/sacchelli\/wp-json\/wp\/v2\/posts"}],"about":[{"href":"https:\/\/blog.ilgiornale.it\/sacchelli\/wp-json\/wp\/v2\/types\/post"}],"author":[{"embeddable":true,"href":"https:\/\/blog.ilgiornale.it\/sacchelli\/wp-json\/wp\/v2\/users\/1011"}],"replies":[{"embeddable":true,"href":"https:\/\/blog.ilgiornale.it\/sacchelli\/wp-json\/wp\/v2\/comments?post=4741"}],"version-history":[{"count":4,"href":"https:\/\/blog.ilgiornale.it\/sacchelli\/wp-json\/wp\/v2\/posts\/4741\/revisions"}],"predecessor-version":[{"id":4746,"href":"https:\/\/blog.ilgiornale.it\/sacchelli\/wp-json\/wp\/v2\/posts\/4741\/revisions\/4746"}],"wp:attachment":[{"href":"https:\/\/blog.ilgiornale.it\/sacchelli\/wp-json\/wp\/v2\/media?parent=4741"}],"wp:term":[{"taxonomy":"category","embeddable":true,"href":"https:\/\/blog.ilgiornale.it\/sacchelli\/wp-json\/wp\/v2\/categories?post=4741"},{"taxonomy":"post_tag","embeddable":true,"href":"https:\/\/blog.ilgiornale.it\/sacchelli\/wp-json\/wp\/v2\/tags?post=4741"}],"curies":[{"name":"wp","href":"https:\/\/api.w.org\/{rel}","templated":true}]}}