{"id":4776,"date":"2020-04-24T11:00:57","date_gmt":"2020-04-24T11:00:57","guid":{"rendered":"https:\/\/blog.ilgiornale.it\/sacchelli\/?p=4776"},"modified":"2020-04-24T11:13:48","modified_gmt":"2020-04-24T11:13:48","slug":"il-disinfettante-di-trump-per-uccidere-il-coronavirus","status":"publish","type":"post","link":"https:\/\/blog.ilgiornale.it\/sacchelli\/2020\/04\/24\/il-disinfettante-di-trump-per-uccidere-il-coronavirus\/","title":{"rendered":"Il disinfettante di Trump per uccidere il coronavirus"},"content":{"rendered":"<p><a href=\"https:\/\/blog.ilgiornale.it\/sacchelli\/files\/2020\/04\/LAPRESSE_20200424094505_32642261.jpg\"><img loading=\"lazy\" class=\"alignleft size-medium wp-image-4777\" src=\"https:\/\/blog.ilgiornale.it\/sacchelli\/files\/2020\/04\/LAPRESSE_20200424094505_32642261-300x200.jpg\" alt=\"Trump\" width=\"300\" height=\"200\" srcset=\"https:\/\/blog.ilgiornale.it\/sacchelli\/files\/2020\/04\/LAPRESSE_20200424094505_32642261-300x200.jpg 300w, https:\/\/blog.ilgiornale.it\/sacchelli\/files\/2020\/04\/LAPRESSE_20200424094505_32642261-1024x682.jpg 1024w, https:\/\/blog.ilgiornale.it\/sacchelli\/files\/2020\/04\/LAPRESSE_20200424094505_32642261.jpg 1500w\" sizes=\"(max-width: 300px) 100vw, 300px\" \/><\/a>Il presidente degli Stati Uniti \u00e8 finito al centro di una bufera mediatica perch\u00e9 avrebbe suggerito, durante una conferenza stampa alla Casa Bianca, di usare alcuni metodi fantasiosi per curare le persone malate di coronavirus. Quella che segue \u00e8 la &#8220;sbobinatura&#8221; della parte del discorso in cui Donald Trump ha parlato di raggi ultravioletti e disinfettante.<\/p>\n<p><em>&#8220;Potremmo colpire il corpo con un gran numero di (raggi) ultravioletti o una luce molto potente. Lo testeremo, no? &#8211; ha detto rivolgendosi alla sua collaboratrice\u00a0Deborah Birx -. E poi ho proposto di portare quella luce dentro il corpo: si pu\u00f2 fare, attraverso la pelle. O in altri modi. Lo testerete, giusto? Mi sembra interessante. Inoltre vedo che il disinfettante uccide il virus in un minuto. Un minuto. C\u2019\u00e8 un modo per fare qualcosa del genere all\u2019interno dei pazienti, con un\u2019iniezione o una specie di pulizia? Perch\u00e9 arrivi nei polmoni\u2026 lo sperimenteremo, mi sembra interessante&#8221;<\/em> (<strong><a href=\"https:\/\/www.youtube.com\/watch?v=33QdTOyXz3w\" target=\"_blank\">guarda il video<\/a><\/strong>).<\/p>\n<p>Trump non pensa (davvero) che un disinfettante da iniettare alle persone possa uccidere il virus, e neanche che prendere il sole (o farsi le lampade) aiuti a guarire. Magari vorrebbe che fosse vero. Si \u00e8 espresso in modo grossolano. Auspica che la scienza faccia passi avanti e che si arrivi ad una soluzione in grado di debellare il Covid-19. E come tutti noi spera che tutto ci\u00f2 avvenga presto. Ma la scienza, nonostante gli enormi investimenti fatti e il lavoro delle migliori menti del pianeta, ha bisogno dei suoi tempi.<\/p>\n<p>Intanto William Bryan, dell&#8217;unit\u00e0 di scienza e tecnologia del dipartimento di Sicurezza Interna degli Stati Uniti, ha fatto sapere che un simile trattamento (iniezioni di sostanze disinfettanti) non \u00e8 stato preso in considerazione.<\/p>\n<h2>Solito botta e risposta coi giornalisti<\/h2>\n<p>Criticato per la sua frase da un giornalista del Washington Post il presidente ha replicato: &#8220;Io sono il presidente e voi fate falsa informazione. Mi sono limitato a riferire le ipotesi di un brillante team di esperti di laboratorio, di uno scienziato molto, molto intelligente. Parla del sole, del calore sviluppato dai raggi solari. E poi ho riferito i dati. \u00c8 tutto quello che ho. Sono qui solamente per presentare il talento e le idee altri&#8221;. Non \u00e8 la prima volta che Trump battibecca con la stampa, che lo accusa di diffondere notizie non scientificamente fondate e, in particolare, di metodi pseudo scientifici per combattere il coronavirus. In precedenza lo scontro aveva avuto come oggetto l&#8217;<strong>idrossiclorochina<\/strong>, usdata da decenni come farmaco anti-malarico. Trump ha detto che pu\u00f2 essere molto utile per curare i malati di Covid-19, ma gran parte della comunit\u00e0 medico-scientifica \u00e8 convinta che vi siano pesanti rischi collaterali.<\/p>\n<p>&nbsp;<\/p>\n<p>&nbsp;<\/p>\n<p>&nbsp;<\/p>\n","protected":false},"excerpt":{"rendered":"<p><p>Il presidente degli Stati Uniti \u00e8 finito al centro di una bufera mediatica perch\u00e9 avrebbe suggerito, durante una conferenza stampa alla Casa Bianca, di usare alcuni metodi fantasiosi per curare le persone malate di coronavirus. Quella che segue \u00e8 la &#8220;sbobinatura&#8221; della parte del discorso in cui Donald Trump ha parlato di raggi ultravioletti e disinfettante. &#8220;Potremmo colpire il corpo con un gran numero di (raggi) ultravioletti o una luce molto potente. Lo testeremo, no? &#8211; ha detto rivolgendosi alla sua collaboratrice\u00a0Deborah Birx -. E poi ho proposto di portare quella luce dentro il corpo: si pu\u00f2 fare, attraverso la [&hellip;]<\/p>\n&nbsp;&nbsp;<div class=\"readmore\"><a href=\"https:\/\/blog.ilgiornale.it\/sacchelli\/2020\/04\/24\/il-disinfettante-di-trump-per-uccidere-il-coronavirus\/\">Continua a leggere...<\/a><\/div><\/p>","protected":false},"author":1011,"featured_media":0,"comment_status":"open","ping_status":"closed","sticky":false,"template":"","format":"standard","meta":[],"categories":[62841],"tags":[387511,387565,396344,62770,396345],"_links":{"self":[{"href":"https:\/\/blog.ilgiornale.it\/sacchelli\/wp-json\/wp\/v2\/posts\/4776"}],"collection":[{"href":"https:\/\/blog.ilgiornale.it\/sacchelli\/wp-json\/wp\/v2\/posts"}],"about":[{"href":"https:\/\/blog.ilgiornale.it\/sacchelli\/wp-json\/wp\/v2\/types\/post"}],"author":[{"embeddable":true,"href":"https:\/\/blog.ilgiornale.it\/sacchelli\/wp-json\/wp\/v2\/users\/1011"}],"replies":[{"embeddable":true,"href":"https:\/\/blog.ilgiornale.it\/sacchelli\/wp-json\/wp\/v2\/comments?post=4776"}],"version-history":[{"count":5,"href":"https:\/\/blog.ilgiornale.it\/sacchelli\/wp-json\/wp\/v2\/posts\/4776\/revisions"}],"predecessor-version":[{"id":4782,"href":"https:\/\/blog.ilgiornale.it\/sacchelli\/wp-json\/wp\/v2\/posts\/4776\/revisions\/4782"}],"wp:attachment":[{"href":"https:\/\/blog.ilgiornale.it\/sacchelli\/wp-json\/wp\/v2\/media?parent=4776"}],"wp:term":[{"taxonomy":"category","embeddable":true,"href":"https:\/\/blog.ilgiornale.it\/sacchelli\/wp-json\/wp\/v2\/categories?post=4776"},{"taxonomy":"post_tag","embeddable":true,"href":"https:\/\/blog.ilgiornale.it\/sacchelli\/wp-json\/wp\/v2\/tags?post=4776"}],"curies":[{"name":"wp","href":"https:\/\/api.w.org\/{rel}","templated":true}]}}