{"id":4864,"date":"2020-08-28T10:38:58","date_gmt":"2020-08-28T10:38:58","guid":{"rendered":"https:\/\/blog.ilgiornale.it\/sacchelli\/?p=4864"},"modified":"2020-08-28T10:44:34","modified_gmt":"2020-08-28T10:44:34","slug":"trump-law-and-order","status":"publish","type":"post","link":"https:\/\/blog.ilgiornale.it\/sacchelli\/2020\/08\/28\/trump-law-and-order\/","title":{"rendered":"Trump: law and order"},"content":{"rendered":"<p><a href=\"https:\/\/blog.ilgiornale.it\/sacchelli\/files\/2020\/08\/Trump_casabianca.jpg\"><img loading=\"lazy\" class=\"size-medium wp-image-4866 alignleft\" src=\"https:\/\/blog.ilgiornale.it\/sacchelli\/files\/2020\/08\/Trump_casabianca-300x200.jpg\" alt=\"\" width=\"300\" height=\"200\" srcset=\"https:\/\/blog.ilgiornale.it\/sacchelli\/files\/2020\/08\/Trump_casabianca-300x200.jpg 300w, https:\/\/blog.ilgiornale.it\/sacchelli\/files\/2020\/08\/Trump_casabianca-1024x683.jpg 1024w, https:\/\/blog.ilgiornale.it\/sacchelli\/files\/2020\/08\/Trump_casabianca-768x512.jpg 768w, https:\/\/blog.ilgiornale.it\/sacchelli\/files\/2020\/08\/Trump_casabianca-1536x1024.jpg 1536w, https:\/\/blog.ilgiornale.it\/sacchelli\/files\/2020\/08\/Trump_casabianca.jpg 1800w\" sizes=\"(max-width: 300px) 100vw, 300px\" \/><\/a><\/p>\n<p>Nel discorso di chiusura della convention repubblicana, tenutasi come quella democratica in forma virtuale, il presidente Donald Trump ha parlato nel giardino della Casa Bianca, in collegamento video con i delegati del partito repubblicano, deputati e senatori, governatori e tutti i simpatizzanti del Gop. Nel discorso di accettazione della nomination repubblicana Trump ha attaccato Joe Biden. Ed ha posto gli americani di fronte a una scelta campale: &#8220;Queste elezioni decideranno se salviamo l\u2019<strong>American dream<\/strong> oppure se permetteremo a un\u2019<strong>agenda socialista<\/strong> di demolire il nostro amato destino&#8221;. \u00c8 proprio questo il tasto su cui Trump punta: portare avanti un modello politico e sociale basato sullo stato minimo e il primato dell&#8217;individuo, contro una visione &#8220;socialista&#8221; che prevede una maggiore presenza dello Stato. &#8220;Il vostro voto &#8211; ha aggiunto il presidente &#8211; decider\u00e0 se proteggiamo gli americani che rispettano la legge o se daremo freno libero a violenti anarchici, istigatori e criminali che minacciano i nostri cittadini&#8221;. Con questa frase ha fatto riferimento, pur senza mai citarle, alle proteste del movimento <strong>Black Lives Matter<\/strong>. &#8220;Nei termini pi\u00f9 forti possibile il partito repubblicano condanna le rivolte, i saccheggi, gli incendi dolosi e le violenze che abbiamo visto in citt\u00e0 a guida democratica come Kenosha, Minneapolis, Portland, Chicago e New York&#8221; e &#8220;la mia amministrazione star\u00e0 sempre con gli uomini e le donne delle forze dell\u2019ordine&#8221;.<\/p>\n<p>Trump ha respinto al mittente l&#8217;accusa che gli era stata lanciata da Biden nel suo discorso alla convention democratica, quando il democratico aveva presentato le elezioni di novembre come una scelta fra le tenebre (un nuovo mandato del tycoon) e la luce rappresentata da lui: &#8220;L&#8217;America non \u00e8 una terra avvolta nelle tenebre, l&#8217;America \u00e8 la fiaccola che illumina il mondo intero&#8221;, ha detto il presidente usando una vecchia metafora sempre cara agli americani. &#8220;Siamo la nazione che ha vinto una rivoluzione, ha abbattuto tirannia e fascismo e ha portato la libert\u00e0 a milioni di persone&#8221; e &#8220;in qualunque momento il nostro modo di vivere era minacciato, i nostri eroi hanno risposto all\u2019appello&#8221;. Nel finale un invito all&#8217;unit\u00e0 nazionale: &#8220;Insieme siamo inarrestabili. Insieme siamo imbattibili. Perch\u00e9 insieme siamo i cittadini orgogliosi degli Stati Uniti d\u2019America. E il 3 novembre renderemo l\u2019America pi\u00f9 sicura, pi\u00f9 forte, pi\u00f9 orgogliosa e renderemo l\u2019America pi\u00f9 grande che mai&#8221;. I fuochi d\u2019artificio hanno illuminato il cielo di Washington.<\/p>\n<p><a href=\"https:\/\/blog.ilgiornale.it\/sacchelli\/files\/2020\/08\/fuochi.jpg\"><img loading=\"lazy\" class=\"size-medium wp-image-4867\" src=\"https:\/\/blog.ilgiornale.it\/sacchelli\/files\/2020\/08\/fuochi-300x200.jpg\" alt=\"\" width=\"300\" height=\"200\" srcset=\"https:\/\/blog.ilgiornale.it\/sacchelli\/files\/2020\/08\/fuochi-300x200.jpg 300w, https:\/\/blog.ilgiornale.it\/sacchelli\/files\/2020\/08\/fuochi-1024x683.jpg 1024w, https:\/\/blog.ilgiornale.it\/sacchelli\/files\/2020\/08\/fuochi-768x512.jpg 768w, https:\/\/blog.ilgiornale.it\/sacchelli\/files\/2020\/08\/fuochi-1536x1024.jpg 1536w, https:\/\/blog.ilgiornale.it\/sacchelli\/files\/2020\/08\/fuochi.jpg 1800w\" sizes=\"(max-width: 300px) 100vw, 300px\" \/><\/a><\/p>\n<p>Nell&#8217;anno del <strong>coronavirus<\/strong>, che ha bloccato anche le tradizionali convention dei partiti, non poteva mancare un riferimento alla pandemia, con gli Usa che hanno superato 180mila morti, primo Paese al mondo per vittime e contagi. Il presidente \u00e8 tornato a promettere che gli Stati Uniti produrranno un vaccino &#8220;prima della fine dell\u2019anno o forse prima&#8221; e ha attaccato ancora una volta la Cina (&#8220;il virus cinese&#8221;). &#8220;A differenza di Biden, io ritengo i cinesi totalmente responsabili per la tragedia che hanno causato&#8221;. Respingendo le accuse di aver gestito male l&#8217;emergenza ha detto: &#8220;Quando il virus cinese ha colpito, abbiamo lanciato la pi\u00f9 grande mobilitazione nazionale dalla Seconda guerra mondiale&#8221;.<\/p>\n<p>Trump ha promesso <strong>10 milioni di posti di lavoro<\/strong> in 10 mesi e che &#8220;continueremo a ridurre le tasse a livelli mai visti prima&#8221;. La crisi si \u00e8 fatta sentire duramente e Trump vuole dare la scossa. Per farlo promette anche detrazioni fiscali per riportare negli Stati Uniti posti di lavoro trasferiti in Cina. E &#8220;nuove tariffe su qualunque compagnia lasci l\u2019America per creare posti di lavoro oltreoceano&#8221;. Tra slogan, promesse e accuse, la campagna elettorale sta entrando nel vivo. Mancano ancora pi\u00f9 di due mesi e pu\u00f2 accadere di tutto.<\/p>\n<p>&nbsp;<\/p>\n<p><strong><a href=\"https:\/\/www.youtube.com\/watch?v=RhL9iFkBaus&amp;feature=emb_logo\">GUARDA IL DISCORSO DI TRUMP ALLA CASA BIANCA<\/a><\/strong><\/p>\n<p>&nbsp;<\/p>\n","protected":false},"excerpt":{"rendered":"<p><p>Nel discorso di chiusura della convention repubblicana, tenutasi come quella democratica in forma virtuale, il presidente Donald Trump ha parlato nel giardino della Casa Bianca, in collegamento video con i delegati del partito repubblicano, deputati e senatori, governatori e tutti i simpatizzanti del Gop. Nel discorso di accettazione della nomination repubblicana Trump ha attaccato Joe Biden. Ed ha posto gli americani di fronte a una scelta campale: &#8220;Queste elezioni decideranno se salviamo l\u2019American dream oppure se permetteremo a un\u2019agenda socialista di demolire il nostro amato destino&#8221;. \u00c8 proprio questo il tasto su cui Trump punta: portare avanti un modello politico [&hellip;]<\/p>\n&nbsp;&nbsp;<div class=\"readmore\"><a href=\"https:\/\/blog.ilgiornale.it\/sacchelli\/2020\/08\/28\/trump-law-and-order\/\">Continua a leggere...<\/a><\/div><\/p>","protected":false},"author":1011,"featured_media":0,"comment_status":"open","ping_status":"closed","sticky":false,"template":"","format":"standard","meta":[],"categories":[64],"tags":[3735,111596,62770,406156],"_links":{"self":[{"href":"https:\/\/blog.ilgiornale.it\/sacchelli\/wp-json\/wp\/v2\/posts\/4864"}],"collection":[{"href":"https:\/\/blog.ilgiornale.it\/sacchelli\/wp-json\/wp\/v2\/posts"}],"about":[{"href":"https:\/\/blog.ilgiornale.it\/sacchelli\/wp-json\/wp\/v2\/types\/post"}],"author":[{"embeddable":true,"href":"https:\/\/blog.ilgiornale.it\/sacchelli\/wp-json\/wp\/v2\/users\/1011"}],"replies":[{"embeddable":true,"href":"https:\/\/blog.ilgiornale.it\/sacchelli\/wp-json\/wp\/v2\/comments?post=4864"}],"version-history":[{"count":7,"href":"https:\/\/blog.ilgiornale.it\/sacchelli\/wp-json\/wp\/v2\/posts\/4864\/revisions"}],"predecessor-version":[{"id":4874,"href":"https:\/\/blog.ilgiornale.it\/sacchelli\/wp-json\/wp\/v2\/posts\/4864\/revisions\/4874"}],"wp:attachment":[{"href":"https:\/\/blog.ilgiornale.it\/sacchelli\/wp-json\/wp\/v2\/media?parent=4864"}],"wp:term":[{"taxonomy":"category","embeddable":true,"href":"https:\/\/blog.ilgiornale.it\/sacchelli\/wp-json\/wp\/v2\/categories?post=4864"},{"taxonomy":"post_tag","embeddable":true,"href":"https:\/\/blog.ilgiornale.it\/sacchelli\/wp-json\/wp\/v2\/tags?post=4864"}],"curies":[{"name":"wp","href":"https:\/\/api.w.org\/{rel}","templated":true}]}}