{"id":4996,"date":"2020-11-25T13:36:20","date_gmt":"2020-11-25T13:36:20","guid":{"rendered":"https:\/\/blog.ilgiornale.it\/sacchelli\/?p=4996"},"modified":"2020-11-25T14:13:15","modified_gmt":"2020-11-25T14:13:15","slug":"biden-nessuna-vendetta","status":"publish","type":"post","link":"https:\/\/blog.ilgiornale.it\/sacchelli\/2020\/11\/25\/biden-nessuna-vendetta\/","title":{"rendered":"Biden: &#8220;Nessuna vendetta&#8221;"},"content":{"rendered":"<p><strong><a href=\"https:\/\/blog.ilgiornale.it\/sacchelli\/files\/2020\/11\/Biden-1.jpg\"><img loading=\"lazy\" class=\"alignleft size-medium wp-image-4997\" src=\"https:\/\/blog.ilgiornale.it\/sacchelli\/files\/2020\/11\/Biden-1-300x200.jpg\" alt=\"\" width=\"300\" height=\"200\" srcset=\"https:\/\/blog.ilgiornale.it\/sacchelli\/files\/2020\/11\/Biden-1-300x200.jpg 300w, https:\/\/blog.ilgiornale.it\/sacchelli\/files\/2020\/11\/Biden-1-1024x683.jpg 1024w, https:\/\/blog.ilgiornale.it\/sacchelli\/files\/2020\/11\/Biden-1-768x512.jpg 768w, https:\/\/blog.ilgiornale.it\/sacchelli\/files\/2020\/11\/Biden-1.jpg 1446w\" sizes=\"(max-width: 300px) 100vw, 300px\" \/><\/a>Joe Biden<\/strong> fa sapere che l\u2019amministrazione Trump ha contattato il suo team di transizione e ha definito l\u2019impegno della Casa Bianca &#8220;sincero&#8221;. Secondo quanto riportato da un portavoce dell\u2019Ufficio del direttore dell\u2019Intelligence nazionale Biden inizier\u00e0 a ricevere il briefing quotidiano presidenziale classificato (Ppb). Oltre a essere previsto dalla legge \u00e8 un rito di passaggio molto importante per i presidenti eletti: \u00e8 il primo passo verso il trasferimento della responsabilit\u00e0 per i segreti di sicurezza nazionale pi\u00f9 sensibili da un\u2019amministrazione presidenziale all\u2019altra. \u00c8 un segnale che qualcosa sta cambiando e che Trump si appresta a fare il passo (riconoscere la vittoria di Biden) sino ad ora sempre negato? Il presidente per ora nega. &#8220;Che cosa ha a che fare &#8211; ha twittato &#8211; l&#8217;aver consentito alla Gsa (<strong><a href=\"https:\/\/en.wikipedia.org\/wiki\/General_Services_Administration\">General Services Administration<\/a><\/strong>) di avviare il lavoro preliminare con i Democratici con il proseguimento delle nostre azioni legali su quelle che saranno ricordate come le elezioni pi\u00f9 corrotte della storia politica americana?&#8221;. Ed ha aggiunto che andr\u00e0 avanti &#8220;a tutta velocit\u00e0&#8221; nella battaglia legale: &#8220;Non ci arrenderemo mai a voti fasulli&#8221;. Chiarendo poi che non \u00e8 la Gsa a decidere chi sar\u00e0 il prossimo presidente degli Stati Uniti.<\/p>\n<p>In un\u2019intervista a Nbc News Biden si \u00e8 voluto togliere qualche sassolino dalle scarpe, sottolineando che &#8220;questo <strong>non \u00e8 il terzo mandato di Obama<\/strong> perch\u00e9 affrontiamo un mondo completamente differente da quello che abbiamo affrontato nell\u2019amministrazione Obama\/Biden&#8221;. Deve dirlo, per non sembrare una marionetta, anche se Obama ha giocato un ruolo decisivo per la sua vittoria, dapprima nelle primarie del Partito democratico, inducendo alcuni candidati moderati a farsi da parte per concentrare le forze sull&#8217;ex vicepresidente, poi sostenendolo in modo forte (probabilmente decisivo) nella dura campagna elettorale contro Trump. Non c&#8217;\u00e8 dubbio che Biden debba molto a Obama. E le sue prime scelte sui nomi del prossimo esecutivo confermano questo legame tra i due.<\/p>\n<h2>Nessuna vendetta contro Trump<\/h2>\n<p>&#8220;Non far\u00f2 quello che fa questo presidente e non user\u00f2 il Dipartimento di Giustizia come mezzo per insistere sul fatto che sia successo qualcosa&#8221;. Biden nega di voler indagare sul presidente uscente per le sue affermazioni su brogli elettorali. &#8220;Quello su cui mi sto concentrando \u00e8 riportare sicurezza e certezza al popolo americano&#8221;.\u00a0 Questa dichiarazione rientra nella strategia di &#8220;normalizzazione dei rapporti&#8221;, volta a calmare le acque e a non innervosire i repubblicani, rassicurando gli americani che, con la nuova amministrazioni, non ci saranno vendette contro Trump.<\/p>\n<h2>I primi nomi dell&#8217;esecutivo<\/h2>\n<p><a href=\"https:\/\/en.wikipedia.org\/wiki\/Antony_Blinken\"><strong>Antony Blinken<\/strong><\/a> come segretario di Stato; <a href=\"https:\/\/en.wikipedia.org\/wiki\/Janet_Yellen\"><strong>Janet Yellen<\/strong><\/a> (ex presidente della Fed dal 2014 al 2018) al Tesoro; <a href=\"https:\/\/en.wikipedia.org\/wiki\/Alejandro_Mayorkas\"><strong>Alejandro Mayorkas<\/strong><\/a> come segretario per la sicurezza interna (il primo latinoamericano e immigrato a ricoprire la carica); <a href=\"https:\/\/en.wikipedia.org\/wiki\/Avril_Haines\"><strong>Avril Haines<\/strong> <\/a>come direttrice della National Intelligence; <a href=\"https:\/\/en.wikipedia.org\/wiki\/Linda_Thomas-Greenfield\"><strong>Linda Thomas-Greenfield<\/strong><\/a> ambasciatrice presso le Nazioni Unite; <a href=\"https:\/\/en.wikipedia.org\/wiki\/Jake_Sullivan\"><strong>Jake Sullivan<\/strong><\/a> consigliere per la sicurezza nazionale e <a href=\"https:\/\/en.wikipedia.org\/wiki\/John_Kerry\"><strong>John Kerry<\/strong><\/a> inviato presidenziale speciale per il clima. Sia Blinken che Yellen sono pezzi da novanta dell&#8217;establishment democratico vicino a Obama. La Haines ha sostituito Blinken come vice consigliera alla Sicurezza nazionale sotto Obama ed \u00e8 stata vice direttrice della Cia. Kerry ha guidato la diplomazia Usa ed ha sfidato George W. Bush nel 2004. &#8220;\u00c8 una squadra che manterr\u00e0 il nostro Paese e la nostra gente al sicuro &#8211; ha detto Biden -. Ed \u00e8 una squadra che riflette il fatto che l&#8217;America \u00e8 tornata&#8221; ed \u00e8 &#8220;pronta a guidare il mondo&#8221;, il Paese \u00e8 pi\u00f9 forte quando lavora con gli alleati&#8221;. Com&#8217;\u00e8 noto tutte le nomine dei ministri dovranno passare al vaglio del Senato.<\/p>\n<h2>Pompeo critica i nomi scelti da Biden<\/h2>\n<p>Il segretario di Stato, Mike Pompeo, critica la squadra di politica estera e sicurezza scelta da Biden: &#8220;Guidano dalle retrovie, pronti a mediare&#8221;. La critica pi\u00f9 forte, ovviamente, \u00e8 rivolta al suo successore, Antony Blinken, senza risparmiare gli altri nominati: &#8220;Conosco qualcuno di loro, hanno posizioni molto diverse, vivono in una sorta di mondo di fantasia&#8221;.<\/p>\n<p>&nbsp;<\/p>\n<p>Foto: Lapresse<\/p>\n<p>&nbsp;<\/p>\n","protected":false},"excerpt":{"rendered":"<p><p>Joe Biden fa sapere che l\u2019amministrazione Trump ha contattato il suo team di transizione e ha definito l\u2019impegno della Casa Bianca &#8220;sincero&#8221;. Secondo quanto riportato da un portavoce dell\u2019Ufficio del direttore dell\u2019Intelligence nazionale Biden inizier\u00e0 a ricevere il briefing quotidiano presidenziale classificato (Ppb). Oltre a essere previsto dalla legge \u00e8 un rito di passaggio molto importante per i presidenti eletti: \u00e8 il primo passo verso il trasferimento della responsabilit\u00e0 per i segreti di sicurezza nazionale pi\u00f9 sensibili da un\u2019amministrazione presidenziale all\u2019altra. \u00c8 un segnale che qualcosa sta cambiando e che Trump si appresta a fare il passo (riconoscere la vittoria [&hellip;]<\/p>\n&nbsp;&nbsp;<div class=\"readmore\"><a href=\"https:\/\/blog.ilgiornale.it\/sacchelli\/2020\/11\/25\/biden-nessuna-vendetta\/\">Continua a leggere...<\/a><\/div><\/p>","protected":false},"author":1011,"featured_media":4997,"comment_status":"open","ping_status":"closed","sticky":false,"template":"","format":"standard","meta":[],"categories":[47399,62841],"tags":[62770,18576,406187,406188],"_links":{"self":[{"href":"https:\/\/blog.ilgiornale.it\/sacchelli\/wp-json\/wp\/v2\/posts\/4996"}],"collection":[{"href":"https:\/\/blog.ilgiornale.it\/sacchelli\/wp-json\/wp\/v2\/posts"}],"about":[{"href":"https:\/\/blog.ilgiornale.it\/sacchelli\/wp-json\/wp\/v2\/types\/post"}],"author":[{"embeddable":true,"href":"https:\/\/blog.ilgiornale.it\/sacchelli\/wp-json\/wp\/v2\/users\/1011"}],"replies":[{"embeddable":true,"href":"https:\/\/blog.ilgiornale.it\/sacchelli\/wp-json\/wp\/v2\/comments?post=4996"}],"version-history":[{"count":4,"href":"https:\/\/blog.ilgiornale.it\/sacchelli\/wp-json\/wp\/v2\/posts\/4996\/revisions"}],"predecessor-version":[{"id":5001,"href":"https:\/\/blog.ilgiornale.it\/sacchelli\/wp-json\/wp\/v2\/posts\/4996\/revisions\/5001"}],"wp:featuredmedia":[{"embeddable":true,"href":"https:\/\/blog.ilgiornale.it\/sacchelli\/wp-json\/wp\/v2\/media\/4997"}],"wp:attachment":[{"href":"https:\/\/blog.ilgiornale.it\/sacchelli\/wp-json\/wp\/v2\/media?parent=4996"}],"wp:term":[{"taxonomy":"category","embeddable":true,"href":"https:\/\/blog.ilgiornale.it\/sacchelli\/wp-json\/wp\/v2\/categories?post=4996"},{"taxonomy":"post_tag","embeddable":true,"href":"https:\/\/blog.ilgiornale.it\/sacchelli\/wp-json\/wp\/v2\/tags?post=4996"}],"curies":[{"name":"wp","href":"https:\/\/api.w.org\/{rel}","templated":true}]}}