{"id":5034,"date":"2021-01-07T08:39:12","date_gmt":"2021-01-07T08:39:12","guid":{"rendered":"https:\/\/blog.ilgiornale.it\/sacchelli\/?p=5034"},"modified":"2021-01-07T08:39:36","modified_gmt":"2021-01-07T08:39:36","slug":"georgia-ai-democratici-a-biden-anche-il-senato","status":"publish","type":"post","link":"https:\/\/blog.ilgiornale.it\/sacchelli\/2021\/01\/07\/georgia-ai-democratici-a-biden-anche-il-senato\/","title":{"rendered":"Georgia ai democratici: a Biden anche il Senato"},"content":{"rendered":"<p><a href=\"https:\/\/blog.ilgiornale.it\/sacchelli\/files\/2021\/01\/senatori_georgia.jpg\"><img loading=\"lazy\" class=\"alignleft size-medium wp-image-5035\" src=\"https:\/\/blog.ilgiornale.it\/sacchelli\/files\/2021\/01\/senatori_georgia-300x169.jpg\" alt=\"\" width=\"300\" height=\"169\" srcset=\"https:\/\/blog.ilgiornale.it\/sacchelli\/files\/2021\/01\/senatori_georgia-300x169.jpg 300w, https:\/\/blog.ilgiornale.it\/sacchelli\/files\/2021\/01\/senatori_georgia-768x434.jpg 768w, https:\/\/blog.ilgiornale.it\/sacchelli\/files\/2021\/01\/senatori_georgia.jpg 884w\" sizes=\"(max-width: 300px) 100vw, 300px\" \/><\/a>Nel giorno pi\u00f9 sconvolgente per gli Stati Uniti, con l&#8217;assalto al Congresso e la procedura di certificazione dell&#8217;elezione del presidente Biden interrotta per &#8220;cause di forza maggiore&#8221;, \u00e8 passata in secondo piano una notizia davvero importante: i democratici <strong>Raphael Warnock<\/strong> e <strong>Jon Ossoff<\/strong> hanno vinto entrambi i seggi del Senato per cui si \u00e8 votato in Georgia. Il risultato era decisivo perch\u00e9, se i Repubblicani avessero mantenuto il controllo del Senato, Biden sarebbe stato un&#8217;anatra zoppa, come si dice in gergo, ossia un presidente che non avendo il pieno controllo del Congresso deve giocoforza venire a patti con l&#8217;opposizione. Con le due vittorie invece i Democratici si portano a quota 50 senatori, in perfetta parit\u00e0, ma con il voto della vice presidente Kamala Harris, che secondo la Costituzione presiede il Senato, di fatto avranno il controllo della camera alta di Capitol Hill.<\/p>\n<p>Dopo lo storico risultato di Raphael Warnock, che ha battuto Kelly Loeffler divenendo il primo senatore afroamericano eletto in Georgia, Ossoff si \u00e8 imposto su David Perdue per poche migliaia di voti in un risultato rimasto incerto fino alla fine. Gi\u00e0 prima che il risultato venisse ufficializzato Ossoff aveva pubblicato un video per ringraziare gli elettori e aveva ricevuto le congratulazioni del presidente e della vicepresidente eletti, Joe Biden e Kamala Harris.<\/p>\n<p>Stato tradizionalmente conservatore, la Georgia ha <strong>voltato le spalle<\/strong> ai Repubblicani, soprattutto a causa delle profonde spaccature in seno al Gop. Come sottolinea Nate Cohn, esperto di sondaggi sul New York Times, a pesare potrebbe essere stata la bassa partecipazione al voto nelle zone rurali del Paese, tradizionalmente pi\u00f9 vicine ai repubblicani. Di sicuro la partecipazione al voto \u00e8 stata pi\u00f9 alta (di qualche punto) nelle zone pi\u00f9 urbanizzate, dove le minoranze (tendenzialmente pi\u00f9 vicine ai dem) sono pi\u00f9 forti.<\/p>\n<p>Queste elezioni erano cruciali, come detto da mesi. E per questo erano divenute un vero e proprio spartiacque nella politica americana. I Repubblicani sulla carta hanno fatto di tutto per vincerle, al fine di controbilanciare il potere di Biden, tenendo le mani sul Senato. Ma il clima di scontro all&#8217;arma bianca in seno al partito dell&#8217;Elefante, con un regolamento di conti in corso, oltre alle dure accuse di Trump al meccanismo elettorale &#8220;truccato&#8221; (anche in Georgia), hanno fatto desistere una parte dell&#8217;elettorato di destra. E il risultato \u00e8 stato consegnare il Senato nelle mani dei Democratici.<\/p>\n<p>Foto: Cbc.ca<\/p>\n","protected":false},"excerpt":{"rendered":"<p><p>Nel giorno pi\u00f9 sconvolgente per gli Stati Uniti, con l&#8217;assalto al Congresso e la procedura di certificazione dell&#8217;elezione del presidente Biden interrotta per &#8220;cause di forza maggiore&#8221;, \u00e8 passata in secondo piano una notizia davvero importante: i democratici Raphael Warnock e Jon Ossoff hanno vinto entrambi i seggi del Senato per cui si \u00e8 votato in Georgia. Il risultato era decisivo perch\u00e9, se i Repubblicani avessero mantenuto il controllo del Senato, Biden sarebbe stato un&#8217;anatra zoppa, come si dice in gergo, ossia un presidente che non avendo il pieno controllo del Congresso deve giocoforza venire a patti con l&#8217;opposizione. Con [&hellip;]<\/p>\n&nbsp;&nbsp;<div class=\"readmore\"><a href=\"https:\/\/blog.ilgiornale.it\/sacchelli\/2021\/01\/07\/georgia-ai-democratici-a-biden-anche-il-senato\/\">Continua a leggere...<\/a><\/div><\/p>","protected":false},"author":1011,"featured_media":5035,"comment_status":"open","ping_status":"closed","sticky":false,"template":"","format":"standard","meta":[],"categories":[47399,56903,64],"tags":[406196,225063,406182,2646],"_links":{"self":[{"href":"https:\/\/blog.ilgiornale.it\/sacchelli\/wp-json\/wp\/v2\/posts\/5034"}],"collection":[{"href":"https:\/\/blog.ilgiornale.it\/sacchelli\/wp-json\/wp\/v2\/posts"}],"about":[{"href":"https:\/\/blog.ilgiornale.it\/sacchelli\/wp-json\/wp\/v2\/types\/post"}],"author":[{"embeddable":true,"href":"https:\/\/blog.ilgiornale.it\/sacchelli\/wp-json\/wp\/v2\/users\/1011"}],"replies":[{"embeddable":true,"href":"https:\/\/blog.ilgiornale.it\/sacchelli\/wp-json\/wp\/v2\/comments?post=5034"}],"version-history":[{"count":2,"href":"https:\/\/blog.ilgiornale.it\/sacchelli\/wp-json\/wp\/v2\/posts\/5034\/revisions"}],"predecessor-version":[{"id":5037,"href":"https:\/\/blog.ilgiornale.it\/sacchelli\/wp-json\/wp\/v2\/posts\/5034\/revisions\/5037"}],"wp:featuredmedia":[{"embeddable":true,"href":"https:\/\/blog.ilgiornale.it\/sacchelli\/wp-json\/wp\/v2\/media\/5035"}],"wp:attachment":[{"href":"https:\/\/blog.ilgiornale.it\/sacchelli\/wp-json\/wp\/v2\/media?parent=5034"}],"wp:term":[{"taxonomy":"category","embeddable":true,"href":"https:\/\/blog.ilgiornale.it\/sacchelli\/wp-json\/wp\/v2\/categories?post=5034"},{"taxonomy":"post_tag","embeddable":true,"href":"https:\/\/blog.ilgiornale.it\/sacchelli\/wp-json\/wp\/v2\/tags?post=5034"}],"curies":[{"name":"wp","href":"https:\/\/api.w.org\/{rel}","templated":true}]}}