{"id":5173,"date":"2021-03-11T10:02:52","date_gmt":"2021-03-11T10:02:52","guid":{"rendered":"https:\/\/blog.ilgiornale.it\/sacchelli\/?p=5173"},"modified":"2021-03-11T15:53:50","modified_gmt":"2021-03-11T15:53:50","slug":"biden-sta-male","status":"publish","type":"post","link":"https:\/\/blog.ilgiornale.it\/sacchelli\/2021\/03\/11\/biden-sta-male\/","title":{"rendered":"Biden sta male?"},"content":{"rendered":"<p><a href=\"https:\/\/blog.ilgiornale.it\/sacchelli\/files\/2021\/03\/biden.jpg\"><img loading=\"lazy\" class=\"alignleft size-medium wp-image-5174\" src=\"https:\/\/blog.ilgiornale.it\/sacchelli\/files\/2021\/03\/biden-300x200.jpg\" alt=\"\" width=\"300\" height=\"200\" srcset=\"https:\/\/blog.ilgiornale.it\/sacchelli\/files\/2021\/03\/biden-300x200.jpg 300w, https:\/\/blog.ilgiornale.it\/sacchelli\/files\/2021\/03\/biden-768x512.jpg 768w, https:\/\/blog.ilgiornale.it\/sacchelli\/files\/2021\/03\/biden.jpg 900w\" sizes=\"(max-width: 300px) 100vw, 300px\" \/><\/a>Qualcuno ha il sospetto che il presidente degli Stati Uniti, <strong>Joe Biden<\/strong>, sia non solo stanco (comprensibilmente visti i numerosi impegni) ma poco lucido, al punto di evitare accuratamente di incontrare la stampa e di rispondere alle domande dei giornalisti. Ovviamente non ci sono conferme. Potrebbe essere un modo, sottile, per gettare discredito sulle sue condizioni mentali. Del tema si parla molto negli Usa. Secondo un sondaggio pubblicato da <strong><a href=\"https:\/\/www.rasmussenreports.com\/public_content\/politics\/biden_administration\/most_voters_concerned_president_biden_hasn_t_held_white_house_press_conference_yet\"><em>Rasmussen Reports<\/em><\/a><\/strong>, rilanciato a gran voce dalla stampa conservatrice, la met\u00e0 dei potenziali elettori americani teme che il presidente non sia &#8220;fisicamente e mentalmente all&#8217;altezza&#8221; del suo incarico. Il 50% del campione intervistato esprime dubbi sulla sua buona salute mentre il 48% ha fiducia (totale o moderata) verso l&#8217;inquilino della Casa Bianca. Rasmussen sottolinea che l&#8217;insicurezza di met\u00e0 degli americani derivi proprio dal rifiuto di Biden di confrontarsi con la stampa. Insediatosi lo scorso 20 gennaio il presidente non ha mai preso parte ad una vera e propria conferenza stampa: un &#8220;silenzio&#8221; che dura ormai da 50 giorni. Un po&#8217; troppo in effetti, anche se la comunicazione, come ha insegnato Trump nei suoi quattro anni al potere, ormai non \u00e8 fatta solo di conferenze stampa. I media conservatori hanno ritirato fuori alcuni episodi sospetti: la decisione della Casa Bianca di interrompere senza preavviso una diretta, quando al presidente erano state poste alcune domande dai giornalisti; alcuni momenti di apparente confusione del presidente, come lo scorso 9 marzo, quando \u00e8 parso che Biden avesse completamente dimenticato il nome di <strong><a href=\"https:\/\/en.wikipedia.org\/wiki\/Lloyd_Austin\">Lloyd Austin<\/a><\/strong>, che non \u00e8 uno qualsiasi ma il segretario della Difesa. C&#8217;\u00e8 da dire anche che se in passato Biden \u00e8 stato preso di mira per l&#8217;et\u00e0 e la confusione (vedi innumerevoli gaffe), il diretto interessato non ha mai fatto mistero di \u00a0aver lottato a lungo, specie da giovane, con dislessia e balbuzie.<\/p>\n<p>&nbsp;<\/p>\n<p><a href=\"https:\/\/blog.ilgiornale.it\/sacchelli\/files\/2021\/03\/Harris_Biden.jpg\"><img loading=\"lazy\" class=\"alignleft size-medium wp-image-5175\" src=\"https:\/\/blog.ilgiornale.it\/sacchelli\/files\/2021\/03\/Harris_Biden-300x200.jpg\" alt=\"\" width=\"300\" height=\"200\" srcset=\"https:\/\/blog.ilgiornale.it\/sacchelli\/files\/2021\/03\/Harris_Biden-300x200.jpg 300w, https:\/\/blog.ilgiornale.it\/sacchelli\/files\/2021\/03\/Harris_Biden-1024x683.jpg 1024w, https:\/\/blog.ilgiornale.it\/sacchelli\/files\/2021\/03\/Harris_Biden-768x512.jpg 768w, https:\/\/blog.ilgiornale.it\/sacchelli\/files\/2021\/03\/Harris_Biden.jpg 1200w\" sizes=\"(max-width: 300px) 100vw, 300px\" \/><\/a>Tra poco Biden terr\u00e0 il suo <strong>primo discorso<\/strong> in prima serata (gioved\u00ec sera) per commemorare l\u2019anniversario di un anno dai blocchi legati al Covid-19. Certo, non \u00e8 un incontro con la stampa e non prevede domande a cui dover rispondere immediatamente, ma l&#8217;attesa c&#8217;\u00e8 comunque.\u00a0&#8220;Discuter\u00e0 dei molti sacrifici che il popolo americano ha fatto nell\u2019ultimo anno &#8211; ha spiegato la portavoce <strong><a href=\"https:\/\/en.wikipedia.org\/wiki\/Jen_Psaki\">Jen Psaki<\/a> <\/strong>&#8211; e delle gravi perdite che le comunit\u00e0 e le famiglie hanno subito. Il presidente guarder\u00e0 avanti, sottolineando il ruolo che gli americani svolgeranno per sconfiggere il virus e riportare il Paese alla normalit\u00e0. Il popolo americano &#8211; prosegue &#8211; sa che il motivo per cui abbiamo una recessione, il motivo per cui cos\u00ec tante famiglie sono preoccupate di mettere cibo in tavola, il motivo per cui i genitori di tutto il Paese sono preoccupati per l\u2019impatto delle scuole chiuse sulla salute mentale dei loro figli e il loro apprendimento, \u00e8 la pandemia. \u00c8 la questione numero uno e la priorit\u00e0 nella mente del presidente, della vicepresidente e di tutta la nostra squadra &#8211; conclude la portavoce -. Naturalmente questa settimana segna un anno da quando il Paese \u00e8 stato sostanzialmente chiuso a causa della pandemia, ed \u00e8 importante notare quali misure sono state prese e quali progressi sono stati compiuti&#8221;.<\/p>\n<p>Tornando al discorso iniziale, la vera preoccupazione dei Repubblicani \u00e8 cosa accadrebbe se Biden dovesse fare un passo indietro per motivi di salute (e di opportunit\u00e0). <em>Commander in chief<\/em> sarebbe <strong>Kamala Harris<\/strong>, spauracchio per il mondo conservatore, che l&#8217;ha sempre dipinta come una vera e propria minaccia per gli Stati Uniti, molto pi\u00f9 del &#8220;moderato&#8221; Biden.<\/p>\n<p>Concludo suggerendo la lettura di un interessante post pubblicato da <strong>Federico Soldani<\/strong> (epidemiologo psichiatra) sul proprio blog: &#8220;About the psychologization of constitutional law via \u201925th Amendment\u2019 or \u2018Articolo 3\u2019 (2021),&#8221; in <em>PsyPolitics<\/em>, January 10, 2021,\u00a0<a href=\"https:\/\/psypolitics.org\/2021\/01\/10\/about-the-psychologization-of-constitutional-law-via-25th-amendment-or-articolo-3-2021\/\">https:\/\/psypolitics.org\/2021\/01\/10\/about-the-psychologization-of-constitutional-law-via-25th-amendment-or-articolo-3-2021<\/a>\/. &#8220;<span lang=\"it\">Se Biden utilizzer\u00e0 il Sec. 3 (del <a href=\"https:\/\/it.wikipedia.org\/wiki\/XXV_emendamento_della_Costituzione_degli_Stati_Uniti_d%27America\">25\u00b0 emendamento<\/a> della Costituzione, ndr) per far diventare presidente il suo vicepresidente Kamala Harris, si sottometter\u00e0 (e con lui, simbolicamente, la carica politica che rappresenta) al discorso medico tecnico-scientifico e sar\u00e0 visto come un &#8216;buon esempio&#8217;, o modello per il <strong>nuovo cittadino<\/strong> sempre pi\u00f9 rappresentato come <strong>paziente<\/strong>&#8230;&#8221;.\u00a0<\/span><\/p>\n<p>Cosa dice la Sec. 3 del 25\u00b0 emendamento: &#8220;Nei casi in cui il Presidente trasmetta al Presidente\u00a0<i>pro tempore<\/i> del Senato ed allo Speaker della Camera dei Rappresentanti una sua dichiarazione scritta che egli non \u00e8 in grado di esercitare i poteri e i doveri del suo ufficio, e fino a che egli non trasmetta ad essi una dichiarazione scritta del contrario, tali poteri e doveri saranno esercitati dal Vice Presidente quale Presidente facente funzioni&#8221;.<\/p>\n<p>&nbsp;<\/p>\n<p>&nbsp;<\/p>\n<p>&nbsp;<\/p>\n<p>&nbsp;<\/p>\n<p>Foto: Lapresse<\/p>\n","protected":false},"excerpt":{"rendered":"<p><p>Qualcuno ha il sospetto che il presidente degli Stati Uniti, Joe Biden, sia non solo stanco (comprensibilmente visti i numerosi impegni) ma poco lucido, al punto di evitare accuratamente di incontrare la stampa e di rispondere alle domande dei giornalisti. Ovviamente non ci sono conferme. Potrebbe essere un modo, sottile, per gettare discredito sulle sue condizioni mentali. Del tema si parla molto negli Usa. Secondo un sondaggio pubblicato da Rasmussen Reports, rilanciato a gran voce dalla stampa conservatrice, la met\u00e0 dei potenziali elettori americani teme che il presidente non sia &#8220;fisicamente e mentalmente all&#8217;altezza&#8221; del suo incarico. Il 50% del [&hellip;]<\/p>\n&nbsp;&nbsp;<div class=\"readmore\"><a href=\"https:\/\/blog.ilgiornale.it\/sacchelli\/2021\/03\/11\/biden-sta-male\/\">Continua a leggere...<\/a><\/div><\/p>","protected":false},"author":1011,"featured_media":0,"comment_status":"open","ping_status":"closed","sticky":false,"template":"","format":"standard","meta":[],"categories":[47399,64],"tags":[18576,406235,406236,406237],"_links":{"self":[{"href":"https:\/\/blog.ilgiornale.it\/sacchelli\/wp-json\/wp\/v2\/posts\/5173"}],"collection":[{"href":"https:\/\/blog.ilgiornale.it\/sacchelli\/wp-json\/wp\/v2\/posts"}],"about":[{"href":"https:\/\/blog.ilgiornale.it\/sacchelli\/wp-json\/wp\/v2\/types\/post"}],"author":[{"embeddable":true,"href":"https:\/\/blog.ilgiornale.it\/sacchelli\/wp-json\/wp\/v2\/users\/1011"}],"replies":[{"embeddable":true,"href":"https:\/\/blog.ilgiornale.it\/sacchelli\/wp-json\/wp\/v2\/comments?post=5173"}],"version-history":[{"count":13,"href":"https:\/\/blog.ilgiornale.it\/sacchelli\/wp-json\/wp\/v2\/posts\/5173\/revisions"}],"predecessor-version":[{"id":5188,"href":"https:\/\/blog.ilgiornale.it\/sacchelli\/wp-json\/wp\/v2\/posts\/5173\/revisions\/5188"}],"wp:attachment":[{"href":"https:\/\/blog.ilgiornale.it\/sacchelli\/wp-json\/wp\/v2\/media?parent=5173"}],"wp:term":[{"taxonomy":"category","embeddable":true,"href":"https:\/\/blog.ilgiornale.it\/sacchelli\/wp-json\/wp\/v2\/categories?post=5173"},{"taxonomy":"post_tag","embeddable":true,"href":"https:\/\/blog.ilgiornale.it\/sacchelli\/wp-json\/wp\/v2\/tags?post=5173"}],"curies":[{"name":"wp","href":"https:\/\/api.w.org\/{rel}","templated":true}]}}