{"id":5223,"date":"2021-06-17T14:18:41","date_gmt":"2021-06-17T14:18:41","guid":{"rendered":"https:\/\/blog.ilgiornale.it\/sacchelli\/?p=5223"},"modified":"2021-06-17T14:22:39","modified_gmt":"2021-06-17T14:22:39","slug":"tra-biden-e-putin-clima-di-disgelo","status":"publish","type":"post","link":"https:\/\/blog.ilgiornale.it\/sacchelli\/2021\/06\/17\/tra-biden-e-putin-clima-di-disgelo\/","title":{"rendered":"Tra Biden e Putin clima di disgelo"},"content":{"rendered":"<p><a href=\"https:\/\/blog.ilgiornale.it\/sacchelli\/files\/2021\/06\/Biden_Putin.jpg\"><img loading=\"lazy\" class=\"alignleft wp-image-5225 size-medium\" src=\"https:\/\/blog.ilgiornale.it\/sacchelli\/files\/2021\/06\/Biden_Putin-300x200.jpg\" alt=\"\" width=\"300\" height=\"200\" srcset=\"https:\/\/blog.ilgiornale.it\/sacchelli\/files\/2021\/06\/Biden_Putin-300x200.jpg 300w, https:\/\/blog.ilgiornale.it\/sacchelli\/files\/2021\/06\/Biden_Putin-1024x683.jpg 1024w, https:\/\/blog.ilgiornale.it\/sacchelli\/files\/2021\/06\/Biden_Putin-768x512.jpg 768w, https:\/\/blog.ilgiornale.it\/sacchelli\/files\/2021\/06\/Biden_Putin-1536x1024.jpg 1536w, https:\/\/blog.ilgiornale.it\/sacchelli\/files\/2021\/06\/Biden_Putin.jpg 1840w\" sizes=\"(max-width: 300px) 100vw, 300px\" \/><\/a><\/p>\n<p>&#8220;L&#8217;immagine del presidente degli Stati Uniti <strong>Joe Biden<\/strong> fornita dalla stampa non ha nulla a che fare con la realt\u00e0&#8221;. <strong>Vladimir Putin<\/strong> l&#8217;ha detto durante un incontro, a Mosca, con alcuni neo laureati. &#8220;Voglio dire che l&#8217;immagine del presidente Biden, ritratta dalla nostra e anche dalla stampa Usa, non ha nulla a che fare con la realt\u00e0&#8221;. Cosa vorr\u00e0 dire Putin? Di certo qualcosa si sta muovendo negli equilibri geopolitici, e non \u00e8 detto che i rapporti tra Stati Uniti e Russia debbano continuare ad essere cos\u00ec tesi come negli ultimi anni. Biden si \u00e8 guadagnato il rispetto dei russi, secondo <strong>Kadri Liik<\/strong>, analista dell&#8217;<em>European Council on Foreign Relations<\/em>: &#8220;Non perch\u00e9 \u00e8 stato duro o perch\u00e9 ha &#8220;usato toni di confronto con Putin. Ma perch\u00e9 ha dimostrato di saper scegliere con saggezza le sue battaglie e ha dimostrato di saper mantenere sia l&#8217;equilibrio che l&#8217;integrit\u00e0&#8221;.<\/p>\n<p>Certo, non bastano un colloquio o una stretta di mano per modificare i rapporti di forza e le ataviche diffidenze tra le due super potenze. Ma almeno i due presidenti si sono detti in faccia, con chiarezza, su quali terreni possono collaborare\/interagire e su quali invece non \u00e8 possibile farlo, come ha sottolineato il portavoce del Cremlino, <strong>Dmitry Peskov<\/strong>: &#8220;Dal punto di vista dei leader (il summit, ndr) \u00e8 stato un opportunit\u00e0 di esprimere direttamente la loro posizione e capire pi\u00f9 o meno dove possono interagire e quale interazione invece non \u00e8 possibile al momento data la completa divergenza delle posizioni e anche questo \u00e8 un plus&#8221;.<\/p>\n<p>I disaccordi restano, a partire dai <strong>diritti umani<\/strong>, ma anche sull\u2019<strong>Ucraina<\/strong> e il ruolo (per meglio dire l&#8217;allargamento della sfera d&#8217;influenza) della Nato. A complicare le cose c&#8217;\u00e8 anche il &#8220;caso Navalnj&#8221;, il dissidente russo incarcerato, su cui l&#8217;Occidente intero chiede la liberazione. Ma su tante altre questioni non meno importanti sembra ci sia la piena disponibilit\u00e0 a dialogare da &#8220;persone adulte&#8221;, senza prendersi in giro e farsi false promesse. Qualcuno sussurra che la &#8220;guerra fredda \u00e8 tornata&#8221;, ricordando per\u00f2 che mai come durante la guerra fredda il mondo abbia vissuto un periodo di cos\u00ec lungo equilibrio e pace.<\/p>\n<p>Interessante registrare anche la reazione da parte della <strong>Cina<\/strong>, che accoglie con favore l&#8217;intesa raggiunta tra Biden e Putin per il proseguimento del dialogo bilaterale e la stabilit\u00e0 strategica. Significativo l&#8217;apprezzamento anche da <strong>Mikhail Gorbaciov<\/strong>. L&#8217;ex presidente dell&#8217;Unione Sovietica in un&#8217;intervista all&#8217;agenzia Interfax sottolinea che &#8220;i presidenti hanno fatto il primo passo verso la garanzia della stabilit\u00e0 strategica, la cosa principale ora \u00e8 non deviare da questo cammino (&#8230;). I presidenti hanno superato i dubbi e l&#8217;ambiguit\u00e0, comprendendo che la sicurezza \u00e8 la questione principale e che la questione nucleare \u00e8 particolarmente pericoloso per il mondo (&#8230;). Accolgo con favore gli accordi dei nostri leader che, come facemmo non molto tempo fa io e <strong>Reagan<\/strong>, hanno affrontato la questione della sicurezza (&#8230;) fu allora che inizi\u00f2 lo sforzo per il disarmo nucleare, un impulso che non si \u00e8 esaurito perch\u00e9 la gente ha creduto nella sicurezza nucleare (&#8230;) Sono convinto che tutti saranno soddisfatti dei risultati&#8221;, ha concluso Gorbaciov, &#8220;la gente vuole crescere le future generazioni in pace e bisogna creare le condizioni per questo&#8221;.<\/p>\n<p><strong>Biden e la &#8220;prova del budino&#8221;<\/strong><\/p>\n<p>Nonostante i rapporti tesi, da tempo, tra i due Paesi, il vertice \u00e8 andato bene. Parlando ai giornalisti prima di salire sull&#8217;Air Force One per tornare a Washington Biden dice di &#8220;sentirsi bene&#8221; dopo il meeting. Ma ribadisce che solo le azioni di Mosca potranno confermare (o meno) se sono stati fatti progressi. &#8220;C&#8217;\u00e8 la concreta possibilit\u00e0 di un miglioramento delle relazioni&#8221;, ammette Biden. &#8220;\u00c8 stato importante incontrarsi di persona, per evitare fraintendimenti su quello che intendevo comunicare. Ho fatto quello che dovevo fare. Questa non \u00e8 una questione di fiducia ma di interessi e di verifica degli interessi. La prova del budino si ha quando lo si mangia. Molto presto sapremo&#8221;&#8230;<\/p>\n","protected":false},"excerpt":{"rendered":"<p><p>&#8220;L&#8217;immagine del presidente degli Stati Uniti Joe Biden fornita dalla stampa non ha nulla a che fare con la realt\u00e0&#8221;. Vladimir Putin l&#8217;ha detto durante un incontro, a Mosca, con alcuni neo laureati. &#8220;Voglio dire che l&#8217;immagine del presidente Biden, ritratta dalla nostra e anche dalla stampa Usa, non ha nulla a che fare con la realt\u00e0&#8221;. Cosa vorr\u00e0 dire Putin? Di certo qualcosa si sta muovendo negli equilibri geopolitici, e non \u00e8 detto che i rapporti tra Stati Uniti e Russia debbano continuare ad essere cos\u00ec tesi come negli ultimi anni. Biden si \u00e8 guadagnato il rispetto dei russi, [&hellip;]<\/p>\n&nbsp;&nbsp;<div class=\"readmore\"><a href=\"https:\/\/blog.ilgiornale.it\/sacchelli\/2021\/06\/17\/tra-biden-e-putin-clima-di-disgelo\/\">Continua a leggere...<\/a><\/div><\/p>","protected":false},"author":1011,"featured_media":5225,"comment_status":"open","ping_status":"closed","sticky":false,"template":"","format":"standard","meta":[],"categories":[47399,64],"tags":[406241,32762],"_links":{"self":[{"href":"https:\/\/blog.ilgiornale.it\/sacchelli\/wp-json\/wp\/v2\/posts\/5223"}],"collection":[{"href":"https:\/\/blog.ilgiornale.it\/sacchelli\/wp-json\/wp\/v2\/posts"}],"about":[{"href":"https:\/\/blog.ilgiornale.it\/sacchelli\/wp-json\/wp\/v2\/types\/post"}],"author":[{"embeddable":true,"href":"https:\/\/blog.ilgiornale.it\/sacchelli\/wp-json\/wp\/v2\/users\/1011"}],"replies":[{"embeddable":true,"href":"https:\/\/blog.ilgiornale.it\/sacchelli\/wp-json\/wp\/v2\/comments?post=5223"}],"version-history":[{"count":5,"href":"https:\/\/blog.ilgiornale.it\/sacchelli\/wp-json\/wp\/v2\/posts\/5223\/revisions"}],"predecessor-version":[{"id":5229,"href":"https:\/\/blog.ilgiornale.it\/sacchelli\/wp-json\/wp\/v2\/posts\/5223\/revisions\/5229"}],"wp:featuredmedia":[{"embeddable":true,"href":"https:\/\/blog.ilgiornale.it\/sacchelli\/wp-json\/wp\/v2\/media\/5225"}],"wp:attachment":[{"href":"https:\/\/blog.ilgiornale.it\/sacchelli\/wp-json\/wp\/v2\/media?parent=5223"}],"wp:term":[{"taxonomy":"category","embeddable":true,"href":"https:\/\/blog.ilgiornale.it\/sacchelli\/wp-json\/wp\/v2\/categories?post=5223"},{"taxonomy":"post_tag","embeddable":true,"href":"https:\/\/blog.ilgiornale.it\/sacchelli\/wp-json\/wp\/v2\/tags?post=5223"}],"curies":[{"name":"wp","href":"https:\/\/api.w.org\/{rel}","templated":true}]}}