{"id":5282,"date":"2021-12-11T14:48:28","date_gmt":"2021-12-11T14:48:28","guid":{"rendered":"https:\/\/blog.ilgiornale.it\/sacchelli\/?p=5282"},"modified":"2021-12-11T16:09:39","modified_gmt":"2021-12-11T16:09:39","slug":"essere-o-non-essere-democratici","status":"publish","type":"post","link":"https:\/\/blog.ilgiornale.it\/sacchelli\/2021\/12\/11\/essere-o-non-essere-democratici\/","title":{"rendered":"Essere o non essere (democratici)&#8230;"},"content":{"rendered":"<p><a href=\"https:\/\/blog.ilgiornale.it\/sacchelli\/files\/2021\/12\/Biden.jpg\"><img loading=\"lazy\" class=\"alignleft size-medium wp-image-5283\" src=\"https:\/\/blog.ilgiornale.it\/sacchelli\/files\/2021\/12\/Biden-300x200.jpg\" alt=\"\" width=\"300\" height=\"200\" srcset=\"https:\/\/blog.ilgiornale.it\/sacchelli\/files\/2021\/12\/Biden-300x200.jpg 300w, https:\/\/blog.ilgiornale.it\/sacchelli\/files\/2021\/12\/Biden-1024x683.jpg 1024w, https:\/\/blog.ilgiornale.it\/sacchelli\/files\/2021\/12\/Biden-768x512.jpg 768w, https:\/\/blog.ilgiornale.it\/sacchelli\/files\/2021\/12\/Biden-1536x1024.jpg 1536w, https:\/\/blog.ilgiornale.it\/sacchelli\/files\/2021\/12\/Biden.jpg 1728w\" sizes=\"(max-width: 300px) 100vw, 300px\" \/><\/a>Il fatto stesso che una delle riviste statunitensi pi\u00f9 famose, il Time, abbia duramente criticato Biden per la scelta di tenere un summit internazionale sulla democrazia, d\u00e0 la misura di cosa sia (davvero) la democrazia e perch\u00e9 sia importante. Partiamo dalla critica del Time: &#8220;Il Summit for Democracy voluto dal presidente Usa \u00e8 la punta dell\u2019ipocrisia. Non c\u2019\u00e8 spiegazione &#8211; <strong><a href=\"https:\/\/time.com\/6127359\/biden-summit-for-democracy\/\" target=\"_blank\" rel=\"noopener noreferrer\">si legge nell\u2019articolo del saggista Debasish Roy Chowdhury<\/a> <\/strong>&#8211; sul perch\u00e9 siano stati invitati alcuni Paesi cos\u00ec lontani dalla democrazia. Pi\u00f9 del 30% dei 110 invitati sono classificati dalla no-profit americana Freedom House come parzialmente liberi, mentre tre \u2019non lo son\u00f2, Angola, Repubblica Democratica del Congo e Iraq&#8221;. A questi, continua Time, si aggiungono un\u2019altra dozzina di Paesi classificati come &#8216;autocrazie elettorali&#8217;, come Filippine, Indian e Kenia&#8221;.<\/p>\n<p>Criticare in modo cos\u00ec duro il presidente senza avere alcuna conseguenza legale, d\u00e0 la misura di cosa sia davvero la democrazia e la libert\u00e0 di stampa.<\/p>\n<p>Tra i paesi non invitati spiccano, per importanza, Cina e Russia. Ecco come ha reagito <strong>Pechino<\/strong> allo sgarbo di Biden. &#8220;La democrazia \u00e8 diventata un&#8217;arma di distruzione di massa usata dagli Stati Uniti per interferenze negli affari di altri Paesi&#8221;, si legge sul sito web del ministero degli Esteri cinese, attribuita a un portavoce della diplomazia del gigante asiatico. Alla vigilia del Summit per la democrazia il Partito comunista cinese ha lanciato un libro bianco dal titolo beffardo: &#8220;Cina: la democrazia che funziona&#8221;.<\/p>\n<p>La <strong>Russia<\/strong> invece come ha reagito? Apparentemente con il silenzio. Ma \u00e8 proprio con la Russia che Pechino sta lavorando di pi\u00f9 a livello diplomatico (e non solo). La sintonia \u00e8 totale, come evidenziato da un editoriale firmato dagli ambasciatori cinese e russo a Washington (Qin Gang e Anatoly Antonov) uscito sul The National Interest: il summit per la democrazia viene definito come &#8220;un prodotto evidente della loro (degli Usa, ndr) mentalit\u00e0 da Guerra Fredda, che alimenter\u00e0 il confronto ideologico e una spaccatura nel mondo, creando nuove linee di divisione&#8221;.<\/p>\n<p>Ecco invece cosa aveva scritto alla vigilia del summit il segretario di Stato americano, <strong>Antony Blinken<\/strong>,\u00a0 in un <strong><a href=\"https:\/\/eu.usatoday.com\/story\/opinion\/2021\/12\/08\/president-biden-hosting-democracy-summit-here-why\/6418307001\/\">editoriale su Usa Today<\/a><\/strong>: &#8220;Da quindici anni la libert\u00e0 globale \u00e8 in declino. Succede nei Paesi autoritari, dove sono state limitate le libert\u00e0 delle persone, cancellate o rinviate le elezioni, e nei Paesi democratici, dove la disinformazione ha eroso la fiducia delle istituzioni pubbliche&#8230; La pandemia da Covid ha acuito questi problemi. Leader senza scrupoli hanno approfittato dell\u2019opportunit\u00e0 per colpire la libert\u00e0 di riunirsi, mentre una falsa informazione si \u00e8 propagata in tutto il mondo riguardo il virus e i vaccini. Ecco perch\u00e9 il presidente Biden ha messo insieme pi\u00f9 di cento governi&#8221;.<\/p>\n<p><a href=\"https:\/\/blog.ilgiornale.it\/sacchelli\/files\/2021\/12\/Summit_democracy.jpg\"><img loading=\"lazy\" class=\"alignleft size-medium wp-image-5284\" src=\"https:\/\/blog.ilgiornale.it\/sacchelli\/files\/2021\/12\/Summit_democracy-300x200.jpg\" alt=\"\" width=\"300\" height=\"200\" srcset=\"https:\/\/blog.ilgiornale.it\/sacchelli\/files\/2021\/12\/Summit_democracy-300x200.jpg 300w, https:\/\/blog.ilgiornale.it\/sacchelli\/files\/2021\/12\/Summit_democracy-768x512.jpg 768w, https:\/\/blog.ilgiornale.it\/sacchelli\/files\/2021\/12\/Summit_democracy.jpg 887w\" sizes=\"(max-width: 300px) 100vw, 300px\" \/><\/a><\/p>\n<p>Nella chiusura del summit Biden si \u00e8 soffermato sulle elezioni: &#8220;Il sacro diritto al voto, a votare liberamente e il diritto ad avere il vostro voto conteggiato sono la base della libert\u00e0. Senza, niente \u00e8 possibile&#8221;. Il presidente ha difeso il <a href=\"https:\/\/www.congress.gov\/bill\/117th-congress\/senate-bill\/2747#:~:text=Introduced%20in%20Senate%20(09%2F14%2F2021)&amp;text=This%20bill%20addresses%20voter%20registration,%2Dmail%20and%20early%20voting).\">Freedom to Vote act<\/a> e il <a href=\"https:\/\/en.wikipedia.org\/wiki\/John_Lewis_Voting_Rights_Act#:~:text=The%20John%20Lewis%20Voting%20Rights,Holder%20and%20Brnovich%20v.\">John Lewis Voting Rights Advancement Act<\/a>, due leggi che puntano a facilitare l\u2019accesso al voto. Non ha per\u00f2 spiegato come pensa che le due leggi possano andare avanti al Congresso, spaccato in due tra democratici e repubblicani.<\/p>\n<p>&nbsp;<\/p>\n<p>Foto: Lapresse<\/p>\n","protected":false},"excerpt":{"rendered":"<p><p>Il fatto stesso che una delle riviste statunitensi pi\u00f9 famose, il Time, abbia duramente criticato Biden per la scelta di tenere un summit internazionale sulla democrazia, d\u00e0 la misura di cosa sia (davvero) la democrazia e perch\u00e9 sia importante. Partiamo dalla critica del Time: &#8220;Il Summit for Democracy voluto dal presidente Usa \u00e8 la punta dell\u2019ipocrisia. Non c\u2019\u00e8 spiegazione &#8211; si legge nell\u2019articolo del saggista Debasish Roy Chowdhury &#8211; sul perch\u00e9 siano stati invitati alcuni Paesi cos\u00ec lontani dalla democrazia. Pi\u00f9 del 30% dei 110 invitati sono classificati dalla no-profit americana Freedom House come parzialmente liberi, mentre tre \u2019non lo [&hellip;]<\/p>\n&nbsp;&nbsp;<div class=\"readmore\"><a href=\"https:\/\/blog.ilgiornale.it\/sacchelli\/2021\/12\/11\/essere-o-non-essere-democratici\/\">Continua a leggere...<\/a><\/div><\/p>","protected":false},"author":1011,"featured_media":5283,"comment_status":"open","ping_status":"closed","sticky":false,"template":"","format":"standard","meta":[],"categories":[18531,64],"tags":[18576,434033,434034],"_links":{"self":[{"href":"https:\/\/blog.ilgiornale.it\/sacchelli\/wp-json\/wp\/v2\/posts\/5282"}],"collection":[{"href":"https:\/\/blog.ilgiornale.it\/sacchelli\/wp-json\/wp\/v2\/posts"}],"about":[{"href":"https:\/\/blog.ilgiornale.it\/sacchelli\/wp-json\/wp\/v2\/types\/post"}],"author":[{"embeddable":true,"href":"https:\/\/blog.ilgiornale.it\/sacchelli\/wp-json\/wp\/v2\/users\/1011"}],"replies":[{"embeddable":true,"href":"https:\/\/blog.ilgiornale.it\/sacchelli\/wp-json\/wp\/v2\/comments?post=5282"}],"version-history":[{"count":4,"href":"https:\/\/blog.ilgiornale.it\/sacchelli\/wp-json\/wp\/v2\/posts\/5282\/revisions"}],"predecessor-version":[{"id":5288,"href":"https:\/\/blog.ilgiornale.it\/sacchelli\/wp-json\/wp\/v2\/posts\/5282\/revisions\/5288"}],"wp:featuredmedia":[{"embeddable":true,"href":"https:\/\/blog.ilgiornale.it\/sacchelli\/wp-json\/wp\/v2\/media\/5283"}],"wp:attachment":[{"href":"https:\/\/blog.ilgiornale.it\/sacchelli\/wp-json\/wp\/v2\/media?parent=5282"}],"wp:term":[{"taxonomy":"category","embeddable":true,"href":"https:\/\/blog.ilgiornale.it\/sacchelli\/wp-json\/wp\/v2\/categories?post=5282"},{"taxonomy":"post_tag","embeddable":true,"href":"https:\/\/blog.ilgiornale.it\/sacchelli\/wp-json\/wp\/v2\/tags?post=5282"}],"curies":[{"name":"wp","href":"https:\/\/api.w.org\/{rel}","templated":true}]}}