{"id":5513,"date":"2024-06-06T16:00:59","date_gmt":"2024-06-06T16:00:59","guid":{"rendered":"https:\/\/blog.ilgiornale.it\/sacchelli\/?p=5513"},"modified":"2024-06-06T17:01:59","modified_gmt":"2024-06-06T17:01:59","slug":"gli-alleati-che-fecero-limpresa","status":"publish","type":"post","link":"https:\/\/blog.ilgiornale.it\/sacchelli\/2024\/06\/06\/gli-alleati-che-fecero-limpresa\/","title":{"rendered":"Gli Alleati che fecero l&#8217;impresa"},"content":{"rendered":"<p><a href=\"https:\/\/blog.ilgiornale.it\/sacchelli\/files\/2024\/06\/royal_marines.jpg\"><img loading=\"lazy\" class=\"alignleft size-medium wp-image-5522\" src=\"https:\/\/blog.ilgiornale.it\/sacchelli\/files\/2024\/06\/royal_marines-300x198.jpg\" alt=\"\" width=\"300\" height=\"198\" srcset=\"https:\/\/blog.ilgiornale.it\/sacchelli\/files\/2024\/06\/royal_marines-300x198.jpg 300w, https:\/\/blog.ilgiornale.it\/sacchelli\/files\/2024\/06\/royal_marines-768x506.jpg 768w, https:\/\/blog.ilgiornale.it\/sacchelli\/files\/2024\/06\/royal_marines.jpg 848w\" sizes=\"(max-width: 300px) 100vw, 300px\" \/><\/a>Ottant&#8217;anni fa, il <strong>6 giugno 1944<\/strong>, le truppe alleate (Stati Uniti, Regno Unito, Canada e Francia libera) sbarcarono in Normandia. \u00c8 una data spartiacque perch\u00e9 si apr\u00ec il secondo fronte, nel corso della Seconda guerra mondiale, da cui si posero le basi per la sconfitta della Germania nazista. Grazie a quello sforzo enorme, di uomini e di mezzi, il mondo un anno dopo torn\u00f2 libero.<\/p>\n<p>Oggi a <strong>Omaha Beach<\/strong> (Saint-Laurent-sur-Mer) la cerimonia solenne con pi\u00f9 di venti capi di Stato e di governo. La commemorazione, aperta al pubblico, \u00e8 presieduta dal presidente Usa Joe Biden e dal presidente francese Emmanuel Macron. Undici veterani di guerra americani hanno ricevuto la Legion d&#8217;Onore.<\/p>\n<p>&nbsp;<\/p>\n<p><a href=\"https:\/\/blog.ilgiornale.it\/sacchelli\/files\/2024\/06\/Biden_Macron.jpg\"><img loading=\"lazy\" class=\"alignleft size-medium wp-image-5517\" src=\"https:\/\/blog.ilgiornale.it\/sacchelli\/files\/2024\/06\/Biden_Macron-300x199.jpg\" alt=\"\" width=\"300\" height=\"199\" srcset=\"https:\/\/blog.ilgiornale.it\/sacchelli\/files\/2024\/06\/Biden_Macron-300x199.jpg 300w, https:\/\/blog.ilgiornale.it\/sacchelli\/files\/2024\/06\/Biden_Macron-768x509.jpg 768w, https:\/\/blog.ilgiornale.it\/sacchelli\/files\/2024\/06\/Biden_Macron.jpg 856w\" sizes=\"(max-width: 300px) 100vw, 300px\" \/><\/a>&#8220;Noi conosciamo le oscure forze contro le quali questi eroi hanno combattuto 80 anni fa &#8211; ha detto <strong>Joe Biden<\/strong> -. Non scompaiono mai, l&#8217;aggressione, l&#8217;avidit\u00e0, il desiderio di dominare, controllare, cambiare con la forza i confini. Queste sono perenni, e la lotta tra dittatura e libert\u00e0 non ha fine&#8221;. Biden ha collegato la lotta contro i nazisti a quella contro l&#8217;invasione russa in Ucraina, &#8220;invasa da un tiranno incline alla dominazione. Gli ucraini stanno combattendo con coraggio straordinario, grandi sofferenze e perdite ma non arretreranno mai. Gli Stati Uniti, la Nato ed una coalizione di oltre 50 Paesi sono saldi al fianco dell&#8217;Ucraina, non la lasceremo &#8211; ha detto ancora &#8211; perch\u00e9 se lo faremo, sar\u00e0 soggiogata, e la cosa non finirebbe, i vicini dell&#8217;Ucraina sarebbero minacciati e tutta l&#8217;Europa sarebbe minacciata&#8221;.<\/p>\n<p>&#8220;La democrazia non \u00e8 garantita, ogni generazione deve preservarla, deve difenderla e lottare per questo. Non \u00e8 lontano il momento in cui le ultime voci viventi di quelli che hanno combattuto e sanguinato nel D-Day non saranno pi\u00f9 con noi e cos\u00ec abbiamo un obbligo speciale. Non possiamo permettere che quello che \u00e8 successo qui sia perso nel silenzio negli anni a venire. Il fatto che loro siano stati eroi quel giorno qui non ci assolve dal fare quello che dobbiamo fare oggi&#8221;.<\/p>\n<p>Biden ha concluso il suo discorso puntando ancora sull&#8217;Ucraina: &#8220;Stiamo vivendo in un momento in cui la democrazia \u00e8 pi\u00f9 a rischio del mondo dai tempi della Seconda Guerra Mondiale. Nel momento della prova, le forze alleate fecero il loro dovere nel D-Day. Ora la domanda \u00e8 per noi, nel nostro momento di prova, faremo il nostro dovere?&#8221;.<\/p>\n<p><strong>Emmanuel Macron<\/strong> rivolgendosi ai reduci ha sottolineato che &#8220;nessun francese dimenticher\u00e0 mai il vostro sacrificio. Per la libert\u00e0, la mia eterna gratitudine agli alleati. Per la libert\u00e0, la mia eterna gratitudine agli alleati&#8221;.<\/p>\n<p>Queste le parole che <strong>Volodymyr Zelensky<\/strong>, presidente ucraino, ha scritto su Telegram: &#8220;La celebrazione dello sbarco degli alleati in Normandia ci ricorda il coraggio e la determinazione dimostrati per il bene della libert\u00e0 e della democrazia. Allora gli alleati difendevano la libert\u00e0 dell&#8217;Europa, gli ucraini difendono la libert\u00e0 dell&#8217;Europa adesso. L&#8217;unit\u00e0 vinse allora, la vera unit\u00e0 pu\u00f2 vincere anche adesso&#8221;.<\/p>\n<h2>Le forze in campo<\/h2>\n<p>Complessivamente gli Alleati schierarono 156mila uomini nello sbarco in Normandia, soverchiando la Germania che disponeva in quella battaglia di circa 50mila soldati. Moltissimi, com&#8217;era inevitabili, i caduti. Gli Alleati ebbero 7844 tra morti, feriti e dispersi sulle spiagge, mentre i morti, feriti e dispersi tra le forze aviotrasportate furono 3799. I tedeschi, invece, ebbero tra i 4mila e i 9mila morti, feriti e dispersi. Fu una vera e propria carneficina, descritta magistralmente nel film &#8220;<strong><a href=\"https:\/\/it.wikipedia.org\/wiki\/Salvate_il_soldato_Ryan\">Salvate il soldato Ryan<\/a><\/strong>&#8221; di Steven Spielberg nel 1998.<\/p>\n<div id=\"attachment_5514\" style=\"width: 310px\" class=\"wp-caption alignleft\"><a href=\"https:\/\/blog.ilgiornale.it\/sacchelli\/files\/2024\/06\/sbarco_normandia.jpg\"><img aria-describedby=\"caption-attachment-5514\" loading=\"lazy\" class=\"wp-image-5514 size-medium\" src=\"https:\/\/blog.ilgiornale.it\/sacchelli\/files\/2024\/06\/sbarco_normandia-300x226.jpg\" alt=\"\" width=\"300\" height=\"226\" srcset=\"https:\/\/blog.ilgiornale.it\/sacchelli\/files\/2024\/06\/sbarco_normandia-300x226.jpg 300w, https:\/\/blog.ilgiornale.it\/sacchelli\/files\/2024\/06\/sbarco_normandia-1024x772.jpg 1024w, https:\/\/blog.ilgiornale.it\/sacchelli\/files\/2024\/06\/sbarco_normandia-768x579.jpg 768w, https:\/\/blog.ilgiornale.it\/sacchelli\/files\/2024\/06\/sbarco_normandia.jpg 1208w\" sizes=\"(max-width: 300px) 100vw, 300px\" \/><\/a><p id=\"caption-attachment-5514\" class=\"wp-caption-text\">Foto Wikipedia<\/p><\/div>\n","protected":false},"excerpt":{"rendered":"<p><p>Ottant&#8217;anni fa, il 6 giugno 1944, le truppe alleate (Stati Uniti, Regno Unito, Canada e Francia libera) sbarcarono in Normandia. \u00c8 una data spartiacque perch\u00e9 si apr\u00ec il secondo fronte, nel corso della Seconda guerra mondiale, da cui si posero le basi per la sconfitta della Germania nazista. Grazie a quello sforzo enorme, di uomini e di mezzi, il mondo un anno dopo torn\u00f2 libero. Oggi a Omaha Beach (Saint-Laurent-sur-Mer) la cerimonia solenne con pi\u00f9 di venti capi di Stato e di governo. La commemorazione, aperta al pubblico, \u00e8 presieduta dal presidente Usa Joe Biden e dal presidente francese Emmanuel [&hellip;]<\/p>\n&nbsp;&nbsp;<div class=\"readmore\"><a href=\"https:\/\/blog.ilgiornale.it\/sacchelli\/2024\/06\/06\/gli-alleati-che-fecero-limpresa\/\">Continua a leggere...<\/a><\/div><\/p>","protected":false},"author":1011,"featured_media":5522,"comment_status":"open","ping_status":"closed","sticky":false,"template":"","format":"standard","meta":[],"categories":[4625],"tags":[36705,18576,55506],"_links":{"self":[{"href":"https:\/\/blog.ilgiornale.it\/sacchelli\/wp-json\/wp\/v2\/posts\/5513"}],"collection":[{"href":"https:\/\/blog.ilgiornale.it\/sacchelli\/wp-json\/wp\/v2\/posts"}],"about":[{"href":"https:\/\/blog.ilgiornale.it\/sacchelli\/wp-json\/wp\/v2\/types\/post"}],"author":[{"embeddable":true,"href":"https:\/\/blog.ilgiornale.it\/sacchelli\/wp-json\/wp\/v2\/users\/1011"}],"replies":[{"embeddable":true,"href":"https:\/\/blog.ilgiornale.it\/sacchelli\/wp-json\/wp\/v2\/comments?post=5513"}],"version-history":[{"count":7,"href":"https:\/\/blog.ilgiornale.it\/sacchelli\/wp-json\/wp\/v2\/posts\/5513\/revisions"}],"predecessor-version":[{"id":5523,"href":"https:\/\/blog.ilgiornale.it\/sacchelli\/wp-json\/wp\/v2\/posts\/5513\/revisions\/5523"}],"wp:featuredmedia":[{"embeddable":true,"href":"https:\/\/blog.ilgiornale.it\/sacchelli\/wp-json\/wp\/v2\/media\/5522"}],"wp:attachment":[{"href":"https:\/\/blog.ilgiornale.it\/sacchelli\/wp-json\/wp\/v2\/media?parent=5513"}],"wp:term":[{"taxonomy":"category","embeddable":true,"href":"https:\/\/blog.ilgiornale.it\/sacchelli\/wp-json\/wp\/v2\/categories?post=5513"},{"taxonomy":"post_tag","embeddable":true,"href":"https:\/\/blog.ilgiornale.it\/sacchelli\/wp-json\/wp\/v2\/tags?post=5513"}],"curies":[{"name":"wp","href":"https:\/\/api.w.org\/{rel}","templated":true}]}}