{"id":5525,"date":"2024-07-04T16:09:02","date_gmt":"2024-07-04T16:09:02","guid":{"rendered":"https:\/\/blog.ilgiornale.it\/sacchelli\/?p=5525"},"modified":"2024-07-04T16:09:02","modified_gmt":"2024-07-04T16:09:02","slug":"usa-psichiatria-contro-democrazia","status":"publish","type":"post","link":"https:\/\/blog.ilgiornale.it\/sacchelli\/2024\/07\/04\/usa-psichiatria-contro-democrazia\/","title":{"rendered":"Usa, psichiatria contro democrazia"},"content":{"rendered":"<p><a href=\"https:\/\/blog.ilgiornale.it\/sacchelli\/files\/2024\/07\/trump_biden-scaled.jpg\"><img loading=\"lazy\" class=\"alignleft size-medium wp-image-5526\" src=\"https:\/\/blog.ilgiornale.it\/sacchelli\/files\/2024\/07\/trump_biden-300x200.jpg\" alt=\"\" width=\"300\" height=\"200\" srcset=\"https:\/\/blog.ilgiornale.it\/sacchelli\/files\/2024\/07\/trump_biden-300x200.jpg 300w, https:\/\/blog.ilgiornale.it\/sacchelli\/files\/2024\/07\/trump_biden-1024x683.jpg 1024w, https:\/\/blog.ilgiornale.it\/sacchelli\/files\/2024\/07\/trump_biden-768x512.jpg 768w, https:\/\/blog.ilgiornale.it\/sacchelli\/files\/2024\/07\/trump_biden-1536x1024.jpg 1536w, https:\/\/blog.ilgiornale.it\/sacchelli\/files\/2024\/07\/trump_biden-2048x1365.jpg 2048w\" sizes=\"(max-width: 300px) 100vw, 300px\" \/><\/a>\u00c8 giusto che a decidere chi deve candidarsi alla Casa Bianca sia una perizia medica (o neanche quella, basta l&#8217;impressione di qualche esperto) che afferma che un candidato non \u00e8 in grado di governare? Sta accadendo questo negli Stati Uniti, in una pericolosa deriva dove la politica (e la democrazia) lasciano il posto al lavoro degli psichiatri.<\/p>\n<p>Dopo anni di accuse reciproche (Trump \u00e8 pazzo\/malato, Biden \u00e8 rimbambito, ecc.) ora siamo al livello 2.0. Lo spartiacque \u00e8 stato il primo confronto tv alla Cnn, in cui effettivamente Biden \u00e8 apparso gi\u00f9 di corda e con la voce per nulla squillante (a tratti anche confuso), mentre Trump si \u00e8 mostrato pi\u00f9 in forma. Neanche era finito il dibattito che subito si \u00e8 scatenata una pressione mediatica senza precedenti per convincere il presidente Usa a farsi da parte, lasciando che qualcun altro (da decidere chi) corra al suo posto alla presidenziali di novembre. Ma chi l&#8217;ha detto che Biden \u00e8 malato e ormai non pi\u00f9 capace (e in grado) di fare il <em>commander in chief<\/em>? I sedicenti esperti, che si sono sbizzarriti nelle analisi, ovviamente a distanza, facendo diagnosi che hanno trovato ampio spazio sui giornali e sulle tv di tutto il mondo. Cos\u00ec, negli Usa (e non solo), si \u00e8 parlato molto pi\u00f9 dello stato di salute di Biden e non di ci\u00f2 che i due sfidanti hanno detto o non detto.<\/p>\n<p>Intendiamoci, Biden non \u00e8 al top della forma e l&#8217;et\u00e0 avanza, anche se Trump non \u00e8 un giovincello. E dire che qualora dovesse essere rieletto Biden difficilmente arriverebbe in condizioni per poter governare alla fine del prossimo mandato \u00e8 un non problema, visto che il vice presidente esiste per un motivo preciso.<\/p>\n<p>Stiamo attenti a questa deriva medico-psichiatrica che si arroga il diritto di far decidere agli esperti chi deve governare, sottraendo ai cittadini-elettori il diritto\/dovere di compiere, liberamente, la propria scelta democratica. Anche di volersi affidare a un anziano, perch\u00e9 considerato migliore di uno pi\u00f9 giovane.<\/p>\n","protected":false},"excerpt":{"rendered":"<p><p>\u00c8 giusto che a decidere chi deve candidarsi alla Casa Bianca sia una perizia medica (o neanche quella, basta l&#8217;impressione di qualche esperto) che afferma che un candidato non \u00e8 in grado di governare? Sta accadendo questo negli Stati Uniti, in una pericolosa deriva dove la politica (e la democrazia) lasciano il posto al lavoro degli psichiatri. Dopo anni di accuse reciproche (Trump \u00e8 pazzo\/malato, Biden \u00e8 rimbambito, ecc.) ora siamo al livello 2.0. Lo spartiacque \u00e8 stato il primo confronto tv alla Cnn, in cui effettivamente Biden \u00e8 apparso gi\u00f9 di corda e con la voce per nulla squillante [&hellip;]<\/p>\n&nbsp;&nbsp;<div class=\"readmore\"><a href=\"https:\/\/blog.ilgiornale.it\/sacchelli\/2024\/07\/04\/usa-psichiatria-contro-democrazia\/\">Continua a leggere...<\/a><\/div><\/p>","protected":false},"author":1011,"featured_media":5526,"comment_status":"open","ping_status":"closed","sticky":false,"template":"","format":"standard","meta":[],"categories":[56903],"tags":[62770,56903,18576,37994],"_links":{"self":[{"href":"https:\/\/blog.ilgiornale.it\/sacchelli\/wp-json\/wp\/v2\/posts\/5525"}],"collection":[{"href":"https:\/\/blog.ilgiornale.it\/sacchelli\/wp-json\/wp\/v2\/posts"}],"about":[{"href":"https:\/\/blog.ilgiornale.it\/sacchelli\/wp-json\/wp\/v2\/types\/post"}],"author":[{"embeddable":true,"href":"https:\/\/blog.ilgiornale.it\/sacchelli\/wp-json\/wp\/v2\/users\/1011"}],"replies":[{"embeddable":true,"href":"https:\/\/blog.ilgiornale.it\/sacchelli\/wp-json\/wp\/v2\/comments?post=5525"}],"version-history":[{"count":1,"href":"https:\/\/blog.ilgiornale.it\/sacchelli\/wp-json\/wp\/v2\/posts\/5525\/revisions"}],"predecessor-version":[{"id":5527,"href":"https:\/\/blog.ilgiornale.it\/sacchelli\/wp-json\/wp\/v2\/posts\/5525\/revisions\/5527"}],"wp:featuredmedia":[{"embeddable":true,"href":"https:\/\/blog.ilgiornale.it\/sacchelli\/wp-json\/wp\/v2\/media\/5526"}],"wp:attachment":[{"href":"https:\/\/blog.ilgiornale.it\/sacchelli\/wp-json\/wp\/v2\/media?parent=5525"}],"wp:term":[{"taxonomy":"category","embeddable":true,"href":"https:\/\/blog.ilgiornale.it\/sacchelli\/wp-json\/wp\/v2\/categories?post=5525"},{"taxonomy":"post_tag","embeddable":true,"href":"https:\/\/blog.ilgiornale.it\/sacchelli\/wp-json\/wp\/v2\/tags?post=5525"}],"curies":[{"name":"wp","href":"https:\/\/api.w.org\/{rel}","templated":true}]}}