{"id":5560,"date":"2024-10-31T14:25:17","date_gmt":"2024-10-31T14:25:17","guid":{"rendered":"https:\/\/blog.ilgiornale.it\/sacchelli\/?p=5560"},"modified":"2024-10-31T14:25:17","modified_gmt":"2024-10-31T14:25:17","slug":"spazzatura-a-stelle-e-strisce","status":"publish","type":"post","link":"https:\/\/blog.ilgiornale.it\/sacchelli\/2024\/10\/31\/spazzatura-a-stelle-e-strisce\/","title":{"rendered":"Spazzatura a stelle e strisce"},"content":{"rendered":"<p><a href=\"https:\/\/blog.ilgiornale.it\/sacchelli\/files\/2024\/10\/Trump_spazzatura_1-scaled.jpg\"><img loading=\"lazy\" class=\"alignleft size-medium wp-image-5561\" src=\"https:\/\/blog.ilgiornale.it\/sacchelli\/files\/2024\/10\/Trump_spazzatura_1-300x200.jpg\" alt=\"\" width=\"300\" height=\"200\" srcset=\"https:\/\/blog.ilgiornale.it\/sacchelli\/files\/2024\/10\/Trump_spazzatura_1-300x200.jpg 300w, https:\/\/blog.ilgiornale.it\/sacchelli\/files\/2024\/10\/Trump_spazzatura_1-1024x682.jpg 1024w, https:\/\/blog.ilgiornale.it\/sacchelli\/files\/2024\/10\/Trump_spazzatura_1-768x512.jpg 768w, https:\/\/blog.ilgiornale.it\/sacchelli\/files\/2024\/10\/Trump_spazzatura_1-1536x1023.jpg 1536w\" sizes=\"(max-width: 300px) 100vw, 300px\" \/><\/a>A buttare la campagna elettorale in rissa, usando l&#8217;insulto, questa volta \u00e8 stato il presidente <strong>Joe Biden<\/strong>, che ha attaccato i sostenitori di Trump. Ecco cosa \u00e8 accaduto: nel corso di una telefonata organizzata dal gruppo ispanico &#8220;Voto Latino&#8221;, il presidente ha risposto cos\u00ec a un comico (Tony Hinchcliffe), autore del podcast Kill Tony, che pochi giorni fa era intervenuto durante un incontro elettorale di Trump, a New York, definendo Porto Rico &#8220;<strong>un&#8217;isola galleggiante di spazzatura<\/strong>&#8220;.<\/p>\n<p>Ecco cosa ha detto Biden a riguardo: &#8220;Lasciatemi dire una cosa: io conosco i portoricani che vivono nel mio Stato natale, il Delaware. Sono persone buone, rispettabili e onorevoli. <strong>L&#8217;unica spazzatura che vedo in giro \u00e8 quella dei suoi<\/strong> (di Trump, ndr) sostenitori. La sua demonizzazione dei latinos \u00e8 inconcepibile e antiamericana. \u00c8 totalmente contraria a tutto ci\u00f2 che abbiamo fatto, a tutto ci\u00f2 che siamo stati&#8221;. Apriti cielo. Polemica servita su un piatto d&#8217;argento alla campagna di Trump, che non aspettava altro di incrociare i guantoni nell&#8217;ennesima rissa politica. Resisi conto dell&#8217;evidente errore di comunicazione dalla Casa Bianca hanno provato a mettere una pezza. Biden &#8220;ha definito la retorica odiosa del raduno al Madison Square Garden come spazzatura&#8221;, ha detto il portavoce Andrew Bates. Diciamo che a Biden \u00e8 scappata la frizione e la precisazione non \u00e8 parsa cos\u00ec convincente.<\/p>\n<p><strong>La replica di Trump<\/strong><\/p>\n<p>&#8220;I miei sostenitori sono molto pi\u00f9 di qualit\u00e0 del corrotto Joe e della bugiarda Kamala, di pi\u00f9 alta qualit\u00e0. La mia risposta a Joe e Kamala \u00e8 molto semplice: non puoi guidare l\u2019America se non ami gli americani&#8221;. Trump lo ha detto in un comizio nel in Wisconsin, prendendo di mira il presidente Biden che ha definito &#8220;spazzatura&#8221; gli elettori di Trump. Il tycoon, tra l&#8217;altro, aveva gi\u00e0 preso le distanze dalle parole del comico che, nellas erata al Madison Square Garden, aveva fatto scoppiare il caos: intervistato su Fox News Trump ha preso le distanze dai commenti del comico, sostenendo di non sapere chi fosse e aggiungendo che non sarebbe dovuto essere sul palco.<\/p>\n<p><strong>Harris prende le distanze<\/strong><\/p>\n<p>&#8220;Voglio essere chiara: sono in forte disaccordo con ogni tipo di critica a persone basate sul loro voto&#8221;, ha detto Kamala Harris ai giornalisti, cercando di arginare il fiume di polemiche dopo le parole sguaiate di Biden. &#8220;Avete sentito il mio discorso la notte scorsa, io credo che il mio lavoro sia rappresentare tutto il popolo, che mi sostenga o no &#8211; ha detto Harris &#8211; e come presidente degli Stati Uniti, io sar\u00f2 presidente di tutti gli americani, che mi votiate o no&#8221;.<\/p>\n<p><strong>Il bidone della spazzatura del mondo<\/strong><\/p>\n<p>La retorica della spazzatura era stata gi\u00f9 usata da Trump qualche giorno fa. Gli Stati Uniti sono &#8220;come una discarica&#8221;, aveva detto Trump a Tempe (Arizona). &#8220;Siamo come un bidone della spazzatura per il resto del mondo quando si tratta della gestione dei migranti. Hanno scatenato un esercito di bande di migranti che hanno scatenato una campagna di violenza&#8221;.<\/p>\n<p><strong>Trump sfrutta la polemica, Harris sulla difensiva<\/strong><\/p>\n<p>Mediaticamente Trump \u00e8 stato abilissimo, ancora una volta, a sfruttare la polemica. Il tycoon ha usato lo scivolone di Biden e si \u00e8 fatto fotografare su un camion della spazzatura. Un po&#8217; per scherzare-sdrammatizzare, un po&#8217; per rimarcare la sua linea. Harris, invece, si \u00e8 limitata a gettare acqua sulle fiamme accese da Biden (sar\u00e0 sufficiente per avere la meglio il 5 novembre?).<\/p>\n<p><strong><a href=\"https:\/\/www.ilgiornale.it\/news\/politica-estera\/foto-giorno-senso-trump-spazzatura-2389035.html\">Leggi il commento di Enrico Lagattolla<\/a><\/strong><\/p>\n<p>&nbsp;<\/p>\n<p><a href=\"https:\/\/blog.ilgiornale.it\/sacchelli\/files\/2024\/10\/trump_spazzatura_2-scaled.jpg\"><img loading=\"lazy\" class=\"alignleft size-medium wp-image-5562\" src=\"https:\/\/blog.ilgiornale.it\/sacchelli\/files\/2024\/10\/trump_spazzatura_2-300x200.jpg\" alt=\"\" width=\"300\" height=\"200\" srcset=\"https:\/\/blog.ilgiornale.it\/sacchelli\/files\/2024\/10\/trump_spazzatura_2-300x200.jpg 300w, https:\/\/blog.ilgiornale.it\/sacchelli\/files\/2024\/10\/trump_spazzatura_2-1024x684.jpg 1024w, https:\/\/blog.ilgiornale.it\/sacchelli\/files\/2024\/10\/trump_spazzatura_2-768x513.jpg 768w, https:\/\/blog.ilgiornale.it\/sacchelli\/files\/2024\/10\/trump_spazzatura_2-1536x1026.jpg 1536w, https:\/\/blog.ilgiornale.it\/sacchelli\/files\/2024\/10\/trump_spazzatura_2-2048x1367.jpg 2048w\" sizes=\"(max-width: 300px) 100vw, 300px\" \/><\/a><\/p>\n<p>Foto: Associated Press\/LaPresse<\/p>\n","protected":false},"excerpt":{"rendered":"<p><p>A buttare la campagna elettorale in rissa, usando l&#8217;insulto, questa volta \u00e8 stato il presidente Joe Biden, che ha attaccato i sostenitori di Trump. Ecco cosa \u00e8 accaduto: nel corso di una telefonata organizzata dal gruppo ispanico &#8220;Voto Latino&#8221;, il presidente ha risposto cos\u00ec a un comico (Tony Hinchcliffe), autore del podcast Kill Tony, che pochi giorni fa era intervenuto durante un incontro elettorale di Trump, a New York, definendo Porto Rico &#8220;un&#8217;isola galleggiante di spazzatura&#8220;. Ecco cosa ha detto Biden a riguardo: &#8220;Lasciatemi dire una cosa: io conosco i portoricani che vivono nel mio Stato natale, il Delaware. Sono [&hellip;]<\/p>\n&nbsp;&nbsp;<div class=\"readmore\"><a href=\"https:\/\/blog.ilgiornale.it\/sacchelli\/2024\/10\/31\/spazzatura-a-stelle-e-strisce\/\">Continua a leggere...<\/a><\/div><\/p>","protected":false},"author":1011,"featured_media":0,"comment_status":"open","ping_status":"closed","sticky":false,"template":"","format":"standard","meta":[],"categories":[56903],"tags":[62770,18576,27485],"_links":{"self":[{"href":"https:\/\/blog.ilgiornale.it\/sacchelli\/wp-json\/wp\/v2\/posts\/5560"}],"collection":[{"href":"https:\/\/blog.ilgiornale.it\/sacchelli\/wp-json\/wp\/v2\/posts"}],"about":[{"href":"https:\/\/blog.ilgiornale.it\/sacchelli\/wp-json\/wp\/v2\/types\/post"}],"author":[{"embeddable":true,"href":"https:\/\/blog.ilgiornale.it\/sacchelli\/wp-json\/wp\/v2\/users\/1011"}],"replies":[{"embeddable":true,"href":"https:\/\/blog.ilgiornale.it\/sacchelli\/wp-json\/wp\/v2\/comments?post=5560"}],"version-history":[{"count":1,"href":"https:\/\/blog.ilgiornale.it\/sacchelli\/wp-json\/wp\/v2\/posts\/5560\/revisions"}],"predecessor-version":[{"id":5563,"href":"https:\/\/blog.ilgiornale.it\/sacchelli\/wp-json\/wp\/v2\/posts\/5560\/revisions\/5563"}],"wp:attachment":[{"href":"https:\/\/blog.ilgiornale.it\/sacchelli\/wp-json\/wp\/v2\/media?parent=5560"}],"wp:term":[{"taxonomy":"category","embeddable":true,"href":"https:\/\/blog.ilgiornale.it\/sacchelli\/wp-json\/wp\/v2\/categories?post=5560"},{"taxonomy":"post_tag","embeddable":true,"href":"https:\/\/blog.ilgiornale.it\/sacchelli\/wp-json\/wp\/v2\/tags?post=5560"}],"curies":[{"name":"wp","href":"https:\/\/api.w.org\/{rel}","templated":true}]}}