{"id":636,"date":"2013-05-04T14:48:40","date_gmt":"2013-05-04T14:48:40","guid":{"rendered":"https:\/\/blog.ilgiornale.it\/sacchelli\/?p=636"},"modified":"2013-05-04T18:17:20","modified_gmt":"2013-05-04T18:17:20","slug":"lobby-armi-nostra-liberta-in-pericolo","status":"publish","type":"post","link":"https:\/\/blog.ilgiornale.it\/sacchelli\/2013\/05\/04\/lobby-armi-nostra-liberta-in-pericolo\/","title":{"rendered":"Lobby armi: la nostra libert\u00e0 \u00e8 in pericolo"},"content":{"rendered":"<p><a href=\"https:\/\/blog.ilgiornale.it\/sacchelli\/files\/2013\/05\/Nra1.jpg\"><img loading=\"lazy\" class=\"alignleft size-medium wp-image-637\" src=\"https:\/\/blog.ilgiornale.it\/sacchelli\/files\/2013\/05\/Nra1-300x200.jpg\" alt=\"\" width=\"300\" height=\"200\" srcset=\"https:\/\/blog.ilgiornale.it\/sacchelli\/files\/2013\/05\/Nra1-300x200.jpg 300w, https:\/\/blog.ilgiornale.it\/sacchelli\/files\/2013\/05\/Nra1-1024x682.jpg 1024w\" sizes=\"(max-width: 300px) 100vw, 300px\" \/><\/a>La lobby delle armi negli Stati Uniti \u00e8 molto forte. Eppure non abbassa la guardia, si sente minacciata da Washington. In ballo, com&#8217;\u00e8 noto, c&#8217;\u00e8 la volont\u00e0 di Obama di varare una legislazione pi\u00f9 restrittiva sul possesso delle armi (nel frattempo al Senato la bozza di riforma bipartisan \u00e8 saltata). Ma gli ultimi episodi di cronaca (<a href=\"https:\/\/www.ilgiornale.it\/news\/esteri\/crickett-fucile-bambini-che-ha-ucciso-bimba-due-anni-913460.html\" target=\"_blank\">nel\u00a0 Kentucky un bimbo di 5 anni ha ucciso la sorellina di due con una fucile per bambini<\/a>) non aiutano a distendere gli animi.<\/p>\n<p><em>&#8220;La nostra libert\u00e0 resta in pericolo, siamo sott\u2019attacco come mai prima&#8221;<\/em>, ha detto\u00a0<strong>Chris Cox <\/strong>(<a href=\"http:\/\/home.nra.org\/home\/video\/2013-nra-annual-meetings-chris-w-cox\/list\/2013-nra-annual-meetings\" target=\"_blank\"><strong>guarda il vide<\/strong>o<\/a>), direttore esecutivo della <strong><a href=\"http:\/\/home.nra.org\/\" target=\"_blank\">National Rifle Association<\/a><\/strong>, aprendo i lavori a Houston (Texas) della Convention annuale della pi\u00f9 potente lobby delle armi. <em>&#8220;Ogni volta che un criminale uccide bambini innocenti danno a noi la colpa&#8221;<\/em>. Il senatore repubblicano Ted Cruz ha detto, tra gli applausi, che\u00a0la votazione del 17 aprile scorso <em>&#8220;\u00e8 stata una vostra vittori, una vittoria del popolo americano. Ma la battaglia non \u00e8 finita, abbiamo bisogno del vostro appoggio&#8221;. <\/em>La battaglia, dunque, continua. E non pu\u00f2 essere altrimenti per i paladini delle armi, che alla base di tutto mettono la difesa del <strong><a href=\"http:\/\/it.wikipedia.org\/wiki\/II_emendamento_della_Costituzione_degli_Stati_Uniti_d%27America\" target=\"_blank\">secondo emendamento<\/a><\/strong>.<\/p>\n<p>Ha preso la parola anche il governatore del Texas, il repubblicano <strong>Rick Perry<\/strong> (<strong><a href=\"http:\/\/home.nra.org\/home\/video\/2013-nra-annual-meetings-rick-perry\/list\/2013-nra-annual-meetings\" target=\"_blank\">guarda il video<\/a><\/strong>). Prima di iniziare il suo discorso sul maxischermo alle sue spalle \u00e8 stato trasmesso un video in cui si mostra Perry che sparare a otto sagome umane\u00a0 con un fucile mitragliatore: <em>&#8220;Quando un uomo pieno d\u2019odio commette una strage, le persone che odiano le armi e noi possessori di armi chiedono pi\u00f9 leggi. Ma creare nuove leggi che i criminali ovviamente ignorano non \u00e8 la soluzione: alla fine &#8211; ha aggiunto Perry &#8211; non ottengono nulla se non creare pi\u00f9 problemi legali agli americani che vogliono avere un\u2019arma&#8221;.<\/em><\/p>\n<p><strong>Wayne Lapierre<\/strong>, vice presidente uscente della Nra, ha attaccato chi chiede nuove regole: <em>&#8220;I media e le elite politiche sono sempre pronti a mentire su chi ha un fucile e demonizzarci, ma tutto ci\u00f2 non ci fermer\u00e0. Siamo americani e orgogliosi di difendere la nostra libert\u00e0&#8221;<\/em>. Poi, tra il tripudio dei presenti, si \u00e8 chiesto: <em>&#8220;Quanti bostoniani vorrebbero aver avuto una pistola due settimane fa?&#8221;.<\/em><\/p>\n<p>Infine ha preso la parola anche <strong>Rick Santorum <\/strong>(<strong><a href=\"http:\/\/home.nra.org\/home\/video\/2013-nra-annual-meetings-rick-santorum\/list\/2013-nra-annual-meetings\" target=\"_blank\">guarda il video<\/a><\/strong>), ex candidato repubblicano alle primarie repubblicane. Il senatore della Pennsylvania ha attaccato duramente il Vecchio Continente: <em>&#8220;L&#8217;Europa ha una cultura morente, dove non c\u2019\u00e8 n\u00e9 libert\u00e0, n\u00e9 diritti&#8221;&#8230;<\/em><\/p>\n<p><a href=\"https:\/\/blog.ilgiornale.it\/sacchelli\/files\/2013\/05\/Palin.jpg\"><img loading=\"lazy\" class=\"alignleft size-medium wp-image-644\" src=\"https:\/\/blog.ilgiornale.it\/sacchelli\/files\/2013\/05\/Palin-300x199.jpg\" alt=\"\" width=\"300\" height=\"199\" srcset=\"https:\/\/blog.ilgiornale.it\/sacchelli\/files\/2013\/05\/Palin-300x199.jpg 300w, https:\/\/blog.ilgiornale.it\/sacchelli\/files\/2013\/05\/Palin-1024x682.jpg 1024w\" sizes=\"(max-width: 300px) 100vw, 300px\" \/><\/a>Molto applaudito l&#8217;intervento di <strong>Sarah Palin<\/strong> (<strong><a href=\"http:\/\/home.nra.org\/home\/video\/2013-nra-annual-meetings-sarah-palin\/list\/2013-nra-annual-meetings\" target=\"_blank\">guarda il video<\/a><\/strong>), candidata alla vicepresidenza Usa nel 2008 in ticket con John McCain. <em>&#8220;I diritti sanciti dal secondo emendamento per me hanno un valore personale&#8221;<\/em>, ha detto la Palin, presentatasi con una T-Shirt attillata con una scritta sul petto: &#8220;Women Hunt&#8221;.<\/p>\n<p>Un sondaggio del <strong><a href=\"http:\/\/www.pewresearch.org\/\" target=\"_blank\">Pew Research Center<\/a><\/strong> del mese scorso ha mostrato che gli americani restano divisi sul tema delle armi, con il 49% che vorrebbero mantenere la situazione attuale e il 45% a favore di maggiori controlli e restrizioni.<\/p>\n","protected":false},"excerpt":{"rendered":"<p><p>La lobby delle armi negli Stati Uniti \u00e8 molto forte. Eppure non abbassa la guardia, si sente minacciata da Washington. In ballo, com&#8217;\u00e8 noto, c&#8217;\u00e8 la volont\u00e0 di Obama di varare una legislazione pi\u00f9 restrittiva sul possesso delle armi (nel frattempo al Senato la bozza di riforma bipartisan \u00e8 saltata). Ma gli ultimi episodi di cronaca (nel\u00a0 Kentucky un bimbo di 5 anni ha ucciso la sorellina di due con una fucile per bambini) non aiutano a distendere gli animi. &#8220;La nostra libert\u00e0 resta in pericolo, siamo sott\u2019attacco come mai prima&#8221;, ha detto\u00a0Chris Cox (guarda il video), direttore esecutivo della [&hellip;]<\/p>\n&nbsp;&nbsp;<div class=\"readmore\"><a href=\"https:\/\/blog.ilgiornale.it\/sacchelli\/2013\/05\/04\/lobby-armi-nostra-liberta-in-pericolo\/\">Continua a leggere...<\/a><\/div><\/p>","protected":false},"author":1011,"featured_media":0,"comment_status":"open","ping_status":"closed","sticky":false,"template":"","format":"standard","meta":[],"categories":[2891,18531],"tags":[29249,18626,29250,29251,29252],"_links":{"self":[{"href":"https:\/\/blog.ilgiornale.it\/sacchelli\/wp-json\/wp\/v2\/posts\/636"}],"collection":[{"href":"https:\/\/blog.ilgiornale.it\/sacchelli\/wp-json\/wp\/v2\/posts"}],"about":[{"href":"https:\/\/blog.ilgiornale.it\/sacchelli\/wp-json\/wp\/v2\/types\/post"}],"author":[{"embeddable":true,"href":"https:\/\/blog.ilgiornale.it\/sacchelli\/wp-json\/wp\/v2\/users\/1011"}],"replies":[{"embeddable":true,"href":"https:\/\/blog.ilgiornale.it\/sacchelli\/wp-json\/wp\/v2\/comments?post=636"}],"version-history":[{"count":8,"href":"https:\/\/blog.ilgiornale.it\/sacchelli\/wp-json\/wp\/v2\/posts\/636\/revisions"}],"predecessor-version":[{"id":640,"href":"https:\/\/blog.ilgiornale.it\/sacchelli\/wp-json\/wp\/v2\/posts\/636\/revisions\/640"}],"wp:attachment":[{"href":"https:\/\/blog.ilgiornale.it\/sacchelli\/wp-json\/wp\/v2\/media?parent=636"}],"wp:term":[{"taxonomy":"category","embeddable":true,"href":"https:\/\/blog.ilgiornale.it\/sacchelli\/wp-json\/wp\/v2\/categories?post=636"},{"taxonomy":"post_tag","embeddable":true,"href":"https:\/\/blog.ilgiornale.it\/sacchelli\/wp-json\/wp\/v2\/tags?post=636"}],"curies":[{"name":"wp","href":"https:\/\/api.w.org\/{rel}","templated":true}]}}