{"id":797,"date":"2013-05-30T09:46:51","date_gmt":"2013-05-30T09:46:51","guid":{"rendered":"https:\/\/blog.ilgiornale.it\/sacchelli\/?p=797"},"modified":"2013-05-30T09:47:46","modified_gmt":"2013-05-30T09:47:46","slug":"797","status":"publish","type":"post","link":"https:\/\/blog.ilgiornale.it\/sacchelli\/2013\/05\/30\/797\/","title":{"rendered":"Obama vuole un uomo di Bush alla guida dell&#8217;Fbi"},"content":{"rendered":"<p><a href=\"https:\/\/blog.ilgiornale.it\/sacchelli\/files\/2013\/05\/comey.jpg\"><img loading=\"lazy\" class=\"alignleft size-medium wp-image-798\" src=\"https:\/\/blog.ilgiornale.it\/sacchelli\/files\/2013\/05\/comey-300x225.jpg\" alt=\"\" width=\"300\" height=\"225\" srcset=\"https:\/\/blog.ilgiornale.it\/sacchelli\/files\/2013\/05\/comey-300x225.jpg 300w, https:\/\/blog.ilgiornale.it\/sacchelli\/files\/2013\/05\/comey.jpg 594w\" sizes=\"(max-width: 300px) 100vw, 300px\" \/><\/a>Per la guida dell&#8217;Fbi Obama ha in mente un uomo di George W. Bush. Come anticipa il <strong><a href=\"http:\/\/www.nytimes.com\/2013\/05\/30\/us\/politics\/obama-to-pick-james-b-comey-to-lead-fbi.html?_r=0\" target=\"_blank\">New York Times<\/a><\/strong>, che riporta fonti interne alla Casa Bianca, il presidente intende nominare <a href=\"http:\/\/en.wikipedia.org\/wiki\/James_B._Comey\" target=\"_blank\"><strong>James B. Comey<\/strong><\/a> a capo del <em>bureau<\/em>. Ex funzionario del dipartimento della Giustizia durante l\u2019amministrazione Bush, 52 anni, Comey \u00e8 stato spesso al centro del dibattito riguardo alla lotta al terrorismo e si \u00e8 guadagnato, sul campo, la reputazione di strenuo difensore della legge e dell\u2019integrit\u00e0 del dipartimento di Giustizia nonch\u00e9 &#8211; cosa che non guasta mai &#8211; di persona indipendente. Nel 2004 sostitu\u00ec temporaneamente il procuratore generale John Ashcroft e si mise in luce per il rifiuto di rinnovare l\u2019autorizzazione al programma di intercettazioni telefoniche dell\u2019amministrazione Bush. Conquist\u00f2, cos\u00ec, l\u2019apprezzamento anche dei democratici.<\/p>\n<p>Ma per quale motivo Obama sente il bisogno di nominare un indipendente repubblicano alla guida dell&#8217;Fbi? Perch\u00e9 \u00e8 in difficolt\u00e0, dopo gli ultimi scandali legati al ministro della Giustizia,<strong> <a href=\"https:\/\/blog.ilgiornale.it\/sacchelli\/2013\/05\/24\/ministro-di-obama-ordino-di-spiare-un-giornalista\/\" target=\"_blank\">Eric Holder<\/a><\/strong>, che ha fatto spiare un giornalista della Fox. Ed anche per le violente polemiche scoppiate dopo che \u00e8 emerso che l&#8217;agenzia del fisco aveva messo sotto torchio le <strong><a href=\"https:\/\/blog.ilgiornale.it\/sacchelli\/2013\/05\/15\/scandalo-fisco-imbarazzo-e-rabbia-di-obama\/\" target=\"_blank\">associazioni no profit<\/a><\/strong> legate ai Tea Party. Con la nomina di Comey il presidente spera di chiudere le polemiche e voltare pagina. L\u2019integrit\u00e0 morale di Comey potrebbe placare la rabbia dei repubblicani e, tutto sommato, non dispiacere ai democratici (vista l&#8217;indipendenza dimostrata dal &#8220;mastino&#8221; Comey).<\/p>\n","protected":false},"excerpt":{"rendered":"<p><p>Per la guida dell&#8217;Fbi Obama ha in mente un uomo di George W. Bush. Come anticipa il New York Times, che riporta fonti interne alla Casa Bianca, il presidente intende nominare James B. Comey a capo del bureau. Ex funzionario del dipartimento della Giustizia durante l\u2019amministrazione Bush, 52 anni, Comey \u00e8 stato spesso al centro del dibattito riguardo alla lotta al terrorismo e si \u00e8 guadagnato, sul campo, la reputazione di strenuo difensore della legge e dell\u2019integrit\u00e0 del dipartimento di Giustizia nonch\u00e9 &#8211; cosa che non guasta mai &#8211; di persona indipendente. Nel 2004 sostitu\u00ec temporaneamente il procuratore generale John [&hellip;]<\/p>\n&nbsp;&nbsp;<div class=\"readmore\"><a href=\"https:\/\/blog.ilgiornale.it\/sacchelli\/2013\/05\/30\/797\/\">Continua a leggere...<\/a><\/div><\/p>","protected":false},"author":1011,"featured_media":0,"comment_status":"open","ping_status":"closed","sticky":false,"template":"","format":"standard","meta":[],"categories":[64],"tags":[214,29316],"_links":{"self":[{"href":"https:\/\/blog.ilgiornale.it\/sacchelli\/wp-json\/wp\/v2\/posts\/797"}],"collection":[{"href":"https:\/\/blog.ilgiornale.it\/sacchelli\/wp-json\/wp\/v2\/posts"}],"about":[{"href":"https:\/\/blog.ilgiornale.it\/sacchelli\/wp-json\/wp\/v2\/types\/post"}],"author":[{"embeddable":true,"href":"https:\/\/blog.ilgiornale.it\/sacchelli\/wp-json\/wp\/v2\/users\/1011"}],"replies":[{"embeddable":true,"href":"https:\/\/blog.ilgiornale.it\/sacchelli\/wp-json\/wp\/v2\/comments?post=797"}],"version-history":[{"count":3,"href":"https:\/\/blog.ilgiornale.it\/sacchelli\/wp-json\/wp\/v2\/posts\/797\/revisions"}],"predecessor-version":[{"id":801,"href":"https:\/\/blog.ilgiornale.it\/sacchelli\/wp-json\/wp\/v2\/posts\/797\/revisions\/801"}],"wp:attachment":[{"href":"https:\/\/blog.ilgiornale.it\/sacchelli\/wp-json\/wp\/v2\/media?parent=797"}],"wp:term":[{"taxonomy":"category","embeddable":true,"href":"https:\/\/blog.ilgiornale.it\/sacchelli\/wp-json\/wp\/v2\/categories?post=797"},{"taxonomy":"post_tag","embeddable":true,"href":"https:\/\/blog.ilgiornale.it\/sacchelli\/wp-json\/wp\/v2\/tags?post=797"}],"curies":[{"name":"wp","href":"https:\/\/api.w.org\/{rel}","templated":true}]}}