{"id":907,"date":"2013-06-21T09:47:02","date_gmt":"2013-06-21T09:47:02","guid":{"rendered":"https:\/\/blog.ilgiornale.it\/sacchelli\/?p=907"},"modified":"2013-06-21T16:49:39","modified_gmt":"2013-06-21T16:49:39","slug":"il-viaggio-di-obama-in-africa-costa-100-milioni","status":"publish","type":"post","link":"https:\/\/blog.ilgiornale.it\/sacchelli\/2013\/06\/21\/il-viaggio-di-obama-in-africa-costa-100-milioni\/","title":{"rendered":"Il viaggio di Obama in Africa costa 100 milioni"},"content":{"rendered":"<p><a href=\"https:\/\/blog.ilgiornale.it\/sacchelli\/files\/2013\/06\/Obama_Africa.jpg\"><img loading=\"lazy\" class=\"alignleft size-medium wp-image-908\" src=\"https:\/\/blog.ilgiornale.it\/sacchelli\/files\/2013\/06\/Obama_Africa-300x199.jpg\" alt=\"\" width=\"300\" height=\"199\" srcset=\"https:\/\/blog.ilgiornale.it\/sacchelli\/files\/2013\/06\/Obama_Africa-300x199.jpg 300w, https:\/\/blog.ilgiornale.it\/sacchelli\/files\/2013\/06\/Obama_Africa.jpg 800w\" sizes=\"(max-width: 300px) 100vw, 300px\" \/><\/a>Nei giorni scorsi negli Usa sono divampate le polemiche per il viaggio che Obama si appresta a fare in Africa (<strong><a href=\"http:\/\/www.whitehouse.gov\/the-press-office\/2013\/05\/20\/statement-press-secretary-president-s-travel-africa\" target=\"_blank\">dal 26 giugno al 3 luglio<\/a><\/strong>). Ai contribuenti coster\u00e0 tra i 60 e i 100 milioni di dollari (tra 45 e 76 milioni di euro). La stima \u00e8 stata fatta dal <strong><a href=\"http:\/\/www.washingtonpost.com\/politics\/obamas-trip-to-africa-poses-special-challenges-enormous-costs\/2013\/06\/13\/29d9270a-cd29-11e2-8845-d970ccb04497_story.html\" target=\"_blank\">Washington Post<\/a><\/strong> che, dopo aver sentito alcuni funzionari della Casa Bianca, ha elaborato un preventivo spesa comprensivo delle enormi misure di sicurezza. Che di sicuro aumenteranno dopo <strong><a href=\"https:\/\/www.ilgiornale.it\/news\/esteri\/lfbi-sventa-attentato-obama-due-arresti-928917.html\" target=\"_blank\">l&#8217;arresto di due uomini<\/a><\/strong> che, secondo l&#8217;Fbi, avevano in mente di compiere un attentato con un&#8217;avveniristica arma a raggi X.<\/p>\n<div>Difficile fare una stima esatta dei costi: &#8220;<em>Le infrastrutture che accompagnano gli spostamenti del presidente sono fuori del nostro controllo&#8221;<\/em>, ha detto al Washington Post il vice consulente di Obama per la sicurezza nazionale, Ben Rodhes. <em>&#8220;Le misure di sicurezza non sono gestite dalla Casa Bianca, ma dal <strong><a href=\"http:\/\/www.secretservice.gov\/\" target=\"_blank\">Secret Service<\/a><\/strong>&#8220;<\/em>, l\u2019agenzia che cura la protezione del presidente e dei suoi familiari. Secondo il Post migliaia di agenti verranno mandati in Senegal, Sud Africa e Tanzania. I caccia dell&#8217;aviazione forniranno copertura aerea 24 ore su 24; un mezzo anfibio seguir\u00e0 gli spostamenti del presidente, a distanza di sicurezza, per fornire qualcunque tipo di assistenza medica. Complessivamente si sposteranno in Africa <strong>56 mezzi di trasporto<\/strong>\u00a0 (comprese <strong>14 limousine)<\/strong> e <strong>tre camion<\/strong> pieni di lastre di vetro antiproiettile per rinforzare adeguatamente le finestre degli alberghi.<\/div>\n<div>Le polemiche riguardano anche la presenza, in Africa, dei familiari del presidente, e del <strong>safari<\/strong> che inizialmente era stato organizzato in Tanzania per le figlie di Obama, Sasha e Malia. Il safari per\u00f2 \u00e8 saltato: troppo costoso. Obama per\u00f2 non rinuncia ad una visita sull&#8217;isola di Robben, in Sudafrica, dove fu tenuto prigioniero Nelson Mandela. Qualcuno si domanda: era proprio necessaria una vacanza cos\u00ec pericolosa per gli Obama? Di certo qualunque spostamento di un presidente richiede un livello di sicurezza elevato, anche quando va in vacanza (che sia alle Hawaii o a Martha&#8217;s Vineyard). In questo caso per Obama \u00e8 sia un viaggio di Stato, sia una vacanza.<\/div>\n<div>Del resto anche Bill Clinton e George W. Bush, per citare solo gli ultimi presidenti, visitarono l&#8217;Africa. George W. vi mise piede due volte, nel 2003 e nel 2008, portando con s\u00e9 la moglie. Nel primo viaggio c&#8217;erano anche le due figlie di Bush, Barbara e Jenna, che presero parte a un safari.<\/div>\n","protected":false},"excerpt":{"rendered":"<p><p>Nei giorni scorsi negli Usa sono divampate le polemiche per il viaggio che Obama si appresta a fare in Africa (dal 26 giugno al 3 luglio). Ai contribuenti coster\u00e0 tra i 60 e i 100 milioni di dollari (tra 45 e 76 milioni di euro). La stima \u00e8 stata fatta dal Washington Post che, dopo aver sentito alcuni funzionari della Casa Bianca, ha elaborato un preventivo spesa comprensivo delle enormi misure di sicurezza. Che di sicuro aumenteranno dopo l&#8217;arresto di due uomini che, secondo l&#8217;Fbi, avevano in mente di compiere un attentato con un&#8217;avveniristica arma a raggi X. Difficile fare [&hellip;]<\/p>\n&nbsp;&nbsp;<div class=\"readmore\"><a href=\"https:\/\/blog.ilgiornale.it\/sacchelli\/2013\/06\/21\/il-viaggio-di-obama-in-africa-costa-100-milioni\/\">Continua a leggere...<\/a><\/div><\/p>","protected":false},"author":1011,"featured_media":0,"comment_status":"open","ping_status":"closed","sticky":false,"template":"","format":"standard","meta":[],"categories":[2891],"tags":[146,29350,29349],"_links":{"self":[{"href":"https:\/\/blog.ilgiornale.it\/sacchelli\/wp-json\/wp\/v2\/posts\/907"}],"collection":[{"href":"https:\/\/blog.ilgiornale.it\/sacchelli\/wp-json\/wp\/v2\/posts"}],"about":[{"href":"https:\/\/blog.ilgiornale.it\/sacchelli\/wp-json\/wp\/v2\/types\/post"}],"author":[{"embeddable":true,"href":"https:\/\/blog.ilgiornale.it\/sacchelli\/wp-json\/wp\/v2\/users\/1011"}],"replies":[{"embeddable":true,"href":"https:\/\/blog.ilgiornale.it\/sacchelli\/wp-json\/wp\/v2\/comments?post=907"}],"version-history":[{"count":7,"href":"https:\/\/blog.ilgiornale.it\/sacchelli\/wp-json\/wp\/v2\/posts\/907\/revisions"}],"predecessor-version":[{"id":917,"href":"https:\/\/blog.ilgiornale.it\/sacchelli\/wp-json\/wp\/v2\/posts\/907\/revisions\/917"}],"wp:attachment":[{"href":"https:\/\/blog.ilgiornale.it\/sacchelli\/wp-json\/wp\/v2\/media?parent=907"}],"wp:term":[{"taxonomy":"category","embeddable":true,"href":"https:\/\/blog.ilgiornale.it\/sacchelli\/wp-json\/wp\/v2\/categories?post=907"},{"taxonomy":"post_tag","embeddable":true,"href":"https:\/\/blog.ilgiornale.it\/sacchelli\/wp-json\/wp\/v2\/tags?post=907"}],"curies":[{"name":"wp","href":"https:\/\/api.w.org\/{rel}","templated":true}]}}