{"id":992,"date":"2013-07-13T14:52:43","date_gmt":"2013-07-13T14:52:43","guid":{"rendered":"https:\/\/blog.ilgiornale.it\/sacchelli\/?p=992"},"modified":"2013-07-13T14:53:20","modified_gmt":"2013-07-13T14:53:20","slug":"texas-legge-piu-restrittiva-sullaborto","status":"publish","type":"post","link":"https:\/\/blog.ilgiornale.it\/sacchelli\/2013\/07\/13\/texas-legge-piu-restrittiva-sullaborto\/","title":{"rendered":"Texas, legge pi\u00f9 restrittiva sull&#8217;aborto"},"content":{"rendered":"<p><strong><a href=\"https:\/\/blog.ilgiornale.it\/sacchelli\/files\/2013\/07\/Texas.jpg\"><img loading=\"lazy\" class=\"alignleft size-medium wp-image-993\" src=\"https:\/\/blog.ilgiornale.it\/sacchelli\/files\/2013\/07\/Texas-300x190.jpg\" alt=\"\" width=\"300\" height=\"190\" srcset=\"https:\/\/blog.ilgiornale.it\/sacchelli\/files\/2013\/07\/Texas-300x190.jpg 300w, https:\/\/blog.ilgiornale.it\/sacchelli\/files\/2013\/07\/Texas-1024x651.jpg 1024w, https:\/\/blog.ilgiornale.it\/sacchelli\/files\/2013\/07\/Texas.jpg 2000w\" sizes=\"(max-width: 300px) 100vw, 300px\" \/><\/a>Rick Perry<\/strong>, governatore del Texas, \u00e8 raggiante: <em>&#8220;Oggi il Parlamento del Texas ha superato l\u2019ultima tappa della nostra storica battaglia per la vita&#8221;<\/em>. Il motivo di tanta felicit\u00e0 \u00e8 l&#8217;approvazione, da parte del Senato texano, di un disegno di legge sull&#8217;aborto considerato tra i pi\u00f9 restrittivi degli Stati Uniti.\u00a0 L&#8217;interruzione della gravidanza <strong>dopo 20 settimane<\/strong> \u00e8 vietato (l\u2019attuale limite statale \u00e8 di 26 settimane), tranne nel caso in cui la donna sia in pericolo di vita. Previsti controlli pi\u00f9 severi sui medici e obbligatoria la presenza di un dottore durante la somministrazione della<strong> pillola abortiva<\/strong>.\u00a0 Le cliniche per l\u2019aborto e i medici che vi operano dovranno adeguarsi agli stessi standard dei normali centri chirurgici, che hanno regole e prassi pi\u00f9 severe.\u00a0Il via libera alle legge \u00e8 arrivato nonostante la mobilitazione dei gruppi &#8220;<strong><a href=\"https:\/\/en.wikipedia.org\/wiki\/United_States_pro-choice_movement\" target=\"_blank\">pro-choice<\/a><\/strong>&#8221; e la maratona oratoria della senatrice democratica <strong><a href=\"http:\/\/en.wikipedia.org\/wiki\/Wendy_Davis_%28politician%29\" target=\"_blank\">Wendy Davis<\/a><\/strong>, che il 25 giugno aveva parlato per 13 ore di fila pur di impedire l\u2019approvazione entro i termini.<\/p>\n<p>I militanti pro-aborto sostengono che la nuova legge provocher\u00e0 la chiusura di quasi tutti i centri che praticano l\u2019interruzione di gravidanza in Texas, lasciandone operativi non pi\u00f9 di 5 su 42. Gli oppositori hanno manifestato davanti al Senato, circondato dalla polizia. Tafferugli all\u2019interno dell\u2019edificio, con alcuni manifestanti che si sono incatenati alla balaustra della tribuna del pubblico per evitare di essere sgomberati. Sequestrato bottigliette riempite di urina ed escrementi.<\/p>\n<p>L\u2019aborto \u00e8 legale negli Stati Uniti da una sentenza della Corte suprema del 1973, la storica sentenza &#8220;<strong><a href=\"http:\/\/it.wikipedia.org\/wiki\/Roe_contro_Wade\" target=\"_blank\">Roe contro Wade<\/a><\/strong>&#8220;. Negli ultimi anni i conservatori si sono\u00a0 prodigati molto per adottare leggi che restringessero il pi\u00f9 possibile la pratica dell&#8217;aborto. L&#8217;obiettivo \u00e8 quello di contrastare la legge federale, in modo tale da far scoppiare il caso davanti alla<strong> Corte Suprema<\/strong> per ottenere una modifica (o l\u2019abolizione) della contestata sentenza.<\/p>\n<p>&#8211;<em> <a href=\"http:\/\/www.huffingtonpost.com\/2013\/07\/13\/texas-senate-abortion-bill_n_3587745.html\" target=\"_blank\">Leggi l&#8217;approfondimento<\/a> sull&#8217;Huffington Post<\/em><\/p>\n<p>&nbsp;<\/p>\n<p>&nbsp;<\/p>\n","protected":false},"excerpt":{"rendered":"<p><p>Rick Perry, governatore del Texas, \u00e8 raggiante: &#8220;Oggi il Parlamento del Texas ha superato l\u2019ultima tappa della nostra storica battaglia per la vita&#8221;. Il motivo di tanta felicit\u00e0 \u00e8 l&#8217;approvazione, da parte del Senato texano, di un disegno di legge sull&#8217;aborto considerato tra i pi\u00f9 restrittivi degli Stati Uniti.\u00a0 L&#8217;interruzione della gravidanza dopo 20 settimane \u00e8 vietato (l\u2019attuale limite statale \u00e8 di 26 settimane), tranne nel caso in cui la donna sia in pericolo di vita. Previsti controlli pi\u00f9 severi sui medici e obbligatoria la presenza di un dottore durante la somministrazione della pillola abortiva.\u00a0 Le cliniche per l\u2019aborto e [&hellip;]<\/p>\n&nbsp;&nbsp;<div class=\"readmore\"><a href=\"https:\/\/blog.ilgiornale.it\/sacchelli\/2013\/07\/13\/texas-legge-piu-restrittiva-sullaborto\/\">Continua a leggere...<\/a><\/div><\/p>","protected":false},"author":1011,"featured_media":0,"comment_status":"open","ping_status":"closed","sticky":false,"template":"","format":"standard","meta":[],"categories":[2891,18531],"tags":[29365,29367,29366,29251,22943],"_links":{"self":[{"href":"https:\/\/blog.ilgiornale.it\/sacchelli\/wp-json\/wp\/v2\/posts\/992"}],"collection":[{"href":"https:\/\/blog.ilgiornale.it\/sacchelli\/wp-json\/wp\/v2\/posts"}],"about":[{"href":"https:\/\/blog.ilgiornale.it\/sacchelli\/wp-json\/wp\/v2\/types\/post"}],"author":[{"embeddable":true,"href":"https:\/\/blog.ilgiornale.it\/sacchelli\/wp-json\/wp\/v2\/users\/1011"}],"replies":[{"embeddable":true,"href":"https:\/\/blog.ilgiornale.it\/sacchelli\/wp-json\/wp\/v2\/comments?post=992"}],"version-history":[{"count":2,"href":"https:\/\/blog.ilgiornale.it\/sacchelli\/wp-json\/wp\/v2\/posts\/992\/revisions"}],"predecessor-version":[{"id":995,"href":"https:\/\/blog.ilgiornale.it\/sacchelli\/wp-json\/wp\/v2\/posts\/992\/revisions\/995"}],"wp:attachment":[{"href":"https:\/\/blog.ilgiornale.it\/sacchelli\/wp-json\/wp\/v2\/media?parent=992"}],"wp:term":[{"taxonomy":"category","embeddable":true,"href":"https:\/\/blog.ilgiornale.it\/sacchelli\/wp-json\/wp\/v2\/categories?post=992"},{"taxonomy":"post_tag","embeddable":true,"href":"https:\/\/blog.ilgiornale.it\/sacchelli\/wp-json\/wp\/v2\/tags?post=992"}],"curies":[{"name":"wp","href":"https:\/\/api.w.org\/{rel}","templated":true}]}}