{"id":1070,"date":"2013-12-06T03:33:41","date_gmt":"2013-12-06T01:33:41","guid":{"rendered":"https:\/\/blog.ilgiornale.it\/spirli\/?p=1070"},"modified":"2013-12-06T03:33:41","modified_gmt":"2013-12-06T01:33:41","slug":"gli-occhi-della-guerra","status":"publish","type":"post","link":"https:\/\/blog.ilgiornale.it\/spirli\/2013\/12\/06\/gli-occhi-della-guerra\/","title":{"rendered":"Gli occhi della guerra"},"content":{"rendered":"<p>Venerd\u00ec 6 dicembre 2013 &#8211; San Nicola &#8211; Roma<\/p>\n<p><a title=\"Gli occhi della Guerra - www.ilgiornaleoff.it\" href=\"http:\/\/www.ilgiornaleoff.it\/column\/puoi-sempre-scegliere-di-chiudere-gli-occhi\/\">Gli occhi della guerra<\/a><\/p>\n<p>&nbsp;<\/p>\n<p>Si chiama Olivier Voisin. Fotoreporter. Vive nel mondo a fianco dal 24 febbraio di quest&#8217;anno che sta per finire. Non l&#8217;ho mai conosciuto, ma, attraverso i racconti della nostra amica comune, Mimosa, mi sembra perfino di averlo abbracciato.<\/p>\n<p><a href=\"https:\/\/blog.ilgiornale.it\/spirli\/files\/2013\/12\/Olivier_Voisin.jpg\"><img loading=\"lazy\" class=\"alignnone size-medium wp-image-1074\" src=\"https:\/\/blog.ilgiornale.it\/spirli\/files\/2013\/12\/Olivier_Voisin-300x174.jpg\" alt=\"\" width=\"300\" height=\"174\" srcset=\"https:\/\/blog.ilgiornale.it\/spirli\/files\/2013\/12\/Olivier_Voisin-300x174.jpg 300w, https:\/\/blog.ilgiornale.it\/spirli\/files\/2013\/12\/Olivier_Voisin-1024x594.jpg 1024w, https:\/\/blog.ilgiornale.it\/spirli\/files\/2013\/12\/Olivier_Voisin.jpg 2000w\" sizes=\"(max-width: 300px) 100vw, 300px\" \/><\/a><\/p>\n<p>Olivier l&#8217;aveva affiancata nelle settimane parigine durante le elezioni presidenziali. Poi, come sempre, part\u00ec per i luoghi di guerra.<\/p>\n<p>Per raccontare. Testimoniare. Denunciare.<\/p>\n<p>Non ce l&#8217;ha fatta. In Siria, una bomba \u00e8 stata pi\u00f9 svelta, la bastarda! E, ferito gravemente, \u00e8 andato di l\u00e0. Dove vive adesso. Nel Mondo dei ricordi belli.<\/p>\n<p>Che vita, quella degli inviati in zone di guerra! Che coraggio! Che senso del dovere! Ci vanno per noi. Perch\u00e9 possiamo sapere, senza chiudere gli occhi della mente. Senza poter far finta che laggi\u00f9 la gente muore. Mica solo i soldati armati. No! I nostri vicini di casa, i nostri parenti: quella donna, madre di bambini gi\u00e0 feriti e uccisi nel bombardamento precedente, quel fruttivendolo simpatico, sposato con la cicciona che ride ad ogni sua battuta, il barbiere dove nonno va a farsi radere, ormai che gli trema la mano, la zia del nostro compagno di banco, quella che fa le frittelle e poi le passa nel miele. E, con loro, padri, zii, fratelli, arruolati per forza e armati anche se impreparati. Ci sembra di non conoscerli? <a title=\"Apriamo gli occhi\" href=\"http:\/\/www.ilgiornaleoff.it\/column\/puoi-sempre-scegliere-di-chiudere-gli-occhi\/\">Apriamo gli occh<\/a>i, ma apriamoli per bene: cavolo, se non somigliano ai nostri fruttivendoli, ai nostri barbieri, zii, nonni e compagni di banco. Anche ai nostri figli, somigliano quei bambini sventrati dalle bombe e avvolti in vecchie coperte, alla bell&#8217;e meglio. Ed \u00e8 grazie ai nostri coraggiosi reporter che possiamo riconoscerli. Grazie a loro che ci arrivano le notizie da quei luoghi devastati. Mica tanto lontani dalle nostre case. Anzi\u2026<a href=\"https:\/\/blog.ilgiornale.it\/spirli\/files\/2013\/12\/bimbo-soldato.jpg\"><img loading=\"lazy\" class=\"alignnone size-full wp-image-1076\" src=\"https:\/\/blog.ilgiornale.it\/spirli\/files\/2013\/12\/bimbo-soldato.jpg\" alt=\"\" width=\"200\" height=\"200\" srcset=\"https:\/\/blog.ilgiornale.it\/spirli\/files\/2013\/12\/bimbo-soldato.jpg 200w, https:\/\/blog.ilgiornale.it\/spirli\/files\/2013\/12\/bimbo-soldato-150x150.jpg 150w\" sizes=\"(max-width: 200px) 100vw, 200px\" \/><\/a><\/p>\n<p>I conflitti in atto al 4 dicembre 2013 coinvolgono in Africa, 24 Stati e 140 tra milizie-guerriglieri, gruppi separatisti e gruppi anarchici (Mali, Nigeria, Sudan, Somalia, R.D. del Congo\u2026); in Asia, 15 Stati e 116 tra milizie-guerriglieri, gruppi separatisti e gruppi anarchici (Afghanistan, Myanmar, Pakistan\u2026); in Europa, 8 Stati, 65 tra milizie-guerriglieri, gruppi separatisti e gruppi anarchici (Cecenia, Daghestan\u2026); in Medio Oriente, 8 Stati e 144 tra milizie-guerriglieri, gruppi separatisti e gruppi anarchici (Iraq, Israele, Siria, Yemen\u2026); nelle Americhe, 5 Stati e 25 tra cartelli della droga, milizie-guerriglieri, gruppi separatisti e gruppi anarchici (Colombia, Messico\u2026)<\/p>\n<p>In totale, sono coinvolti 60 Stati e 491 tra milizie e gruppi.<a href=\"https:\/\/blog.ilgiornale.it\/spirli\/files\/2013\/12\/bimba-soldato.jpg\"><img loading=\"lazy\" class=\"alignnone size-full wp-image-1079\" src=\"https:\/\/blog.ilgiornale.it\/spirli\/files\/2013\/12\/bimba-soldato.jpg\" alt=\"\" width=\"266\" height=\"190\" \/><\/a><\/p>\n<p>&nbsp;<\/p>\n<p><a title=\"www.ilgiornale.it - gli occhi della guerra\" href=\"https:\/\/www.ilgiornale.it\/news\/esteri\/occhi-guerra-973489.html\">www.ilgiornale.it\u00a0<\/a>\u00a0lancia una iniziativa speciale. La campagna solidale www.gliocchidellaguerra.it \u00e8 indirizzata verso quei reporter che, coraggiosamente, salutano la propria famiglia e partono per le zone di guerra. Da oggi, spetta anche a noi contribuire alle spese, con piccole, ma significative donazioni, che consentiranno loro di svolgere la propria missione.<\/p>\n<p>E, dunque, s\u00ec, <a title=\"apriamo gli occhi\" href=\"http:\/\/www.ilgiornaleoff.it\/column\/puoi-sempre-scegliere-di-chiudere-gli-occhi\/\">apriamo gli occhi<\/a>!<\/p>\n<p>Con il finanziamento solidale ognuno di noi si coinvolge in prima persona, partecipa ed aiuta, in tempo di crisi, due professionisti del reportage fotografico e documentaristico come Fausto Biloslavo e Gian Micalessin.<\/p>\n<p>Informare per educare.<\/p>\n<p>Il finanziamento solidale \u00e8 scegliere di sapere. Per non morire.<\/p>\n<p>\u2026 fra me e voi. Per continuare a sapere.<\/p>\n<p>&nbsp;<\/p>\n","protected":false},"excerpt":{"rendered":"<p><p>Venerd\u00ec 6 dicembre 2013 &#8211; San Nicola &#8211; Roma Gli occhi della guerra &nbsp; Si chiama Olivier Voisin. Fotoreporter. Vive nel mondo a fianco dal 24 febbraio di quest&#8217;anno che sta per finire. Non l&#8217;ho mai conosciuto, ma, attraverso i racconti della nostra amica comune, Mimosa, mi sembra perfino di averlo abbracciato. Olivier l&#8217;aveva affiancata nelle settimane parigine durante le elezioni presidenziali. Poi, come sempre, part\u00ec per i luoghi di guerra. Per raccontare. Testimoniare. Denunciare. Non ce l&#8217;ha fatta. In Siria, una bomba \u00e8 stata pi\u00f9 svelta, la bastarda! E, ferito gravemente, \u00e8 andato di l\u00e0. Dove vive adesso. Nel [&hellip;]<\/p>\n&nbsp;&nbsp;<div class=\"readmore\"><a href=\"https:\/\/blog.ilgiornale.it\/spirli\/2013\/12\/06\/gli-occhi-della-guerra\/\">Continua a leggere...<\/a><\/div><\/p>","protected":false},"author":1022,"featured_media":0,"comment_status":"open","ping_status":"closed","sticky":false,"template":"","format":"standard","meta":[],"categories":[34304,247,34319],"tags":[38881,38882,38880,9386,38879],"_links":{"self":[{"href":"https:\/\/blog.ilgiornale.it\/spirli\/wp-json\/wp\/v2\/posts\/1070"}],"collection":[{"href":"https:\/\/blog.ilgiornale.it\/spirli\/wp-json\/wp\/v2\/posts"}],"about":[{"href":"https:\/\/blog.ilgiornale.it\/spirli\/wp-json\/wp\/v2\/types\/post"}],"author":[{"embeddable":true,"href":"https:\/\/blog.ilgiornale.it\/spirli\/wp-json\/wp\/v2\/users\/1022"}],"replies":[{"embeddable":true,"href":"https:\/\/blog.ilgiornale.it\/spirli\/wp-json\/wp\/v2\/comments?post=1070"}],"version-history":[{"count":8,"href":"https:\/\/blog.ilgiornale.it\/spirli\/wp-json\/wp\/v2\/posts\/1070\/revisions"}],"predecessor-version":[{"id":1082,"href":"https:\/\/blog.ilgiornale.it\/spirli\/wp-json\/wp\/v2\/posts\/1070\/revisions\/1082"}],"wp:attachment":[{"href":"https:\/\/blog.ilgiornale.it\/spirli\/wp-json\/wp\/v2\/media?parent=1070"}],"wp:term":[{"taxonomy":"category","embeddable":true,"href":"https:\/\/blog.ilgiornale.it\/spirli\/wp-json\/wp\/v2\/categories?post=1070"},{"taxonomy":"post_tag","embeddable":true,"href":"https:\/\/blog.ilgiornale.it\/spirli\/wp-json\/wp\/v2\/tags?post=1070"}],"curies":[{"name":"wp","href":"https:\/\/api.w.org\/{rel}","templated":true}]}}