{"id":1092,"date":"2013-12-09T16:53:19","date_gmt":"2013-12-09T14:53:19","guid":{"rendered":"https:\/\/blog.ilgiornale.it\/spirli\/?p=1092"},"modified":"2013-12-09T16:53:19","modified_gmt":"2013-12-09T14:53:19","slug":"vita-di-una-madre-che-inchiodo-la-mafia","status":"publish","type":"post","link":"https:\/\/blog.ilgiornale.it\/spirli\/2013\/12\/09\/vita-di-una-madre-che-inchiodo-la-mafia\/","title":{"rendered":"Vita di una Madre che inchiod\u00f2 la mafia"},"content":{"rendered":"<p>Luned\u00ec 9 dicembre 2013 &#8211; San Siro &#8211; Piana di Gioia Tauro<\/p>\n<p><a href=\"https:\/\/blog.ilgiornale.it\/spirli\/files\/2013\/12\/Felicia_Bartolotta_Impastat.jpg\"><img loading=\"lazy\" class=\"alignnone size-medium wp-image-1093\" src=\"https:\/\/blog.ilgiornale.it\/spirli\/files\/2013\/12\/Felicia_Bartolotta_Impastat-267x300.jpg\" alt=\"\" width=\"267\" height=\"300\" srcset=\"https:\/\/blog.ilgiornale.it\/spirli\/files\/2013\/12\/Felicia_Bartolotta_Impastat-267x300.jpg 267w, https:\/\/blog.ilgiornale.it\/spirli\/files\/2013\/12\/Felicia_Bartolotta_Impastat.jpg 300w\" sizes=\"(max-width: 267px) 100vw, 267px\" \/><\/a><\/p>\n<p>Felicia Bartolotta Impastato. Madre di Peppino Impastato, laureato post mortem. Giornalista post mortem. Eroe post mortem.<\/p>\n<p>Ma non \u00e8 di quell&#8217;Eroe dell&#8217;Antimafia che, oggi, mi voglio occupare, tenendo gelosamente custodite le bandiere nel forziere, ma dell&#8217;amore di una Madre e della bravura di un&#8217;Attrice.<\/p>\n<p>Sabato 7 e domenica 8 dicembre u.s., ho riabbracciato, dopo qualche tempo, la mia cara e grande amica Lucia Sardo. Di lei potrei raccontare di quando, qualche anno fa, mi fece letteralmente ribaltare dalla poltroncina, al teatro dei Satiri di Roma. Entr\u00f2 in scena, si piazz\u00f2 al centro del palcoscenico e a lungo sfid\u00f2 il pubblico, guardandolo senza profferire parola. Poi, con l&#8217;altera arroganza mediterranea, disse solo &#8220;Avanti\u2026 E se io non volessi dire nemmeno una parola?&#8221; Saremmo stati l\u00ec, lo stesso, \u00a0a guardarla. Bastava lei\u2026 Poi, si trasform\u00f2. In mille facce. Compresa la vecchina abbandonata dalla famiglia in compagnia di un tamagochi\u2026 Un delirio di amare risate.<\/p>\n<p>[youtube dr74U5y0ejU]<\/p>\n<p>Oggi \u00e8 Felicia. La Donna che fece i nomi. Che inchiod\u00f2 la mafia. La madre che rese Eterno il proprio Figlio. Come la Vergine Maria. E come Lei, anche Felicia e Lucia celebrano la Maternit\u00e0 trasportandola dalle viscere all&#8217;Universale. Ognuna per come pu\u00f2 e deve.<\/p>\n<p>Lucia \u00e8 il tramite pi\u00f9 nobile che Felicia potesse trovare nel panorama artistico, teatrale e cinematografico italiano. Come lei, nessuna. Una sorta di Madre Greca, Madre di ogni Madre, che riesce anche solo respirando a dare al petto sembianza di culla. Alla schiena, a volte curva, a volte dritta come asta di bandiera, la nobilt\u00e0 della dignit\u00e0. Quella schiena non si piegher\u00e0 mai, se non per proteggere il silenzio del dolore.<\/p>\n<p><a title=\"L'articolo su il giornaleoff.it\" href=\"http:\/\/www.ilgiornaleoff.it\/la-madre-dei-ragazzi-contro-la-mafia-e-ingiustizie\/\">L&#8217;articolo su ilgiornaleoff.it<\/a>\u00a0mi \u00e8 scappato dalla penna, appena uscito da teatro. Poi, ho dovuto cercare le immagini di Felicia, sul web<\/p>\n<p>[youtube DMLABkrPFcc]<\/p>\n<p>\u2026 ho pianto per commozione e rabbia. Ho telefonato a Lucia. Ci siamo incontrati davanti alle fiamme di un camino. Sorseggiando una tisana, abbiamo parlato di tante cose. Ci guardavamo negli occhi. Capendoci. Abbiamo parlato di mille e mille cose. Anche di Costellazioni\u2026 Dei suoi progetti teatrali e cinematografici, del mio <a title=\"Diario di una vecchia checca\" href=\"http:\/\/www.ninospirli.it\">Diario di una vecchia checca<\/a>. Dell&#8217;<a title=\"articolo appena pubblicato\" href=\"http:\/\/www.ilgiornaleoff.it\/la-madre-dei-ragazzi-contro-la-mafia-e-ingiustizie\/\">articolo appena pubblicato<\/a>. E gli anni di lontananza li abbiamo dimenticati. Abbiamo parlato di futuro. Di crescita spirituale. Di liberazione. La osservavo. A volte la percepivo come la Madre di Cinisi, perch\u00e9 Felicia, per non morire, si \u00e8 nascosta nel petto di Lucia e, grazie a Lei, respira ancora. E parla.<\/p>\n<p>Miracolo.<\/p>\n<p><a href=\"https:\/\/blog.ilgiornale.it\/spirli\/files\/2013\/12\/logo.jpg\"><img loading=\"lazy\" class=\"alignnone size-medium wp-image-1096\" src=\"https:\/\/blog.ilgiornale.it\/spirli\/files\/2013\/12\/logo-291x300.jpg\" alt=\"\" width=\"291\" height=\"300\" srcset=\"https:\/\/blog.ilgiornale.it\/spirli\/files\/2013\/12\/logo-291x300.jpg 291w, https:\/\/blog.ilgiornale.it\/spirli\/files\/2013\/12\/logo.jpg 320w\" sizes=\"(max-width: 291px) 100vw, 291px\" \/><\/a><\/p>\n<p>\u2026 fra me e me. In omaggio alle Madri.<\/p>\n<p>&nbsp;<\/p>\n<p>&nbsp;<\/p>\n<p>&nbsp;<\/p>\n","protected":false},"excerpt":{"rendered":"<p><p>Luned\u00ec 9 dicembre 2013 &#8211; San Siro &#8211; Piana di Gioia Tauro Felicia Bartolotta Impastato. Madre di Peppino Impastato, laureato post mortem. Giornalista post mortem. Eroe post mortem. Ma non \u00e8 di quell&#8217;Eroe dell&#8217;Antimafia che, oggi, mi voglio occupare, tenendo gelosamente custodite le bandiere nel forziere, ma dell&#8217;amore di una Madre e della bravura di un&#8217;Attrice. Sabato 7 e domenica 8 dicembre u.s., ho riabbracciato, dopo qualche tempo, la mia cara e grande amica Lucia Sardo. Di lei potrei raccontare di quando, qualche anno fa, mi fece letteralmente ribaltare dalla poltroncina, al teatro dei Satiri di Roma. Entr\u00f2 in scena, [&hellip;]<\/p>\n&nbsp;&nbsp;<div class=\"readmore\"><a href=\"https:\/\/blog.ilgiornale.it\/spirli\/2013\/12\/09\/vita-di-una-madre-che-inchiodo-la-mafia\/\">Continua a leggere...<\/a><\/div><\/p>","protected":false},"author":1022,"featured_media":0,"comment_status":"open","ping_status":"closed","sticky":false,"template":"","format":"standard","meta":[],"categories":[34304,34319],"tags":[38894,38890,38892,38891,38893,38879],"_links":{"self":[{"href":"https:\/\/blog.ilgiornale.it\/spirli\/wp-json\/wp\/v2\/posts\/1092"}],"collection":[{"href":"https:\/\/blog.ilgiornale.it\/spirli\/wp-json\/wp\/v2\/posts"}],"about":[{"href":"https:\/\/blog.ilgiornale.it\/spirli\/wp-json\/wp\/v2\/types\/post"}],"author":[{"embeddable":true,"href":"https:\/\/blog.ilgiornale.it\/spirli\/wp-json\/wp\/v2\/users\/1022"}],"replies":[{"embeddable":true,"href":"https:\/\/blog.ilgiornale.it\/spirli\/wp-json\/wp\/v2\/comments?post=1092"}],"version-history":[{"count":6,"href":"https:\/\/blog.ilgiornale.it\/spirli\/wp-json\/wp\/v2\/posts\/1092\/revisions"}],"predecessor-version":[{"id":1100,"href":"https:\/\/blog.ilgiornale.it\/spirli\/wp-json\/wp\/v2\/posts\/1092\/revisions\/1100"}],"wp:attachment":[{"href":"https:\/\/blog.ilgiornale.it\/spirli\/wp-json\/wp\/v2\/media?parent=1092"}],"wp:term":[{"taxonomy":"category","embeddable":true,"href":"https:\/\/blog.ilgiornale.it\/spirli\/wp-json\/wp\/v2\/categories?post=1092"},{"taxonomy":"post_tag","embeddable":true,"href":"https:\/\/blog.ilgiornale.it\/spirli\/wp-json\/wp\/v2\/tags?post=1092"}],"curies":[{"name":"wp","href":"https:\/\/api.w.org\/{rel}","templated":true}]}}