{"id":1184,"date":"2013-12-28T12:14:22","date_gmt":"2013-12-28T10:14:22","guid":{"rendered":"https:\/\/blog.ilgiornale.it\/spirli\/?p=1184"},"modified":"2013-12-28T12:14:22","modified_gmt":"2013-12-28T10:14:22","slug":"bronzi-di-rriace-a-casa-perdono-il-posto-da-portinai","status":"publish","type":"post","link":"https:\/\/blog.ilgiornale.it\/spirli\/2013\/12\/28\/bronzi-di-rriace-a-casa-perdono-il-posto-da-portinai\/","title":{"rendered":"BRONZI DI RRIACE A CASA. Perdono il posto da portinai."},"content":{"rendered":"<p>Sabato 28 dicembre 2013 &#8211; SS Martiri Innocenti &#8211; Taurianova<\/p>\n<p><a href=\"https:\/\/blog.ilgiornale.it\/spirli\/files\/2013\/12\/bronzi-di-riace-300x239.jpg\"><img loading=\"lazy\" class=\"alignnone size-full wp-image-1185\" src=\"https:\/\/blog.ilgiornale.it\/spirli\/files\/2013\/12\/bronzi-di-riace-300x239.jpg\" alt=\"\" width=\"300\" height=\"239\" \/><\/a>\u00a0Bronzi di Rriace, <a title=\"clicca qui\" href=\"http:\/\/www.ilgiornaleoff.it\/column\/due-guerrieri-casa-dopo-quattro-anni-di-portierato\/\">clicca qui<\/a><\/p>\n<p>Dopo quattro anni! Quattro lunghissimi anni di portierato a Palazzo Campanella, sede del Consiglio Rregionale. Stesi come malati terminali, In vetrina, come nemmeno pi\u00f9 i cuccioli di cane. Ignorati dai mille e mille che andavano a trovare gli &#8220;onorevoli&#8221; (perch\u00e9 onorevoli?) rregionali. Erano diventati due di noi. Anzi, anche meno. A vederli, la frase pi\u00f9 comune era &#8220;Ancora cca, stannu?&#8221; (Ma sono ancora qui??). Dunque, due presenze inopportune, quasi pesanti.<\/p>\n<p>Sono i <a title=\"Bronzi di Rriace\" href=\"www.ilgiornaleoff.it\/column\/due-guerrieri-casa-dopo-quattro-anni-di-portierato\/\">Bronzi di Rriace<\/a>.<\/p>\n<p><a href=\"https:\/\/blog.ilgiornale.it\/spirli\/files\/2013\/12\/Bronzi_di_Riace2.jpg\"><img loading=\"lazy\" class=\"alignnone size-medium wp-image-1187\" src=\"https:\/\/blog.ilgiornale.it\/spirli\/files\/2013\/12\/Bronzi_di_Riace2-300x225.jpg\" alt=\"\" width=\"300\" height=\"225\" srcset=\"https:\/\/blog.ilgiornale.it\/spirli\/files\/2013\/12\/Bronzi_di_Riace2-300x225.jpg 300w, https:\/\/blog.ilgiornale.it\/spirli\/files\/2013\/12\/Bronzi_di_Riace2.jpg 512w\" sizes=\"(max-width: 300px) 100vw, 300px\" \/><\/a><\/p>\n<p>E&#8217; pur vero che, durante il ricovero e la successiva assunzione come portinai, sono stati ripuliti, svuotati e restaurati, ma tutti ci siam chiesti se, per rilucidare la cornice alla Gioconda, i francesi l&#8217;avessero mai portata a Place de la Concorde. O la Vergine delle rocce l&#8217;avessero fatta passeggiare alle Tuileries. Avete mai veduto la Paolina Borghese stendersi fra le frasche di Villa Borghese? O l&#8217;Auriga di Delfi bagnarsi nel mare di Salonicco?<\/p>\n<p>Tutto il mondo preserva le opere d&#8217;arte. Noi calabresi facciamo di meglio, le assumiamo alla Rreggione!<\/p>\n<p><a href=\"https:\/\/blog.ilgiornale.it\/spirli\/files\/2013\/12\/bronzi-riace3.jpg\"><img loading=\"lazy\" class=\"alignnone size-medium wp-image-1188\" src=\"https:\/\/blog.ilgiornale.it\/spirli\/files\/2013\/12\/bronzi-riace3-300x200.jpg\" alt=\"\" width=\"300\" height=\"200\" srcset=\"https:\/\/blog.ilgiornale.it\/spirli\/files\/2013\/12\/bronzi-riace3-300x200.jpg 300w, https:\/\/blog.ilgiornale.it\/spirli\/files\/2013\/12\/bronzi-riace3.jpg 650w\" sizes=\"(max-width: 300px) 100vw, 300px\" \/><\/a><\/p>\n<p>&nbsp;<\/p>\n<p>E ci dimentichiamo di loro. Le abbandoniamo su due carrelli metallici e tante care cose. Poi, per\u00f2, quando il mondo si incazza e comincia a chiedere conto e ragione del degrado, riusciamo a raccattare quei soldini necessari a completare i lavori di ristrutturazione aerospaziale del museo e le ricollochiamo sui piedistalli. E parte una campagna pubblicitaria stranamente gi\u00e0 pronta, radiotelevisiva, su scala nazionale, che invita il mondo a visitare i <a title=\"Bronzi di Rriace\" href=\"http:\/\/www.ilgiornaleoff.it\/column\/due-guerrieri-casa-dopo-quattro-anni-di-portierato\/\">Bronzi di Rriace<\/a>.<\/p>\n<p><a href=\"https:\/\/blog.ilgiornale.it\/spirli\/files\/2013\/12\/b-culo.jpg\"><img loading=\"lazy\" class=\"alignnone size-medium wp-image-1191\" src=\"https:\/\/blog.ilgiornale.it\/spirli\/files\/2013\/12\/b-culo-220x300.jpg\" alt=\"\" width=\"220\" height=\"300\" srcset=\"https:\/\/blog.ilgiornale.it\/spirli\/files\/2013\/12\/b-culo-220x300.jpg 220w, https:\/\/blog.ilgiornale.it\/spirli\/files\/2013\/12\/b-culo.jpg 250w\" sizes=\"(max-width: 220px) 100vw, 220px\" \/><\/a><\/p>\n<p>Chiedetemi se sono felice che i due <a title=\"Guerrieri di Rriace\" href=\"http:\/\/www.ilgiornaleoff.it\/column\/due-guerrieri-casa-dopo-quattro-anni-di-portierato\/\">Guerrieri di Rriace<\/a> siano tornati a casa. Certo che s\u00ec. Ma ci voleva tanto? E, soprattutto, ci volevano cos\u00ec tanti soldi e macchinari sofisticati? I Due Meravigliosi Bronzi sono stati duemila anni sott&#8217;acqua e hanno resistito alla grande. Il dubbio \u00e8 sempre lo stesso. Che si esageri. E che si sprechino fondi pubblici\u2026<\/p>\n<p>Cliccando <a title=\"anche qui\" href=\"http:\/\/www.ilgiornaleoff.it\/column\/due-guerrieri-casa-dopo-quattro-anni-di-portierato\/\">anche qui<\/a>, trovate una mia intervista ai due guerrieri pubblicata su www.ilgiornaleoff.it, il web magazine dell&#8217;arte!<\/p>\n<p>\u2026 fra me e me. Incantato dalla bellezza dei Bronzi di Rriace.<\/p>\n<p>&nbsp;<\/p>\n<p>&nbsp;<\/p>\n<p>&nbsp;<\/p>\n","protected":false},"excerpt":{"rendered":"<p><p>Sabato 28 dicembre 2013 &#8211; SS Martiri Innocenti &#8211; Taurianova \u00a0Bronzi di Rriace, clicca qui Dopo quattro anni! Quattro lunghissimi anni di portierato a Palazzo Campanella, sede del Consiglio Rregionale. Stesi come malati terminali, In vetrina, come nemmeno pi\u00f9 i cuccioli di cane. Ignorati dai mille e mille che andavano a trovare gli &#8220;onorevoli&#8221; (perch\u00e9 onorevoli?) rregionali. Erano diventati due di noi. Anzi, anche meno. A vederli, la frase pi\u00f9 comune era &#8220;Ancora cca, stannu?&#8221; (Ma sono ancora qui??). Dunque, due presenze inopportune, quasi pesanti. Sono i Bronzi di Rriace. E&#8217; pur vero che, durante il ricovero e la successiva [&hellip;]<\/p>\n&nbsp;&nbsp;<div class=\"readmore\"><a href=\"https:\/\/blog.ilgiornale.it\/spirli\/2013\/12\/28\/bronzi-di-rriace-a-casa-perdono-il-posto-da-portinai\/\">Continua a leggere...<\/a><\/div><\/p>","protected":false},"author":1022,"featured_media":0,"comment_status":"open","ping_status":"closed","sticky":false,"template":"","format":"standard","meta":[],"categories":[34304,87,34319],"tags":[],"_links":{"self":[{"href":"https:\/\/blog.ilgiornale.it\/spirli\/wp-json\/wp\/v2\/posts\/1184"}],"collection":[{"href":"https:\/\/blog.ilgiornale.it\/spirli\/wp-json\/wp\/v2\/posts"}],"about":[{"href":"https:\/\/blog.ilgiornale.it\/spirli\/wp-json\/wp\/v2\/types\/post"}],"author":[{"embeddable":true,"href":"https:\/\/blog.ilgiornale.it\/spirli\/wp-json\/wp\/v2\/users\/1022"}],"replies":[{"embeddable":true,"href":"https:\/\/blog.ilgiornale.it\/spirli\/wp-json\/wp\/v2\/comments?post=1184"}],"version-history":[{"count":9,"href":"https:\/\/blog.ilgiornale.it\/spirli\/wp-json\/wp\/v2\/posts\/1184\/revisions"}],"predecessor-version":[{"id":1198,"href":"https:\/\/blog.ilgiornale.it\/spirli\/wp-json\/wp\/v2\/posts\/1184\/revisions\/1198"}],"wp:attachment":[{"href":"https:\/\/blog.ilgiornale.it\/spirli\/wp-json\/wp\/v2\/media?parent=1184"}],"wp:term":[{"taxonomy":"category","embeddable":true,"href":"https:\/\/blog.ilgiornale.it\/spirli\/wp-json\/wp\/v2\/categories?post=1184"},{"taxonomy":"post_tag","embeddable":true,"href":"https:\/\/blog.ilgiornale.it\/spirli\/wp-json\/wp\/v2\/tags?post=1184"}],"curies":[{"name":"wp","href":"https:\/\/api.w.org\/{rel}","templated":true}]}}