{"id":1493,"date":"2014-02-09T19:04:22","date_gmt":"2014-02-09T18:04:22","guid":{"rendered":"https:\/\/blog.ilgiornale.it\/spirli\/?p=1493"},"modified":"2014-02-09T19:04:22","modified_gmt":"2014-02-09T18:04:22","slug":"quella-porta-consegnata-agli-immigrati-sos-beni-culturali","status":"publish","type":"post","link":"https:\/\/blog.ilgiornale.it\/spirli\/2014\/02\/09\/quella-porta-consegnata-agli-immigrati-sos-beni-culturali\/","title":{"rendered":"Quella Porta consegnata agli immigrati. SOS BENI CULTURALI"},"content":{"rendered":"<p>Domenica 9 febbraio 2014 &#8211; Santa Apollonia &#8211; Napoli<\/p>\n<p><a href=\"https:\/\/blog.ilgiornale.it\/spirli\/files\/2014\/02\/foto-3.jpg\"><img loading=\"lazy\" class=\"alignnone size-medium wp-image-1494\" src=\"https:\/\/blog.ilgiornale.it\/spirli\/files\/2014\/02\/foto-3-225x300.jpg\" alt=\"\" width=\"225\" height=\"300\" srcset=\"https:\/\/blog.ilgiornale.it\/spirli\/files\/2014\/02\/foto-3-225x300.jpg 225w, https:\/\/blog.ilgiornale.it\/spirli\/files\/2014\/02\/foto-3.jpg 360w\" sizes=\"(max-width: 225px) 100vw, 225px\" \/><\/a>Napoli, Porta Capuana e Mura Aragonesi<\/p>\n<p>Non \u00e8 pi\u00f9 nemmeno SOS!!! E&#8217; requiem!!!<\/p>\n<p><a title=\"Leggi qui\" href=\"http:\/\/www.ilgiornaleoff.it\/column\/quella-porta-aragonese-aperta-solo-al-degrado\/\">Leggi qui<\/a><\/p>\n<p>&nbsp;<\/p>\n<p><a title=\"Nino Spirl\u00ec\" href=\"http:\/\/www.ninospirli.it\">Nino Spirl\u00ec\u00a0<\/a><\/p>\n<p><a title=\"www.ilgiornaleoff.it\" href=\"http:\/\/www.ilgiornaleoff.it\/column\/il-cinico-razzismo-del-cuore-diritto-di-recesso\/\">www.ilgiornaleoff.it<\/a><\/p>\n<p>&nbsp;<\/p>\n<p>&nbsp;<\/p>\n<p>&nbsp;<\/p>\n<p>&nbsp;<\/p>\n","protected":false},"excerpt":{"rendered":"<p><p>Domenica 9 febbraio 2014 &#8211; Santa Apollonia &#8211; Napoli Napoli, Porta Capuana e Mura Aragonesi Non \u00e8 pi\u00f9 nemmeno SOS!!! E&#8217; requiem!!! Leggi qui &nbsp; Nino Spirl\u00ec\u00a0 www.ilgiornaleoff.it &nbsp; &nbsp; &nbsp; &nbsp;<\/p>\n&nbsp;&nbsp;<div class=\"readmore\"><a href=\"https:\/\/blog.ilgiornale.it\/spirli\/2014\/02\/09\/quella-porta-consegnata-agli-immigrati-sos-beni-culturali\/\">Continua a leggere...<\/a><\/div><\/p>","protected":false},"author":1022,"featured_media":0,"comment_status":"open","ping_status":"closed","sticky":false,"template":"","format":"standard","meta":[],"categories":[34304,87],"tags":[43256,2752,34372,43255,43219,38879],"_links":{"self":[{"href":"https:\/\/blog.ilgiornale.it\/spirli\/wp-json\/wp\/v2\/posts\/1493"}],"collection":[{"href":"https:\/\/blog.ilgiornale.it\/spirli\/wp-json\/wp\/v2\/posts"}],"about":[{"href":"https:\/\/blog.ilgiornale.it\/spirli\/wp-json\/wp\/v2\/types\/post"}],"author":[{"embeddable":true,"href":"https:\/\/blog.ilgiornale.it\/spirli\/wp-json\/wp\/v2\/users\/1022"}],"replies":[{"embeddable":true,"href":"https:\/\/blog.ilgiornale.it\/spirli\/wp-json\/wp\/v2\/comments?post=1493"}],"version-history":[{"count":3,"href":"https:\/\/blog.ilgiornale.it\/spirli\/wp-json\/wp\/v2\/posts\/1493\/revisions"}],"predecessor-version":[{"id":1497,"href":"https:\/\/blog.ilgiornale.it\/spirli\/wp-json\/wp\/v2\/posts\/1493\/revisions\/1497"}],"wp:attachment":[{"href":"https:\/\/blog.ilgiornale.it\/spirli\/wp-json\/wp\/v2\/media?parent=1493"}],"wp:term":[{"taxonomy":"category","embeddable":true,"href":"https:\/\/blog.ilgiornale.it\/spirli\/wp-json\/wp\/v2\/categories?post=1493"},{"taxonomy":"post_tag","embeddable":true,"href":"https:\/\/blog.ilgiornale.it\/spirli\/wp-json\/wp\/v2\/tags?post=1493"}],"curies":[{"name":"wp","href":"https:\/\/api.w.org\/{rel}","templated":true}]}}