{"id":1568,"date":"2014-02-21T11:02:54","date_gmt":"2014-02-21T10:02:54","guid":{"rendered":"https:\/\/blog.ilgiornale.it\/spirli\/?p=1568"},"modified":"2014-02-21T11:31:07","modified_gmt":"2014-02-21T10:31:07","slug":"quelle-bombe-americane-su-cittanova","status":"publish","type":"post","link":"https:\/\/blog.ilgiornale.it\/spirli\/2014\/02\/21\/quelle-bombe-americane-su-cittanova\/","title":{"rendered":"Quelle bombe americane su Cittanova"},"content":{"rendered":"<p>Venerd\u00ec 21 febbraio 2014 &#8211; Santa Eleonora &#8211; Taurianova<\/p>\n<p><strong>Buon onomastico Sorellina!<\/strong> Anche se, quest&#8217;anno, \u00e8 molto triste. Ti e Vi auguro, a Te, Nino, i ragazzi e Tutti, che <strong>Vince<\/strong> abbia trovato la &#8220;meravigliosa Capatosta calabrese&#8221; e stia solo cercando di contattare la famiglia\u2026<\/p>\n<p><a title=\"clicca qui\" href=\"http:\/\/m.adelaidenow.com.au\/news\/south-australia\/search-for-missing-fleurieu-peninsula-fishermen-vince-scarfo-and-his-brotherinlaw-luigi-palombo-called-off\/story-fni6uo1m-1226828988185\">clicca qui<\/a><\/p>\n<p>Sai, <strong>ieri sera sono stato a Cittanova<\/strong>, ospite del <strong>Sindaco Sandro Cannat\u00e0<\/strong>.<\/p>\n<p><a href=\"https:\/\/blog.ilgiornale.it\/spirli\/files\/2014\/02\/cittan.jpg\"><img loading=\"lazy\" class=\"alignnone size-full wp-image-1569\" src=\"https:\/\/blog.ilgiornale.it\/spirli\/files\/2014\/02\/cittan.jpg\" alt=\"\" width=\"283\" height=\"178\" \/><\/a><\/p>\n<p><strong>La Citt\u00e0 commemorava le vittime dei bombardamenti alleati<\/strong>, angloamericani, del 20 febbraio 1943. Quei morti, in Italia, non li ricorda mai nessuno. Perch\u00e9 morirono per mano dei &#8220;liberatori&#8221;\u2026<\/p>\n<p><strong>Quel giorno lontano, i bambini giocavano in strada<\/strong>, alcuni di loro lavoravano le foglie di tabacco, stirandole con una grossa pietra, altri erano incantati dal tendone di un circo appena arrivato in paese. Un circo di uomini e scimmie, cavalli, forse cagnolini. Avrebbe dovuto fare spettacolo, quella gente. Ma quel tendone, rosso e arancio, non piacque ai piloti \u00a0&#8220;amici&#8221; e fu la tragedia. Fra gli altri, e furono tanti, mor\u00ec anche una donna col bambino ancora attaccato al seno. Si racconta che rest\u00f2 seduta alla seggiola, con gli occhi sbarrati\u2026<\/p>\n<p><strong>Una morte inutile<\/strong>. Di soli Civili! Che la Citt\u00e0, che non dimentica, continua a piangere ancora oggi.<\/p>\n<p><strong>Ieri, nella Chiesa di San Rocco, c&#8217;erano tutti. I pochi che si salvarono. Le Loro Famiglie.<\/strong> <strong>I ragazzi. Un nutrito gruppo di Artisti cittanovesi<\/strong> e Sandro Cannat\u00e0 che, seppur taurianovese come noi, ha dimostrato un&#8217;attenzione, un affetto pari a quello che solo un figlio di quella Citt\u00e0 pu\u00f2 nutrire.<a href=\"https:\/\/blog.ilgiornale.it\/spirli\/files\/2014\/02\/villa_comunale_interno.jpg\"><img loading=\"lazy\" class=\"alignnone size-medium wp-image-1575\" src=\"https:\/\/blog.ilgiornale.it\/spirli\/files\/2014\/02\/villa_comunale_interno-300x225.jpg\" alt=\"\" width=\"300\" height=\"225\" srcset=\"https:\/\/blog.ilgiornale.it\/spirli\/files\/2014\/02\/villa_comunale_interno-300x225.jpg 300w, https:\/\/blog.ilgiornale.it\/spirli\/files\/2014\/02\/villa_comunale_interno.jpg 800w\" sizes=\"(max-width: 300px) 100vw, 300px\" \/><\/a><\/p>\n<p>Sai, Eleonora, ero commosso ieri pomeriggio, mentre <strong>il tenore Francesco Anile<\/strong> intonava, con voce possente e chiara, rotta da un&#8217;emozione solidale, l&#8217;<em><strong>Agnus Dei<\/strong>. <\/em>Pensavo a quell&#8217;Agnello nostro che non trovano fra le onde australiane. E sentivo le grida del dolore di Cittanova mentre gli aerei bastardi si allontanavano soddisfatti.<\/p>\n<p>Mi commuovevano i visi tirati dei presenti. Qualcuno pregava. Altri guardavano in alto, sperando che un segno di rappacificazione delle anime arrivasse dal Cuore dei Cieli. Sono un popolo buono, pacifico, i Cittanovesi\u2026<\/p>\n<p><strong>Chiss\u00e0 se la rassegnazione e la Fede abbiano aiutato chi \u00e8 sopravvissuto!<\/strong><\/p>\n<p>Certo, la compostezza di quelle persone mi ha imposto quasi di restare composto. Ma, dentro, nelle viscere, &#8211; sai come sono fatto &#8211; sentivo forte l&#8217;urgenza di strapparmi le vesti e urlare la rabbia.<\/p>\n<p>Perch\u00e9? Mi urlava un mostro dentro? Perch\u00e9 le guerre e le morti? Perch\u00e9, nel Mondo, anche oggi, migliaia di vittime innocenti?\u00a0<strong>&#8220;E&#8217; la guerra! E&#8217; brutta, sapete?&#8221; Una signora anziana, coi capelli a treccia, girati a formare uno chignon basso sopra la nuca, sembr\u00f2 aver sentito la mia domanda interiore. &#8220;Eh, lo so, &#8216;gnura. E&#8217; brutta s\u00ec!&#8221; I suoi occhi, stanchi e annacquati dal tempo da chiss\u00e0 quanto lavoro, puntavano la statua della Vergine Addolorata.<\/strong> Cosa pensava? Cosa le stava dicendo, mentre le labbra sottili si muovevano ad una velocit\u00e0 impressionante?<a href=\"https:\/\/blog.ilgiornale.it\/spirli\/files\/2014\/02\/chiesa_matrice_piet\u00e0.jpg\"><img loading=\"lazy\" class=\"alignnone size-medium wp-image-1577\" src=\"https:\/\/blog.ilgiornale.it\/spirli\/files\/2014\/02\/chiesa_matrice_piet\u00e0-300x225.jpg\" alt=\"\" width=\"300\" height=\"225\" srcset=\"https:\/\/blog.ilgiornale.it\/spirli\/files\/2014\/02\/chiesa_matrice_piet\u00e0-300x225.jpg 300w, https:\/\/blog.ilgiornale.it\/spirli\/files\/2014\/02\/chiesa_matrice_piet\u00e0.jpg 800w\" sizes=\"(max-width: 300px) 100vw, 300px\" \/><\/a><\/p>\n<p>Ecco il mio tardo pomeriggio di ieri. Il primo lo avevo passato nelle campagne di Taurianova, con Bea e Ciccio. Eravamo andati a trovare i ragazzi neri per invitarli al Carnevale Solidale del 2 marzo.<\/p>\n<p><strong>Vieni anche Tu, Sorellina. Indossiamo la maschera e ridiamo per un giorno.<\/strong><\/p>\n<p>\u2026 fra me e me. Fra gioia e dolore.<\/p>\n<p>&nbsp;<\/p>\n","protected":false},"excerpt":{"rendered":"<p><p>Venerd\u00ec 21 febbraio 2014 &#8211; Santa Eleonora &#8211; Taurianova Buon onomastico Sorellina! Anche se, quest&#8217;anno, \u00e8 molto triste. Ti e Vi auguro, a Te, Nino, i ragazzi e Tutti, che Vince abbia trovato la &#8220;meravigliosa Capatosta calabrese&#8221; e stia solo cercando di contattare la famiglia\u2026 clicca qui Sai, ieri sera sono stato a Cittanova, ospite del Sindaco Sandro Cannat\u00e0. La Citt\u00e0 commemorava le vittime dei bombardamenti alleati, angloamericani, del 20 febbraio 1943. Quei morti, in Italia, non li ricorda mai nessuno. Perch\u00e9 morirono per mano dei &#8220;liberatori&#8221;\u2026 Quel giorno lontano, i bambini giocavano in strada, alcuni di loro lavoravano le [&hellip;]<\/p>\n&nbsp;&nbsp;<div class=\"readmore\"><a href=\"https:\/\/blog.ilgiornale.it\/spirli\/2014\/02\/21\/quelle-bombe-americane-su-cittanova\/\">Continua a leggere...<\/a><\/div><\/p>","protected":false},"author":1022,"featured_media":0,"comment_status":"open","ping_status":"closed","sticky":false,"template":"","format":"standard","meta":[],"categories":[34304],"tags":[],"_links":{"self":[{"href":"https:\/\/blog.ilgiornale.it\/spirli\/wp-json\/wp\/v2\/posts\/1568"}],"collection":[{"href":"https:\/\/blog.ilgiornale.it\/spirli\/wp-json\/wp\/v2\/posts"}],"about":[{"href":"https:\/\/blog.ilgiornale.it\/spirli\/wp-json\/wp\/v2\/types\/post"}],"author":[{"embeddable":true,"href":"https:\/\/blog.ilgiornale.it\/spirli\/wp-json\/wp\/v2\/users\/1022"}],"replies":[{"embeddable":true,"href":"https:\/\/blog.ilgiornale.it\/spirli\/wp-json\/wp\/v2\/comments?post=1568"}],"version-history":[{"count":12,"href":"https:\/\/blog.ilgiornale.it\/spirli\/wp-json\/wp\/v2\/posts\/1568\/revisions"}],"predecessor-version":[{"id":1582,"href":"https:\/\/blog.ilgiornale.it\/spirli\/wp-json\/wp\/v2\/posts\/1568\/revisions\/1582"}],"wp:attachment":[{"href":"https:\/\/blog.ilgiornale.it\/spirli\/wp-json\/wp\/v2\/media?parent=1568"}],"wp:term":[{"taxonomy":"category","embeddable":true,"href":"https:\/\/blog.ilgiornale.it\/spirli\/wp-json\/wp\/v2\/categories?post=1568"},{"taxonomy":"post_tag","embeddable":true,"href":"https:\/\/blog.ilgiornale.it\/spirli\/wp-json\/wp\/v2\/tags?post=1568"}],"curies":[{"name":"wp","href":"https:\/\/api.w.org\/{rel}","templated":true}]}}