{"id":1656,"date":"2014-03-11T11:08:51","date_gmt":"2014-03-11T10:08:51","guid":{"rendered":"https:\/\/blog.ilgiornale.it\/spirli\/?p=1656"},"modified":"2014-03-14T11:00:01","modified_gmt":"2014-03-14T10:00:01","slug":"infanticidio-se-dio-chiude-gli-occhi%e2%80%a6","status":"publish","type":"post","link":"https:\/\/blog.ilgiornale.it\/spirli\/2014\/03\/11\/infanticidio-se-dio-chiude-gli-occhi%e2%80%a6\/","title":{"rendered":"Infanticidio. Se Dio chiude gli occhi\u2026"},"content":{"rendered":"<p>Marted\u00ec 11 marzo 2014 &#8211; San Costantino &#8211; A casa, a Taurianova<\/p>\n<p><a href=\"https:\/\/blog.ilgiornale.it\/spirli\/files\/2014\/03\/cover.jpg\"><img loading=\"lazy\" class=\"alignnone size-medium wp-image-1662\" src=\"https:\/\/blog.ilgiornale.it\/spirli\/files\/2014\/03\/cover-300x127.jpg\" alt=\"\" width=\"300\" height=\"127\" srcset=\"https:\/\/blog.ilgiornale.it\/spirli\/files\/2014\/03\/cover-300x127.jpg 300w, https:\/\/blog.ilgiornale.it\/spirli\/files\/2014\/03\/cover.jpg 940w\" sizes=\"(max-width: 300px) 100vw, 300px\" \/><\/a><\/p>\n<p><strong>Insonne<\/strong>. Seduto in giardino su una sedia di ferro, coperto solo da un plaid. Col Mac sulle gambe e una gran voglia di sigaretta che non ho. Non so, comunque, se la fumerei o se la masticherei per rabbia. <strong>Stanotte, sto litigando di nuovo col Cielo<\/strong>. Era tempo che non accadeva. Anzi, <strong>negli ultimi anni siamo andati d&#8217;amore e d&#8217;accordo, Dio ed io.<\/strong> Una specie di matrimonio. Io, abbondantemente immerso nella preghiera gi\u00e0 dal risveglio mattutino e fino all&#8217;ultimo saluto della notte. Lui, dentro di me, a placare i tumulti e consolare le afflizioni.<\/p>\n<p><strong>S\u00ec, ho concesso a Dio di possedermi e governarmi.<\/strong> E, cos\u00ec, anche quando sembrava che stessi decidendo io, in realt\u00e0 era Lui a dirigere le operazioni.<\/p>\n<p><strong>Stanotte, no.<\/strong><\/p>\n<p><strong>Stanotte non sono Suo e Lui \u00e8 fuori di me. L&#8217;ho allontanato per poterGli urlare la mia umana rabbia. Piccola, in confronto alle Sue, ma grande quanto un grido di dolore. Dunque, infinita.<\/strong><\/p>\n<p>Eh, s\u00ec! <strong>Guardo il cielo semicoperto dalle nuvole e mi rendo conto che deve essere comodo stare lass\u00f9, dove non arrivano le grida dei bimbi ammazzati. Oltre quella coltre, dove tutto deve sicuramente essere sereno.<\/strong> Molto pi\u00f9 sereno che su questo immondo pianeta Terra, sul quale, ogni giorno, l&#8217;infanzia viene violata, mortificata. Uccisa. Dalle foreste dell&#8217;Africa, dove i cuccioli di Uomo vestono l&#8217;uniforme e sparano col mitra, alle catapecchie dell&#8217;Asia, dove cuciono palloni e abiti firmati, o lavorano nelle cave, o nei bordelli, fino ad arrivare alle tane delle Americhe, dove impastano mattoni di fango, coltivano coca, rubano in strada o sniffano colla e mille veleni. E, poi, in casa nostra. Nella &#8220;civilissima Europa&#8221;, culla di ogni orrore digerito e reso volutamente trasparente davanti alla Legge. <strong>Qui, i bimbi vivono nelle fogne di Bucarest, nei lager chiamati orfanotrofi di mezza Europa dell&#8217;est, oppure patiscono le ansie, le paure, le perversioni e le violenze di ingordi capitalisti stressati dalla loro stessa ricchezza. Anche nel nostro Belpaese. Omertoso. Superficiale. O, peggio, complice.<\/strong><\/p>\n<p>E, se la denuncia \u00e8 costante, la condanna lo \u00e8 molto meno.<\/p>\n<p><strong>Ieri, erano gli educatori senza scrupoli. Oggi, l&#8217;ennesima madre assassina. Non \u00e8 la sola. Anzi\u2026<\/strong><\/p>\n<p>E questo non giustifica, non attenua, non scolora. Non \u00e8 il mezzo gaudio! Anzi. Rende pi\u00f9 densa e forte la disperazione. Le da corpo. <strong>L&#8217;infanticidio e il maltrattamento dei bambini non sono solo reati, ma sono, insieme, IL peccato. L&#8217;unico vero peccato, mi dico. E la lacrima trova la strada.<\/strong><\/p>\n<p>Faccio una pausa.<\/p>\n<p>Riprendo fiato e forza. Per denunciare l&#8217;ennesimo dramma. <strong>Una donna stanca, sfiduciata, sola, non trova la forza per lottare. Si abbandona alla paura. Ingoia il mostro e gli offre la propria carne. E &#8220;quella cosa&#8221; avviene. Pochi attimi di possessione demoniaca, durante i quali la Mente diventa una piazza vuota da invadere, occupare, dominare.<\/strong> Pochissimi istanti di buio divino. Di assenza di Dio. Poi, il risveglio. La coscienza. E l&#8217;irreparabile morte.<\/p>\n<p><strong>Dove ha guardato Dio, in quegli attimi?<\/strong> Dove ha posato i suoi infiniti occhi? Non sul mondo. Non sull&#8217;Uomo. Non su tre bambine che, nel sonno, hanno pagato per colpe non loro. Per chiss\u00e0 quale pensiero malato, nato nella mente di chi avrebbe dovuto amarle e proteggerle dai pericoli esterni. Per la follia di una moglie abbandonata, di una donna ferita.<\/p>\n<p><strong>La lunga scia di sangue innocente si fa strada fra le debolezze di certi adulti. Cresciuti male. Frettolosamente divenuti padri e madri. Disattenti ai doveri genitoriali. Superficiali, o, nel peggiore dei casi, menefreghisti.<\/strong><\/p>\n<p>Da Gravina di Puglia a Cogne fino a Lecco, tanto per evitare l&#8217;elenco lungo, i piccoli restano vittime di assenze o furori.<\/p>\n<p><strong>Dio chiude gli occhi troppo spesso, rivolto verso l&#8217;Italia. Ed \u00e8 un peccato tutto Suo. Che non Gli perdono. N\u00e9 stanotte, n\u00e9 mai.<\/strong><\/p>\n<p>Poi, il pensiero vola ancora. A quella villa degli orrori dei pedofili belgi, ai bambini asiatici venduti ai perversi occidentali, ai ni\u00f1os da rua delle favelas, fatti bersaglio anche dalle pistole della polizia, ai piccoli gi\u00e0 tossici dei tombini di Bucuresti\u2026<\/p>\n<p><strong>Dunque, non guarda proprio. Non su questa Terra.<\/strong><\/p>\n<p><strong>Comincio a pregare, ma mi fermo. No. Stanotte, con Te non ci parlo. Aspetto che Tu apra gli occhi e non li chiuda pi\u00f9.<\/strong><\/p>\n<p>Fra me e me, sfidando il Cielo velato da troppe nubi.<\/p>\n<p>&nbsp;<\/p>\n","protected":false},"excerpt":{"rendered":"<p><p>Marted\u00ec 11 marzo 2014 &#8211; San Costantino &#8211; A casa, a Taurianova Insonne. Seduto in giardino su una sedia di ferro, coperto solo da un plaid. Col Mac sulle gambe e una gran voglia di sigaretta che non ho. Non so, comunque, se la fumerei o se la masticherei per rabbia. Stanotte, sto litigando di nuovo col Cielo. Era tempo che non accadeva. Anzi, negli ultimi anni siamo andati d&#8217;amore e d&#8217;accordo, Dio ed io. Una specie di matrimonio. Io, abbondantemente immerso nella preghiera gi\u00e0 dal risveglio mattutino e fino all&#8217;ultimo saluto della notte. Lui, dentro di me, a placare [&hellip;]<\/p>\n&nbsp;&nbsp;<div class=\"readmore\"><a href=\"https:\/\/blog.ilgiornale.it\/spirli\/2014\/03\/11\/infanticidio-se-dio-chiude-gli-occhi%e2%80%a6\/\">Continua a leggere...<\/a><\/div><\/p>","protected":false},"author":1022,"featured_media":0,"comment_status":"open","ping_status":"closed","sticky":false,"template":"","format":"standard","meta":[],"categories":[34304],"tags":[43310,43307,43305,43309,43306,43308],"_links":{"self":[{"href":"https:\/\/blog.ilgiornale.it\/spirli\/wp-json\/wp\/v2\/posts\/1656"}],"collection":[{"href":"https:\/\/blog.ilgiornale.it\/spirli\/wp-json\/wp\/v2\/posts"}],"about":[{"href":"https:\/\/blog.ilgiornale.it\/spirli\/wp-json\/wp\/v2\/types\/post"}],"author":[{"embeddable":true,"href":"https:\/\/blog.ilgiornale.it\/spirli\/wp-json\/wp\/v2\/users\/1022"}],"replies":[{"embeddable":true,"href":"https:\/\/blog.ilgiornale.it\/spirli\/wp-json\/wp\/v2\/comments?post=1656"}],"version-history":[{"count":11,"href":"https:\/\/blog.ilgiornale.it\/spirli\/wp-json\/wp\/v2\/posts\/1656\/revisions"}],"predecessor-version":[{"id":1679,"href":"https:\/\/blog.ilgiornale.it\/spirli\/wp-json\/wp\/v2\/posts\/1656\/revisions\/1679"}],"wp:attachment":[{"href":"https:\/\/blog.ilgiornale.it\/spirli\/wp-json\/wp\/v2\/media?parent=1656"}],"wp:term":[{"taxonomy":"category","embeddable":true,"href":"https:\/\/blog.ilgiornale.it\/spirli\/wp-json\/wp\/v2\/categories?post=1656"},{"taxonomy":"post_tag","embeddable":true,"href":"https:\/\/blog.ilgiornale.it\/spirli\/wp-json\/wp\/v2\/tags?post=1656"}],"curies":[{"name":"wp","href":"https:\/\/api.w.org\/{rel}","templated":true}]}}