{"id":18,"date":"2013-07-09T16:31:19","date_gmt":"2013-07-09T16:31:19","guid":{"rendered":"https:\/\/blog.ilgiornale.it\/spirli\/?p=18"},"modified":"2013-07-10T09:28:27","modified_gmt":"2013-07-10T09:28:27","slug":"fra-me-e-me-pensieri-apparentemente-privati-di-una-vecchia-checca","status":"publish","type":"post","link":"https:\/\/blog.ilgiornale.it\/spirli\/2013\/07\/09\/fra-me-e-me-pensieri-apparentemente-privati-di-una-vecchia-checca\/","title":{"rendered":"Fra me e me&#8230; Pensieri apparentemente privati di una vecchia checca&#8230;"},"content":{"rendered":"<p><strong>Marted\u00ec 9 luglio 2013 &#8211; Santa Veronica Giuliani, badessa &#8211; Taurianova<\/strong><\/p>\n<p>Fra me e me&#8230;<\/p>\n<p>E, finalmente, i Pensieri di una vecchia checca escono di casa e incontrano la Gente per strada. Il mio taccuino giornaliero si apre al Mondo e rivela angoli di sentimento. Quale che sia. Non si ama sempre &#8211; confessiamolo! &#8211; e non si odia che a tratti. A volte, ti esplodono le ire furibonde, poi diventi di miele. Una giornata la passi con il temporale nell&#8217;anima. Il giorno dopo ridi anche solo per un Buongiorno.. E&#8217; cos\u00ec. Ed \u00e8 cos\u00ec che voglio raccontare i fatti del giorno: vestendoli di sentimento. Come, in privato, fa chiunque. Chiunque, tranne una vecchia checca come me. Perch\u00e9 una vecchia checca ha, ormai, imparato a rendere privato il pubblico e pubblico il privato. Vive senza porte. Senza confini. Senza remore. Indossa i suoi argenti sfrontati, confessa i suoi bui dell&#8217;anima, dichiara le passioni e sbandiera le proprie paure. Perch\u00e9, cos\u00ec vive. E rende vivo ci\u00f2 che guarda, tocca, ascolta, pensa&#8230;<\/p>\n<p>Fra me e me&#8230;<\/p>\n","protected":false},"excerpt":{"rendered":"<p><p>Marted\u00ec 9 luglio 2013 &#8211; Santa Veronica Giuliani, badessa &#8211; Taurianova Fra me e me&#8230; E, finalmente, i Pensieri di una vecchia checca escono di casa e incontrano la Gente per strada. Il mio taccuino giornaliero si apre al Mondo e rivela angoli di sentimento. Quale che sia. Non si ama sempre &#8211; confessiamolo! &#8211; e non si odia che a tratti. A volte, ti esplodono le ire furibonde, poi diventi di miele. Una giornata la passi con il temporale nell&#8217;anima. Il giorno dopo ridi anche solo per un Buongiorno.. E&#8217; cos\u00ec. Ed \u00e8 cos\u00ec che voglio raccontare i fatti [&hellip;]<\/p>\n&nbsp;&nbsp;<div class=\"readmore\"><a href=\"https:\/\/blog.ilgiornale.it\/spirli\/2013\/07\/09\/fra-me-e-me-pensieri-apparentemente-privati-di-una-vecchia-checca\/\">Continua a leggere...<\/a><\/div><\/p>","protected":false},"author":1022,"featured_media":0,"comment_status":"open","ping_status":"closed","sticky":false,"template":"","format":"standard","meta":[],"categories":[34304,34288],"tags":[34290,34291,34289],"_links":{"self":[{"href":"https:\/\/blog.ilgiornale.it\/spirli\/wp-json\/wp\/v2\/posts\/18"}],"collection":[{"href":"https:\/\/blog.ilgiornale.it\/spirli\/wp-json\/wp\/v2\/posts"}],"about":[{"href":"https:\/\/blog.ilgiornale.it\/spirli\/wp-json\/wp\/v2\/types\/post"}],"author":[{"embeddable":true,"href":"https:\/\/blog.ilgiornale.it\/spirli\/wp-json\/wp\/v2\/users\/1022"}],"replies":[{"embeddable":true,"href":"https:\/\/blog.ilgiornale.it\/spirli\/wp-json\/wp\/v2\/comments?post=18"}],"version-history":[{"count":4,"href":"https:\/\/blog.ilgiornale.it\/spirli\/wp-json\/wp\/v2\/posts\/18\/revisions"}],"predecessor-version":[{"id":27,"href":"https:\/\/blog.ilgiornale.it\/spirli\/wp-json\/wp\/v2\/posts\/18\/revisions\/27"}],"wp:attachment":[{"href":"https:\/\/blog.ilgiornale.it\/spirli\/wp-json\/wp\/v2\/media?parent=18"}],"wp:term":[{"taxonomy":"category","embeddable":true,"href":"https:\/\/blog.ilgiornale.it\/spirli\/wp-json\/wp\/v2\/categories?post=18"},{"taxonomy":"post_tag","embeddable":true,"href":"https:\/\/blog.ilgiornale.it\/spirli\/wp-json\/wp\/v2\/tags?post=18"}],"curies":[{"name":"wp","href":"https:\/\/api.w.org\/{rel}","templated":true}]}}