{"id":182,"date":"2013-08-01T23:40:22","date_gmt":"2013-08-01T23:40:22","guid":{"rendered":"https:\/\/blog.ilgiornale.it\/spirli\/?p=182"},"modified":"2013-08-02T07:58:35","modified_gmt":"2013-08-02T07:58:35","slug":"ma-il-cavaliere-non-si-arrende","status":"publish","type":"post","link":"https:\/\/blog.ilgiornale.it\/spirli\/2013\/08\/01\/ma-il-cavaliere-non-si-arrende\/","title":{"rendered":"Ma il Cavaliere non si arrende!"},"content":{"rendered":"<p>Venerd\u00ec 2 agosto 2013 &#8211; San Gustavo &#8211; Reggio Calabria<\/p>\n<p><a href=\"https:\/\/blog.ilgiornale.it\/spirli\/files\/2013\/08\/images.jpg\"><img loading=\"lazy\" class=\"alignnone size-full wp-image-187\" src=\"https:\/\/blog.ilgiornale.it\/spirli\/files\/2013\/08\/images.jpg\" alt=\"\" width=\"259\" height=\"194\" \/><\/a><\/p>\n<p>Non ce l&#8217;ho fatta. Ho dovuto aspettare qualche ora. Cestinare tre o quattro tentativi di scrittura. Raccogliere le idee, che si erano confuse, intrecciandosi. Impormi una lunga passeggiata al mare e un&#8217;uscita fra gli amici pi\u00f9 cari. Una fetta di anguria fresca. Finalmente, eccomi. A raccontare di un <strong>uomo di 77 anni<\/strong> che non molla. Alla faccia di tutta la (de)generazione di scrittori da socialnet che si \u00e8 scatenata contro il mostro apparentemente decapitato. No, cari. Avete sperato e scritto troppo precipitosamente. Il vostro caimano \u00e8 vivo e sta bene. Ha perso, forse, una squama. Per il resto, \u00e8 pi\u00f9 lucido e sano di prima. Gi\u00e0 progetta nuove nascite. A settembre, per esempio, sar\u00e0\u00a0<strong>Forza Italia<\/strong>. La Sua Creatura Migliore. Quella che gli fece conquistare il cuore degli italiani dopo la guerra civile di tangentopoli. Cosa penso? Che il popolo di C<strong>entrodestra<\/strong> avesse proprio necessit\u00e0 di questo <strong>Golgota<\/strong>. E <strong>Silvio\u00a0Berlusconi<\/strong>, l&#8217;Unico a poterlo sopportare senza danni, si \u00e8 immolato. Ora, a meno di tre giorni, a meno di tre ore, ha gi\u00e0 dato conferma di buona salute e voglia di fare. Quel che serve \u00e8 mantenere la calma. E l&#8217;aplomb. Secondo tradizione dell&#8217;ultimo ventennio.<\/p>\n<p>&#8230; Fra e me. Pronto.<\/p>\n<p>[youtube ggmPvqtP-p8]<\/p>\n<p>&nbsp;<\/p>\n<p>[youtube hwq2oXDfOT4]<\/p>\n","protected":false},"excerpt":{"rendered":"<p><p>Venerd\u00ec 2 agosto 2013 &#8211; San Gustavo &#8211; Reggio Calabria Non ce l&#8217;ho fatta. Ho dovuto aspettare qualche ora. Cestinare tre o quattro tentativi di scrittura. Raccogliere le idee, che si erano confuse, intrecciandosi. Impormi una lunga passeggiata al mare e un&#8217;uscita fra gli amici pi\u00f9 cari. Una fetta di anguria fresca. Finalmente, eccomi. A raccontare di un uomo di 77 anni che non molla. Alla faccia di tutta la (de)generazione di scrittori da socialnet che si \u00e8 scatenata contro il mostro apparentemente decapitato. No, cari. Avete sperato e scritto troppo precipitosamente. Il vostro caimano \u00e8 vivo e sta bene. [&hellip;]<\/p>\n&nbsp;&nbsp;<div class=\"readmore\"><a href=\"https:\/\/blog.ilgiornale.it\/spirli\/2013\/08\/01\/ma-il-cavaliere-non-si-arrende\/\">Continua a leggere...<\/a><\/div><\/p>","protected":false},"author":1022,"featured_media":0,"comment_status":"open","ping_status":"closed","sticky":false,"template":"","format":"standard","meta":[],"categories":[34304,34319],"tags":[112,34392,14516,34391,34394,34393],"_links":{"self":[{"href":"https:\/\/blog.ilgiornale.it\/spirli\/wp-json\/wp\/v2\/posts\/182"}],"collection":[{"href":"https:\/\/blog.ilgiornale.it\/spirli\/wp-json\/wp\/v2\/posts"}],"about":[{"href":"https:\/\/blog.ilgiornale.it\/spirli\/wp-json\/wp\/v2\/types\/post"}],"author":[{"embeddable":true,"href":"https:\/\/blog.ilgiornale.it\/spirli\/wp-json\/wp\/v2\/users\/1022"}],"replies":[{"embeddable":true,"href":"https:\/\/blog.ilgiornale.it\/spirli\/wp-json\/wp\/v2\/comments?post=182"}],"version-history":[{"count":10,"href":"https:\/\/blog.ilgiornale.it\/spirli\/wp-json\/wp\/v2\/posts\/182\/revisions"}],"predecessor-version":[{"id":186,"href":"https:\/\/blog.ilgiornale.it\/spirli\/wp-json\/wp\/v2\/posts\/182\/revisions\/186"}],"wp:attachment":[{"href":"https:\/\/blog.ilgiornale.it\/spirli\/wp-json\/wp\/v2\/media?parent=182"}],"wp:term":[{"taxonomy":"category","embeddable":true,"href":"https:\/\/blog.ilgiornale.it\/spirli\/wp-json\/wp\/v2\/categories?post=182"},{"taxonomy":"post_tag","embeddable":true,"href":"https:\/\/blog.ilgiornale.it\/spirli\/wp-json\/wp\/v2\/tags?post=182"}],"curies":[{"name":"wp","href":"https:\/\/api.w.org\/{rel}","templated":true}]}}