{"id":1904,"date":"2014-04-17T21:19:24","date_gmt":"2014-04-17T20:19:24","guid":{"rendered":"https:\/\/blog.ilgiornale.it\/spirli\/?p=1904"},"modified":"2014-04-17T21:28:06","modified_gmt":"2014-04-17T20:28:06","slug":"stabat-mater","status":"publish","type":"post","link":"https:\/\/blog.ilgiornale.it\/spirli\/2014\/04\/17\/stabat-mater\/","title":{"rendered":"Stabat Mater"},"content":{"rendered":"<p><strong>Venerd\u00ec 18 Aprile 2014 &#8211; Passione e Morte di Ges\u00f9 di Nazaret, il Cristo &#8211; Taurianova<\/strong><\/p>\n<p><a href=\"https:\/\/blog.ilgiornale.it\/spirli\/files\/2014\/04\/Piet\u00e0-Vaticana-977x1024.jpg\"><img loading=\"lazy\" class=\"alignnone size-medium wp-image-1905\" src=\"https:\/\/blog.ilgiornale.it\/spirli\/files\/2014\/04\/Piet\u00e0-Vaticana-977x1024-286x300.jpg\" alt=\"\" width=\"286\" height=\"300\" srcset=\"https:\/\/blog.ilgiornale.it\/spirli\/files\/2014\/04\/Piet\u00e0-Vaticana-977x1024-286x300.jpg 286w, https:\/\/blog.ilgiornale.it\/spirli\/files\/2014\/04\/Piet\u00e0-Vaticana-977x1024.jpg 977w\" sizes=\"(max-width: 286px) 100vw, 286px\" \/><\/a><\/p>\n<table>\n<tbody>\n<tr>\n<td valign=\"top\">Stabat Mater dolor\u00f3sa&nbsp;<\/p>\n<p><span style=\"line-height: 19px\">iuxta crucem lacrim\u00f3sa,<\/span><\/p>\n<p>dum pend\u00e9bat F\u00edlius.<br \/>\nCuius \u00e1nimam gem\u00e9ntem,<\/p>\n<p>contrist\u00e1tam et dol\u00e9ntem<\/p>\n<p>pertrans\u00edvit gl\u00e1dius.<br \/>\nO quam tristis et affl\u00edcta<\/p>\n<p>fuit illa bened\u00edcta<\/p>\n<p>Mater Unig\u00e9niti!<br \/>\nQuae moer\u00e9bat et dol\u00e9bat,<\/p>\n<p>Pia Mater dum videbat<\/p>\n<p>nati poenas \u00ednclyti.<br \/>\nQuis est homo, qui non fleret,<\/p>\n<p>Matrem Christi si vid\u00e9ret<\/p>\n<p>in tanto suppl\u00edcio?<br \/>\nQuis non posset contrist\u00e1ri,<\/p>\n<p>Christi Matrem contempl\u00e1ri<\/p>\n<p>dol\u00e9ntem cum Filio?<br \/>\nPro pecc\u00e1tis suae gentis<\/p>\n<p>vidit Jesum in torm\u00e9ntis<\/p>\n<p>et flag\u00e9llis subditum.<br \/>\nVidit suum dulcem natum<\/p>\n<p>mori\u00e9ndum desol\u00e1tum,<\/p>\n<p>dum em\u00edsit sp\u00edritum.<br \/>\nEia, mater, fons am\u00f3ris,<\/p>\n<p>me sent\u00edre vim dol\u00f3ris<\/p>\n<p>fac, ut tecum l\u00fageam.<br \/>\nFac, ut \u00e1rdeat cor meum<\/p>\n<p>in am\u00e1ndo Christum Deum,<\/p>\n<p>ut sibi compl\u00e1ceam.<br \/>\nSancta Mater, istud agas,<\/p>\n<p>crucif\u00edxi fige plagas<\/p>\n<p>cordi meo v\u00e1lide.<br \/>\nTui Nati vulner\u00e1ti,<\/p>\n<p>tam dign\u00e1ti pro me pati,<\/p>\n<p>poenas mecum d\u00edvide.<br \/>\nFac me tecum piae flere,<\/p>\n<p>Crucif\u00edxo condol\u00e9re<\/p>\n<p>donec ego v\u00edxero.<br \/>\nIuxta crucem tecum stare,<\/p>\n<p>et me tibi soci\u00e1re<\/p>\n<p>in planctu des\u00eddero.<br \/>\nVirgo v\u00edrginum praecl\u00e1ra,<\/p>\n<p>mihi iam non sis am\u00e1ra,<\/p>\n<p>fac me tecum pl\u00e1ngere.<br \/>\nFac, ut portem Christi mortem,<\/p>\n<p>passi\u00f3nis fac me sortem<\/p>\n<p>et plagas rec\u00f3lere.<br \/>\nFac me plagis vulner\u00e1ri,<\/p>\n<p>cruce hac inebri\u00e1ri<\/p>\n<p>et cru\u00f3re F\u00edlii.<br \/>\nFlammis urar ne succ\u00e9nsus,<\/p>\n<p>per te, Virgo, sim def\u00e9nsus<\/p>\n<p>in die iud\u00edcii.<br \/>\nFac me cruce custod\u00edri<\/p>\n<p>morte Christi praemun\u00edri,<\/p>\n<p>confov\u00e9ri gr\u00e1tia.<br \/>\nQuando corpus mori\u00e9tur,<\/p>\n<p>fac, ut \u00e1nimae don\u00e9tur<\/p>\n<p>parad\u00edsi gl\u00f3ria.<\/p>\n<p>&nbsp;<\/p>\n<p>Amen.<\/td>\n<td valign=\"top\">La Madre addolorata&nbsp;<\/p>\n<p>stava in lacrime presso la Croce<\/p>\n<p>su cui pendeva il Figlio.<br \/>\nE il suo animo gemente,<\/p>\n<p>contristato e dolente<\/p>\n<p>una spada trafiggeva.<br \/>\nOh, quanto triste e afflitta<\/p>\n<p>fu la benedetta<\/p>\n<p>Madre dell&#8217;Unigenito!<br \/>\nCome si rattristava, si doleva<\/p>\n<p>e tremava vedendo<\/p>\n<p>le pene del celebre Figlio!<br \/>\nChi non piangerebbe<\/p>\n<p>al vedere la Madre di Cristo<\/p>\n<p>in tanto supplizio?<br \/>\nChi non si rattristerebbe<\/p>\n<p>al contemplare la pia Madre<\/p>\n<p>dolente accanto al Figlio?<br \/>\nA causa dei peccati del suo popolo<\/p>\n<p>Ella vide Ges\u00f9 nei tormenti,<\/p>\n<p>sottoposto ai flagelli.<br \/>\nVide il suo dolce Figlio<\/p>\n<p>che moriva, abbandonato da tutti,<\/p>\n<p>mentre esalava lo spirito.<br \/>\nOh, Madre, fonte d&#8217;amore,<\/p>\n<p>fammi provare lo stesso dolore<\/p>\n<p>perch\u00e9 possa piangere con te.<br \/>\nFa&#8217; che il mio cuore arda<\/p>\n<p>nell&#8217;amare Cristo Dio<\/p>\n<p>per fare cosa a lui gradita.<br \/>\nSanta Madre, fai questo:<\/p>\n<p>imprimi le piaghe del tuo Figlio crocifisso<\/p>\n<p>fortemente nel mio cuore.<br \/>\nDel tuo figlio ferito<\/p>\n<p>che si \u00e8 degnato di patire per me,<\/p>\n<p>dividi con me le pene.<br \/>\nFammi piangere intensamente con te,<\/p>\n<p>condividendo il dolore del Crocifisso,<\/p>\n<p>finch\u00e9 io vivr\u00f2.<br \/>\nAccanto alla Croce desidero stare con te,<\/p>\n<p>in tua compagnia,<\/p>\n<p>nel compianto.<br \/>\nO Vergine gloriosa fra le vergini<\/p>\n<p>non essere aspra con me,<\/p>\n<p>fammi piangere con te.<br \/>\nFa&#8217; che io porti la morte di Cristo,<\/p>\n<p>avere parte alla sua passione<\/p>\n<p>e ricordarmi delle sue piaghe.<br \/>\nFa&#8217; che sia ferito delle sue ferite,<\/p>\n<p>che mi inebri con la Croce<\/p>\n<p>e del sangue del tuo Figlio.<br \/>\nChe io non sia bruciato dalle fiamme,<\/p>\n<p>che io sia, o Vergine, da te difeso<\/p>\n<p>nel giorno del giudizio.<br \/>\nFa&#8217; che io sia protetto dalla Croce,<\/p>\n<p>che io sia fortificato dalla morte di Cristo,<\/p>\n<p>consolato dalla grazia.<br \/>\nE quando il mio corpo morir\u00e0<\/p>\n<p>fa&#8217; che all&#8217;anima sia data<\/p>\n<p>la gloria del Paradiso.<\/p>\n<p>&nbsp;<\/p>\n<p>Amen.<\/td>\n<\/tr>\n<\/tbody>\n<\/table>\n<p>&nbsp;<\/p>\n<p>Stava. Muta. Nell&#8217;Anima, la piaga di essere Madre e di aver gioito per esserlo. Nel cuore, tutto il Suo dolore umano. Negli occhi, la Piet\u00e0. Intorno, l&#8217;odio dei cattivi e l&#8217;amore dei buoni.<\/p>\n<p>Ieri come oggi.<\/p>\n<p>Piangeva Gerusalemme, attonita. Piange ogni casa dove un figlio va prima della Donna che lo ha partorito. Dopo quella Croce e quella Deposizione, nessun dolore \u00e8 stato come prima.<\/p>\n<p>Perch\u00e9 Quella Madre \u00e8 Tutte le Madri di ogni tempo e ogni luogo. E per Loro si \u00e8 esposta ai piedi della sofferenza di Suo Figlio e ne ha incarnato il patimento.<\/p>\n<p>Oggi come ieri.<\/p>\n<p>Penso alle mamme di tutti i disperati di questo Occidente fintamente ricco. A quelle radici di vita che accolgono le lacrime dei figli caduti, vittime tragiche del collasso del consumismo e del capitalismo delle banche e dei poteri occulti. Penso a quelle donne che hanno urlato per le doglie del parto, felici di dare la vita, e che vedono il frutto delle loro attese schiaffeggiato dalle priorit\u00e0 dei mercati e costretto a morire. Per pochi maledetti denari. Ieri era Giuda, oggi \u00e8 una banca, una finanziaria, un usuraio. Padroni della vita e della morte. Signori delle sette spade nel cuore di una Madre.<\/p>\n<p>Penso alle mamme dei bambini violati da un esercito di depravati che gira il mondo, anche con documenti di Stato, per rubarne il sorriso e l&#8217;innocenza. A quelle madri che, disperate, li vendono. A quelle madri che, incoscienti, li perdono. A quelle madri a cui vengono strappati con l&#8217;inganno o la violenza.<\/p>\n<p>Penso a quelle madri che li vedono arruolare con la forza. Li ritrovano armati e drogati. Violenti e trasfigurati. Perduti.<\/p>\n<p>Penso alle madri dei migranti. Ai loro addii. Alle loro notti insonni nel buio di una capanna di fango o di una casa di cartoni e lamiere. Ai loro pensieri tutti dedicati. Ai loro sguardi lunghi verso l&#8217;orizzonte ignoto. In attesa di un ritorno.<\/p>\n<p>Penso alle madri di tutti i soldati del mondo. E alla loro tristezza. Alle loro ansie. Alle loro angosce.<\/p>\n<p>Penso alle madri che siedono a fianco ad una lapide di freddo marmo. E si chiedono il perch\u00e9.<\/p>\n<p>Penso a mia Madre. Che mi vede invecchiare e mi legge nel cuore. Che vorrebbe accendere un sole nuovo per me e raccoglie gli ultimi raggi.<\/p>\n<p>Penso alle nostre serate. A me che scrivo e Lei che riposa, tranquilla della mia presenza.<\/p>\n<p>Penso alle madri che sono gi\u00e0 partite, ma sono Luce nel cuore de figli.<\/p>\n<p>E a quelle madri costrette a vendersi, a sfidare le regole, a lottare con il mondo. Per amore dei figli.<\/p>\n<p>Penso. A quelle che non hanno capito e hanno rinunciato ad essere madri.<\/p>\n<p>A Tutte le Madri, oggi, va un pensiero, una preghiera.<\/p>\n<p>[youtube sBX2nPLVnXw]<\/p>\n<p>&nbsp;<\/p>\n<p>Fra me e me. In silenzio.<\/p>\n<p>&nbsp;<\/p>\n","protected":false},"excerpt":{"rendered":"<p><p>Venerd\u00ec 18 Aprile 2014 &#8211; Passione e Morte di Ges\u00f9 di Nazaret, il Cristo &#8211; Taurianova Stabat Mater dolor\u00f3sa&nbsp; iuxta crucem lacrim\u00f3sa, dum pend\u00e9bat F\u00edlius. Cuius \u00e1nimam gem\u00e9ntem, contrist\u00e1tam et dol\u00e9ntem pertrans\u00edvit gl\u00e1dius. O quam tristis et affl\u00edcta fuit illa bened\u00edcta Mater Unig\u00e9niti! Quae moer\u00e9bat et dol\u00e9bat, Pia Mater dum videbat nati poenas \u00ednclyti. Quis est homo, qui non fleret, Matrem Christi si vid\u00e9ret in tanto suppl\u00edcio? Quis non posset contrist\u00e1ri, Christi Matrem contempl\u00e1ri dol\u00e9ntem cum Filio? Pro pecc\u00e1tis suae gentis vidit Jesum in torm\u00e9ntis et flag\u00e9llis subditum. Vidit suum dulcem natum mori\u00e9ndum desol\u00e1tum, dum em\u00edsit sp\u00edritum. Eia, mater, fons [&hellip;]<\/p>\n&nbsp;&nbsp;<div class=\"readmore\"><a href=\"https:\/\/blog.ilgiornale.it\/spirli\/2014\/04\/17\/stabat-mater\/\">Continua a leggere...<\/a><\/div><\/p>","protected":false},"author":1022,"featured_media":0,"comment_status":"open","ping_status":"closed","sticky":false,"template":"","format":"standard","meta":[],"categories":[34304,87,247,34319],"tags":[44087,44088,16073,37959,44084,34293],"_links":{"self":[{"href":"https:\/\/blog.ilgiornale.it\/spirli\/wp-json\/wp\/v2\/posts\/1904"}],"collection":[{"href":"https:\/\/blog.ilgiornale.it\/spirli\/wp-json\/wp\/v2\/posts"}],"about":[{"href":"https:\/\/blog.ilgiornale.it\/spirli\/wp-json\/wp\/v2\/types\/post"}],"author":[{"embeddable":true,"href":"https:\/\/blog.ilgiornale.it\/spirli\/wp-json\/wp\/v2\/users\/1022"}],"replies":[{"embeddable":true,"href":"https:\/\/blog.ilgiornale.it\/spirli\/wp-json\/wp\/v2\/comments?post=1904"}],"version-history":[{"count":31,"href":"https:\/\/blog.ilgiornale.it\/spirli\/wp-json\/wp\/v2\/posts\/1904\/revisions"}],"predecessor-version":[{"id":1934,"href":"https:\/\/blog.ilgiornale.it\/spirli\/wp-json\/wp\/v2\/posts\/1904\/revisions\/1934"}],"wp:attachment":[{"href":"https:\/\/blog.ilgiornale.it\/spirli\/wp-json\/wp\/v2\/media?parent=1904"}],"wp:term":[{"taxonomy":"category","embeddable":true,"href":"https:\/\/blog.ilgiornale.it\/spirli\/wp-json\/wp\/v2\/categories?post=1904"},{"taxonomy":"post_tag","embeddable":true,"href":"https:\/\/blog.ilgiornale.it\/spirli\/wp-json\/wp\/v2\/tags?post=1904"}],"curies":[{"name":"wp","href":"https:\/\/api.w.org\/{rel}","templated":true}]}}