{"id":1964,"date":"2014-04-28T23:43:55","date_gmt":"2014-04-28T21:43:55","guid":{"rendered":"https:\/\/blog.ilgiornale.it\/spirli\/?p=1964"},"modified":"2014-04-28T23:43:55","modified_gmt":"2014-04-28T21:43:55","slug":"quellitalia-senza-cuore%e2%80%a6","status":"publish","type":"post","link":"https:\/\/blog.ilgiornale.it\/spirli\/2014\/04\/28\/quellitalia-senza-cuore%e2%80%a6\/","title":{"rendered":"Quell&#8217;Italia senza cuore\u2026"},"content":{"rendered":"<p><strong>Marted\u00ec 29 Aprile 2014 &#8211; Santa Caterina da Siena &#8211; Taurianova<\/strong><\/p>\n<p><a href=\"https:\/\/blog.ilgiornale.it\/spirli\/files\/2014\/04\/cuccioli.jpg\"><img loading=\"lazy\" class=\"alignnone size-medium wp-image-1965\" src=\"https:\/\/blog.ilgiornale.it\/spirli\/files\/2014\/04\/cuccioli-300x168.jpg\" alt=\"\" width=\"300\" height=\"168\" srcset=\"https:\/\/blog.ilgiornale.it\/spirli\/files\/2014\/04\/cuccioli-300x168.jpg 300w, https:\/\/blog.ilgiornale.it\/spirli\/files\/2014\/04\/cuccioli.jpg 960w\" sizes=\"(max-width: 300px) 100vw, 300px\" \/><\/a><\/p>\n<p>Non me ne faccio una ragione. Mi addoloro, invece. Ogni volta che succede.<\/p>\n<p><strong>Ogni volta che mi arriva una foto di cuccioli abbandonati. Cuccioli di cane, di gatto, di ogni specie e razza. Ogni volta che un umano dimostra tutta la sua cattiveria. Ogni volta. Sempre lo stesso dolore.<\/strong><\/p>\n<p>Perch\u00e9 mi chiedo che colpe possano avere per essere condannati a morte. E che morte.<\/p>\n<p><strong>Buttati come spazzatura, eppure vivi.<\/strong> Con il sogno di crescere e trovare un umano a cui fare compagnia. A cui &#8220;servire&#8221;. E, invece, porca zozza, rifiutati come fossero letame della natura. Roba che non serve.<\/p>\n<p><strong>Strappati alla madre<\/strong> e inscatolati o messi in un sacco di plastica e scaraventati dentro al cassonetto. Oppure &#8220;appoggiati&#8221; &#8220;caritatevolmente&#8221; a fianco alla spazzatura, nella speranza che qualcuno li veda e forse possa salvarli. Altrimenti, amen.<\/p>\n<p><strong>E nove volte su dieci \u00e8 amen.<\/strong> <strong>Per migliaia di cuccioli \u00e8 morte sicura.<\/strong> Perch\u00e9? Me lo chiedo e non ho risposta. Perch\u00e9 non farli, almeno, arrivare a quei cinquanta sessanta giorni di vita, che consentirebbero loro di sopravvivere all&#8217;immorale abbandono umano? Perch\u00e9 non consegnarli ad una struttura adeguata? Perch\u00e9 non contattare un gruppo, un&#8217;associazione animalista? Perch\u00e9 decidere di farli triturare dalle lame del camion della mondezza?<\/p>\n<p>Per cancellare, forse, le tracce della propria vergogna?<\/p>\n<p><strong>Non \u00e8 umano. No.<\/strong><\/p>\n<p><strong>E&#8217; incivile e triste. E anche illegale.<\/strong><\/p>\n<p><strong>E va denunciato.<\/strong><\/p>\n<p><strong>Fra me e me. Col senso della morte in petto. E nell&#8217;anima.<\/strong><\/p>\n<p>&nbsp;<\/p>\n","protected":false},"excerpt":{"rendered":"<p><p>Marted\u00ec 29 Aprile 2014 &#8211; Santa Caterina da Siena &#8211; Taurianova Non me ne faccio una ragione. Mi addoloro, invece. Ogni volta che succede. Ogni volta che mi arriva una foto di cuccioli abbandonati. Cuccioli di cane, di gatto, di ogni specie e razza. Ogni volta che un umano dimostra tutta la sua cattiveria. Ogni volta. Sempre lo stesso dolore. Perch\u00e9 mi chiedo che colpe possano avere per essere condannati a morte. E che morte. Buttati come spazzatura, eppure vivi. Con il sogno di crescere e trovare un umano a cui fare compagnia. A cui &#8220;servire&#8221;. E, invece, porca zozza, [&hellip;]<\/p>\n&nbsp;&nbsp;<div class=\"readmore\"><a href=\"https:\/\/blog.ilgiornale.it\/spirli\/2014\/04\/28\/quellitalia-senza-cuore%e2%80%a6\/\">Continua a leggere...<\/a><\/div><\/p>","protected":false},"author":1022,"featured_media":0,"comment_status":"open","ping_status":"closed","sticky":false,"template":"","format":"standard","meta":[],"categories":[34304],"tags":[44093,44094,12089,34293],"_links":{"self":[{"href":"https:\/\/blog.ilgiornale.it\/spirli\/wp-json\/wp\/v2\/posts\/1964"}],"collection":[{"href":"https:\/\/blog.ilgiornale.it\/spirli\/wp-json\/wp\/v2\/posts"}],"about":[{"href":"https:\/\/blog.ilgiornale.it\/spirli\/wp-json\/wp\/v2\/types\/post"}],"author":[{"embeddable":true,"href":"https:\/\/blog.ilgiornale.it\/spirli\/wp-json\/wp\/v2\/users\/1022"}],"replies":[{"embeddable":true,"href":"https:\/\/blog.ilgiornale.it\/spirli\/wp-json\/wp\/v2\/comments?post=1964"}],"version-history":[{"count":6,"href":"https:\/\/blog.ilgiornale.it\/spirli\/wp-json\/wp\/v2\/posts\/1964\/revisions"}],"predecessor-version":[{"id":1971,"href":"https:\/\/blog.ilgiornale.it\/spirli\/wp-json\/wp\/v2\/posts\/1964\/revisions\/1971"}],"wp:attachment":[{"href":"https:\/\/blog.ilgiornale.it\/spirli\/wp-json\/wp\/v2\/media?parent=1964"}],"wp:term":[{"taxonomy":"category","embeddable":true,"href":"https:\/\/blog.ilgiornale.it\/spirli\/wp-json\/wp\/v2\/categories?post=1964"},{"taxonomy":"post_tag","embeddable":true,"href":"https:\/\/blog.ilgiornale.it\/spirli\/wp-json\/wp\/v2\/tags?post=1964"}],"curies":[{"name":"wp","href":"https:\/\/api.w.org\/{rel}","templated":true}]}}