{"id":2009,"date":"2014-05-16T09:01:23","date_gmt":"2014-05-16T07:01:23","guid":{"rendered":"https:\/\/blog.ilgiornale.it\/spirli\/?p=2009"},"modified":"2014-05-16T15:20:34","modified_gmt":"2014-05-16T13:20:34","slug":"e-gli-etero","status":"publish","type":"post","link":"https:\/\/blog.ilgiornale.it\/spirli\/2014\/05\/16\/e-gli-etero\/","title":{"rendered":"E gli etero?"},"content":{"rendered":"<p><strong>Venerd\u00ec 16 maggio 2014 &#8211; Sant&#8217;Ubaldo v &#8211; Compleanno di Rosaria (Auguri, Nipotina Mia!!!) &#8211; \u00a0Redazione SUD, Piana di Gioia Tauro, di ritorno da Berlino<\/strong><\/p>\n<p><a href=\"https:\/\/blog.ilgiornale.it\/spirli\/files\/2014\/05\/lgbtqia-1.jpg\"><img loading=\"lazy\" class=\"alignnone size-full wp-image-2010\" src=\"https:\/\/blog.ilgiornale.it\/spirli\/files\/2014\/05\/lgbtqia-1.jpg\" alt=\"\" width=\"150\" height=\"100\" \/><\/a><\/p>\n<p>Gi\u00e0! LGBTQIA. E gli etero?<\/p>\n<p>Di ritorno da Berlino, dove sono andato a presentare il Diario di una vecchia checca, mi sono ritrovato in mano una rivista di quelle patinate e ricche di fin troppi articoli. Tra pagine di pubblicit\u00e0 che, cos\u00ec esageratamente presente, diventa irritante e poco rispettosa della povert\u00e0 che c&#8217;\u00e8 in giro, uno degli articoli mi spiegava, finalmente, cosa significa, nella sua interezza (per ora), <strong>la sigla LGBTQIA<\/strong>. Ed ho avuto una sorta di smarrimento mentale. Mi sono sentito immerso nella &#8220;vuotezza&#8221; di questa societ\u00e0 moderna. Cos\u00ec ipocritamente complicata. Cos\u00ec falsamente protettiva. Cos\u00ec stupidamente spendacciona in slogan e gadget e furbescamente approfittatrice della semplicit\u00e0 intellettiva dell&#8217;umano contemporaneo.<\/p>\n<p><strong>La dicitura completa, in realt\u00e0, sarebbe (leggete e tremate!!!) LGBTTTQQIA.<\/strong><\/p>\n<p>Che comprenderebbe:<\/p>\n<p><strong>Lesbiche, Gay, Bisessuali, Transessuali, Transgender, Two Spirits, Queer, Questionning, Intersex, Alleati Etero.<\/strong><\/p>\n<p><em>Legenda: i <strong>Questionning<\/strong> sarebbero coloro i quali mettono in discussione la propria identit\u00e0 sessuale; Gli <strong>Intersex<\/strong>, sono quelle persone che non sono riconducibili solo al sesso maschile o femminile; il <strong>Transgender<\/strong>, dal Dizionario della medicina 2010, \u00e8 un \u00a0individuo con disturbi dell\u2019identit\u00e0 di genere e del comportamento sessuale che vanno dal travestimento con abiti del sesso anatomico opposto al proprio, alla ricerca di interventi medicochirurgici di modifica degli organi sessuali e dei caratteri sessuali secondari, in una accezione sempre pi\u00f9 ampia e indefinita; &#8220;<strong>Queer<\/strong>&#8221; \u00e8 un termine della lingua inglese, che\u00a0in origine, significava &#8220;eccentrico&#8221;, &#8220;insolito&#8221;. Il termine deriva dal tedesco &#8220;quer&#8221; che significa &#8220;di traverso, diagonalmente&#8221; (da Wikipedia). Il resto, direi, \u00e8 quasi chiaro.<\/em><\/p>\n<p>Ora, chi mi spiega che senso abbia tutta questa apparecchiata? In cosa differirebbero, ad esempio, i diritti dei <strong>Bisessuali<\/strong> (?) da quelli di qualsiasi altro umano? E, ancora, un <strong>Intersex<\/strong> che avrebbe a pretendere pi\u00f9 di un pensionato al minimo?<\/p>\n<p>Un <strong>Alleato Etero<\/strong> dovrebbe avere maggiori garanzie di un comune mortale?<\/p>\n<p><strong>E, considerata la moltitudine di gusti e preferenze elencati, perch\u00e9 non ci hanno aggiunto anche una bella E, che indicasse quei pochi miliardi di Eterosessuali ancora viventi?<\/strong><\/p>\n<p><strong>Attenzione! Sono frocio!<\/strong> Mica parlo da eterorazzistatransomofobofascistacattoclericale, come, mediamente, viene frustato ed etichettato chi non si riempie la bocca di sigle.<\/p>\n<p>Sono omosessuale, quanto sono calabrese, robusto, cinquantenne, barbuto, autore, presbite, astigmatico, onnivoro, e un milione e mezzo di altre cose.<\/p>\n<p>Ma non voglio entrare in nessuna categoria. E invito ad un sonoro vaffanculo chiunque cerchi di mettermi una giubba addosso.<\/p>\n<p>Ora, per tornare a bomba sull&#8217;argomento, mi richiedo <strong>&#8220;Perch\u00e9 gli eterosessuali non vengono elencati fra le categorie da tutelare e proteggere?&#8221;<\/strong> Non mi sembra una cosa carina nei confronti di chi, da millenni, tira la barca di questa faticosa societ\u00e0 umana. Ci sono miliardi di poveri cristi che, da sempre, senza manco porselo il problema di cosa accada nella stanza a fianco, nella capanna in fondo al villaggio, fra le frasche della giungla o i cespugli della savana, nelle grotte dell&#8217;Aspromonte o a quell&#8217;ultimo piano del grattacielo di Dubai o Manhattan, si fanno un mazzo colossale per s\u00e9 e per gli altri. Ma a questi sventurati non bisogna pensare, altrimenti si corre il rischio, concentrandosi su pochi miliardi di terrestri, di perdere il contatto con la Comunit\u00e0 Rainbow, di qualche milioncino di individui. Che ha imparato ad urlare, ma non ancora a parlare. E tantomeno a tacere.<\/p>\n<p>&#8220;Parlami di te, Amico. A prescindere. Raccontami la tua storia. Anche quella omosessuale, se vuoi. Imparer\u00f2 a conoscerti. Ad accettarti o rifiutarti. Come \u00e8 nella possibilit\u00e0 di ognuno di noi. Fedele alla legge del libero arbitrio. Ma non cercare di impormi la tua necessit\u00e0. Potrei offendermi. Reagire.<\/p>\n<p>E, soprattutto, non ti azzardare a classificarmi, categorizzarmi, intrupparmi. Perch\u00e9, allora, mi costringeresti a difendermi da te. E sarei ANCHE violento.&#8221;<\/p>\n<p>Ecco, io, Nino Spirl\u00ec, la penso esattamente cos\u00ec. Senza ipocriti altarini pseudopolitici, senza pulpiti arcobaleno, senza processioni carnevalesche, senza leggi aggiuntive, senza troppi sindacalismi ed associazionismi.<\/p>\n<p><a href=\"https:\/\/blog.ilgiornale.it\/spirli\/files\/2014\/05\/Nino-checca.jpg\"><img loading=\"lazy\" class=\"alignnone size-medium wp-image-2013\" src=\"https:\/\/blog.ilgiornale.it\/spirli\/files\/2014\/05\/Nino-checca-300x300.jpg\" alt=\"\" width=\"300\" height=\"300\" srcset=\"https:\/\/blog.ilgiornale.it\/spirli\/files\/2014\/05\/Nino-checca-300x300.jpg 300w, https:\/\/blog.ilgiornale.it\/spirli\/files\/2014\/05\/Nino-checca-150x150.jpg 150w, https:\/\/blog.ilgiornale.it\/spirli\/files\/2014\/05\/Nino-checca.jpg 800w\" sizes=\"(max-width: 300px) 100vw, 300px\" \/><\/a><\/p>\n<p><strong>Sei come sei, Amico mio. Se hai bisogno, ti aiuto; ma, se urli, mi perdi. E non fare quel sorrisino finto ironico: con me non attacca! Perch\u00e9, allora, mi ricordo che sono una vecchia checca navigata. E, se sorrido io, tu sparisci. Perch\u00e9 te ne racconto, di cose\u2026 Tutte vissute. Tutte ingoiate e spalmate sull&#8217;anima. Ognuna, una piaga. Un chiodo. Una goccia di sangue. Versato. Ognuna, una lacrima.\u00a0<\/strong><\/p>\n<p>Ma questo non mi impedisce, giovane LGBTTTQQIA incazzato, di essere tanto altro. Talmente tanto altro, che quei colori dell&#8217;arcobaleno mi sembrano cos\u00ec pochi e sbiaditi, che non ci perdo l&#8217;occhio manco a guardarli.<\/p>\n<p>Ecco cosa mi passa per la testa, quando non leggo, fra le tante iniziali, una E che metterebbe pace fra tutti. Quando vedo barricate tra figli e genitori e genitori e figli. Quando il gioco diventa lotta e la guerra non trova pace.<\/p>\n<p>Etero, omo, eterofroci, asessuati, bi, tri\u2026 Chi se ne frega! Era meglio quando le cose del cuore, dell&#8217;anima e delle mutande non avevano voce.<\/p>\n<p>[youtube B_WmYMUunco]<\/p>\n<p>Fra me e me. Perch\u00e9 si fa\u2026<\/p>\n<p>&nbsp;<\/p>\n<p>&nbsp;<\/p>\n<p>&nbsp;<\/p>\n<p>&nbsp;<\/p>\n<p>&nbsp;<\/p>\n","protected":false},"excerpt":{"rendered":"<p><p>Venerd\u00ec 16 maggio 2014 &#8211; Sant&#8217;Ubaldo v &#8211; Compleanno di Rosaria (Auguri, Nipotina Mia!!!) &#8211; \u00a0Redazione SUD, Piana di Gioia Tauro, di ritorno da Berlino Gi\u00e0! LGBTQIA. E gli etero? Di ritorno da Berlino, dove sono andato a presentare il Diario di una vecchia checca, mi sono ritrovato in mano una rivista di quelle patinate e ricche di fin troppi articoli. Tra pagine di pubblicit\u00e0 che, cos\u00ec esageratamente presente, diventa irritante e poco rispettosa della povert\u00e0 che c&#8217;\u00e8 in giro, uno degli articoli mi spiegava, finalmente, cosa significa, nella sua interezza (per ora), la sigla LGBTQIA. Ed ho avuto una [&hellip;]<\/p>\n&nbsp;&nbsp;<div class=\"readmore\"><a href=\"https:\/\/blog.ilgiornale.it\/spirli\/2014\/05\/16\/e-gli-etero\/\">Continua a leggere...<\/a><\/div><\/p>","protected":false},"author":1022,"featured_media":0,"comment_status":"open","ping_status":"closed","sticky":false,"template":"","format":"standard","meta":[],"categories":[34304,34319],"tags":[44120,44117,44118,44116,44121,44119],"_links":{"self":[{"href":"https:\/\/blog.ilgiornale.it\/spirli\/wp-json\/wp\/v2\/posts\/2009"}],"collection":[{"href":"https:\/\/blog.ilgiornale.it\/spirli\/wp-json\/wp\/v2\/posts"}],"about":[{"href":"https:\/\/blog.ilgiornale.it\/spirli\/wp-json\/wp\/v2\/types\/post"}],"author":[{"embeddable":true,"href":"https:\/\/blog.ilgiornale.it\/spirli\/wp-json\/wp\/v2\/users\/1022"}],"replies":[{"embeddable":true,"href":"https:\/\/blog.ilgiornale.it\/spirli\/wp-json\/wp\/v2\/comments?post=2009"}],"version-history":[{"count":10,"href":"https:\/\/blog.ilgiornale.it\/spirli\/wp-json\/wp\/v2\/posts\/2009\/revisions"}],"predecessor-version":[{"id":2018,"href":"https:\/\/blog.ilgiornale.it\/spirli\/wp-json\/wp\/v2\/posts\/2009\/revisions\/2018"}],"wp:attachment":[{"href":"https:\/\/blog.ilgiornale.it\/spirli\/wp-json\/wp\/v2\/media?parent=2009"}],"wp:term":[{"taxonomy":"category","embeddable":true,"href":"https:\/\/blog.ilgiornale.it\/spirli\/wp-json\/wp\/v2\/categories?post=2009"},{"taxonomy":"post_tag","embeddable":true,"href":"https:\/\/blog.ilgiornale.it\/spirli\/wp-json\/wp\/v2\/tags?post=2009"}],"curies":[{"name":"wp","href":"https:\/\/api.w.org\/{rel}","templated":true}]}}