{"id":2080,"date":"2014-06-04T22:45:16","date_gmt":"2014-06-04T20:45:16","guid":{"rendered":"https:\/\/blog.ilgiornale.it\/spirli\/?p=2080"},"modified":"2014-06-04T22:45:16","modified_gmt":"2014-06-04T20:45:16","slug":"quando-eravamo-attori","status":"publish","type":"post","link":"https:\/\/blog.ilgiornale.it\/spirli\/2014\/06\/04\/quando-eravamo-attori\/","title":{"rendered":"Quando eravamo Attori."},"content":{"rendered":"<p><strong>Mercoled\u00ec 4 giugno 2014 &#8211; San Quirino v. &#8211; Taurianova<\/strong><\/p>\n<p><a href=\"https:\/\/blog.ilgiornale.it\/spirli\/files\/2014\/06\/catania-teatro-bellini-interno-300x212.jpg\"><img loading=\"lazy\" class=\"alignnone size-full wp-image-2081\" src=\"https:\/\/blog.ilgiornale.it\/spirli\/files\/2014\/06\/catania-teatro-bellini-interno-300x212.jpg\" alt=\"\" width=\"300\" height=\"212\" \/><\/a><\/p>\n<p>Con la maiuscola. Perch\u00e9 ce la meritavamo. I francesi ci emulavano. Gli inglesi ci invidiavano. Gli americani ci studiavano, dopo averci ammirato, per imparare. Imparare come si potesse rappresentare i sentimenti pi\u00f9 profondi con una delicatezza quasi arrogante. Anna Magnani, per esempio, era garbata e potente allo steso tempo. Alida Valli, uno scrigno di tumulti interiori trattenuti dall\u2019eleganza di uno sguardo. Vittorio De Sica emanava Italia da ogni poro. Aldo Fabrizi, era da brividi. Una maschera tragica o comica, a suo piacere. \u00a0E, con loro, i Signori del teatro. Buazzelli, Stoppa, Morelli, Ricci, Volonghi, Randone, Borboni, Capodaglio, Raspani Dandolo, Albani, Ninchi, De Filippo, De Filippo, De Filippo, Musco, Baseggio, Govi\u2026 Un popolo di Dei!<\/p>\n<p><a href=\"https:\/\/blog.ilgiornale.it\/spirli\/files\/2014\/06\/tris.jpg\"><img loading=\"lazy\" class=\"alignnone size-medium wp-image-2083\" src=\"https:\/\/blog.ilgiornale.it\/spirli\/files\/2014\/06\/tris-300x104.jpg\" alt=\"\" width=\"300\" height=\"104\" srcset=\"https:\/\/blog.ilgiornale.it\/spirli\/files\/2014\/06\/tris-300x104.jpg 300w, https:\/\/blog.ilgiornale.it\/spirli\/files\/2014\/06\/tris-1024x357.jpg 1024w, https:\/\/blog.ilgiornale.it\/spirli\/files\/2014\/06\/tris.jpg 1920w\" sizes=\"(max-width: 300px) 100vw, 300px\" \/><\/a><\/p>\n<p>E Tot\u00f2. Unico. Inimitabile.<\/p>\n<p>Poi, Ah! Poi\u2026<\/p>\n<p>Sordi, Manfredi, Mastroianni, Gassman, Lollobrigida, Loren, Salvatori. Colonne portanti del Tempio dell\u2019Arte Universale. Impossibile sostituirle.<\/p>\n<p>Venivano da noi Annie Girardot, Ingrid Bergman, Gary Cooper, Alain Delon, Jean Paul Belmondo. Si consegnavano ai nostri Registi. Quelli del Grande Cinema. Rossellini, Visconti, De Sica, Germi, Lattuada, Fellini, Risi, Comencini.<\/p>\n<p>Negli anni a seguire, i loro discepoli, Loy, Zeffirelli, Bolognini, Avati, Taviani, Olmi, Brass.<\/p>\n<p>Lunga pausa, respiro profondamente. Per non mentire, non faccio pi\u00f9 nomi. Perch\u00e9, fra i pochi seri e bravi, ci sono eserciti di vuoti a perdere. Temo di andare a teatro, spesso. Perch\u00e9 ne esco col fegato alla veneziana. Perch\u00e9 Il <em>Gabbiano<\/em> ha perso le ali. Perch\u00e9 <em>La Mirandolina<\/em> \u00e8 sempre e solo una mignotta. <em>Otello<\/em> \u00e8 un povero cornuto. <em>Amleto<\/em> il matto della porta accanto. Le scene sono un nero continuo, con praticabili da salto sparsi ovunque e attori che arrivano dalla platea o si lanciano dalle balconate. Ancora??? Trovata trita e ritrita! Ma ogni giovane pretende di godersi la passeggiata in mezzo alla gente. Peccato di egocentrismo! Amen.\u00a0<a href=\"https:\/\/blog.ilgiornale.it\/spirli\/files\/2014\/06\/fabrizi.jpg\"><img loading=\"lazy\" class=\"alignnone size-medium wp-image-2084\" src=\"https:\/\/blog.ilgiornale.it\/spirli\/files\/2014\/06\/fabrizi-300x187.jpg\" alt=\"\" width=\"300\" height=\"187\" srcset=\"https:\/\/blog.ilgiornale.it\/spirli\/files\/2014\/06\/fabrizi-300x187.jpg 300w, https:\/\/blog.ilgiornale.it\/spirli\/files\/2014\/06\/fabrizi-1024x640.jpg 1024w, https:\/\/blog.ilgiornale.it\/spirli\/files\/2014\/06\/fabrizi.jpg 1280w\" sizes=\"(max-width: 300px) 100vw, 300px\" \/><\/a><\/p>\n<p>Non vado spesso neanche al cinema. Le parolacce le so tutte: non ho bisogno di ripassi. E \u201ccazzo\u201d, ormai, lo dicono tutti. In tutti i contesti. Ultimamente anche le donne. Cos\u00ec, per non restare dietro nella distribuzione della nullit\u00e0 artistica, cazzo! Se un film, poi, non celebra il dozzinale, il quotidiano, riconoscibile gi\u00e0 dalla tazza della colazione, non sembra suscitare l\u2019interesse del pubblico. Hai voglia a sperare di rivedere le ricostruzioni felliniane in studio di posa. Macch\u00e8! Il mare \u00e8 al mare. Roma \u00e8 sempre il Gazometro e non pi\u00f9 la Bocca della Verit\u00e0. La nebbia la cercano vera nella Bassa e non pi\u00f9 magica nella macchina del fumo. Manca la Fantasia. La Creativit\u00e0. La voglia di sentirsi Dio. Tanto, tutti si accontentano ormai di un\u00a0 primissimo piano di occhi truccati, di due tette rifatte, di uomini ricchioni che fingono impeti machi su letti senza lenzuola. Inutilmente.<\/p>\n<p>Solo quelle poche piccole sale meno esposte ci danno ancora la sensazione che l\u2019Arte stia tenendo botta. Che non ci stanno riuscendo, ad azzerarla, con quella politica globalizzante della finta democrazia. Gi\u00e0! Hanno garantito a tutti il diritto di accostare l\u2019arte, ferendola. Anzi, uccidendola. Mille e mille scuole di recitazione, in mano a chi non ce l\u2019ha fatta e deve, comunque, sbarcare il lunario, hanno sfornato, negli ultimi anni, una cosaccata di barbari, che hanno invaso ogni verso di Shakespeare, ogni morale pirandelliana, ogni sottile ironia goldoniana. E, non contenti, questi Ostrogoti dell\u2019Arte ci entrano in casa attraverso quei demoniaci televisori onnipresenti in tutte le camere abitate. A far che? A blablare battute rubate da fotocopie malstampate e riproposte senza nemmeno averle capite. Seeeehh! Capirle. Con cosa? Come diceva la volpe della maschera \u201cPulchra est, sed cerebrum non habet!\u201d<\/p>\n<p>Da qui in poi, per me \u00e8 un libro. Che \u00e8 meglio\u2026<\/p>\n<p>Fra me e me. In astinenza da Buon Teatro e Buon Cinema\u2026<\/p>\n<p>&nbsp;<\/p>\n<p>&nbsp;<\/p>\n","protected":false},"excerpt":{"rendered":"<p><p>Mercoled\u00ec 4 giugno 2014 &#8211; San Quirino v. &#8211; Taurianova Con la maiuscola. Perch\u00e9 ce la meritavamo. I francesi ci emulavano. Gli inglesi ci invidiavano. Gli americani ci studiavano, dopo averci ammirato, per imparare. Imparare come si potesse rappresentare i sentimenti pi\u00f9 profondi con una delicatezza quasi arrogante. Anna Magnani, per esempio, era garbata e potente allo steso tempo. Alida Valli, uno scrigno di tumulti interiori trattenuti dall\u2019eleganza di uno sguardo. Vittorio De Sica emanava Italia da ogni poro. Aldo Fabrizi, era da brividi. Una maschera tragica o comica, a suo piacere. \u00a0E, con loro, i Signori del teatro. Buazzelli, [&hellip;]<\/p>\n&nbsp;&nbsp;<div class=\"readmore\"><a href=\"https:\/\/blog.ilgiornale.it\/spirli\/2014\/06\/04\/quando-eravamo-attori\/\">Continua a leggere...<\/a><\/div><\/p>","protected":false},"author":1022,"featured_media":0,"comment_status":"open","ping_status":"closed","sticky":false,"template":"","format":"standard","meta":[],"categories":[34304,34319],"tags":[43063,51121,51123,51122,31491,16586],"_links":{"self":[{"href":"https:\/\/blog.ilgiornale.it\/spirli\/wp-json\/wp\/v2\/posts\/2080"}],"collection":[{"href":"https:\/\/blog.ilgiornale.it\/spirli\/wp-json\/wp\/v2\/posts"}],"about":[{"href":"https:\/\/blog.ilgiornale.it\/spirli\/wp-json\/wp\/v2\/types\/post"}],"author":[{"embeddable":true,"href":"https:\/\/blog.ilgiornale.it\/spirli\/wp-json\/wp\/v2\/users\/1022"}],"replies":[{"embeddable":true,"href":"https:\/\/blog.ilgiornale.it\/spirli\/wp-json\/wp\/v2\/comments?post=2080"}],"version-history":[{"count":4,"href":"https:\/\/blog.ilgiornale.it\/spirli\/wp-json\/wp\/v2\/posts\/2080\/revisions"}],"predecessor-version":[{"id":2088,"href":"https:\/\/blog.ilgiornale.it\/spirli\/wp-json\/wp\/v2\/posts\/2080\/revisions\/2088"}],"wp:attachment":[{"href":"https:\/\/blog.ilgiornale.it\/spirli\/wp-json\/wp\/v2\/media?parent=2080"}],"wp:term":[{"taxonomy":"category","embeddable":true,"href":"https:\/\/blog.ilgiornale.it\/spirli\/wp-json\/wp\/v2\/categories?post=2080"},{"taxonomy":"post_tag","embeddable":true,"href":"https:\/\/blog.ilgiornale.it\/spirli\/wp-json\/wp\/v2\/tags?post=2080"}],"curies":[{"name":"wp","href":"https:\/\/api.w.org\/{rel}","templated":true}]}}