{"id":250,"date":"2013-08-13T12:43:32","date_gmt":"2013-08-13T12:43:32","guid":{"rendered":"https:\/\/blog.ilgiornale.it\/spirli\/?p=250"},"modified":"2013-08-13T12:43:32","modified_gmt":"2013-08-13T12:43:32","slug":"pirandellodrag-un-corto-mafiano-contro-la-violenza","status":"publish","type":"post","link":"https:\/\/blog.ilgiornale.it\/spirli\/2013\/08\/13\/pirandellodrag-un-corto-mafiano-contro-la-violenza\/","title":{"rendered":"PirandelloDrag. Un corto mafiaNO contro la violenza."},"content":{"rendered":"<p>Marted\u00ec 13 agosto 2013 &#8211; Sant&#8217;Ippolito &#8211; Serra San Bruno<\/p>\n<p><a href=\"https:\/\/blog.ilgiornale.it\/spirli\/files\/2013\/08\/PirandelloDrag.jpg\"><img loading=\"lazy\" class=\"alignnone size-medium wp-image-251\" src=\"https:\/\/blog.ilgiornale.it\/spirli\/files\/2013\/08\/PirandelloDrag-300x198.jpg\" alt=\"\" width=\"300\" height=\"198\" srcset=\"https:\/\/blog.ilgiornale.it\/spirli\/files\/2013\/08\/PirandelloDrag-300x198.jpg 300w, https:\/\/blog.ilgiornale.it\/spirli\/files\/2013\/08\/PirandelloDrag-1024x678.jpg 1024w\" sizes=\"(max-width: 300px) 100vw, 300px\" \/><\/a><\/p>\n<p>Appena arrivato a Serra San Bruno, mangio un panino col capocollo, passeggiando fra gli alberi del parco di fronte alla Certosa. Si dice che qui sia vissuto, da monaco, il pilota americano che sganci\u00f2 dall&#8217;Enola Gay la bomba su Hiroshima. E anche il fisico Ettore Majorana. Chiss\u00e0. Una cosa \u00e8 certa: vengo sempre qui, quando ho bisogno di rilassare la testa. E mi rendo conto che qualcosa di paradisiaco, in questa cittadina, c&#8217;\u00e8!<\/p>\n<p>Ho voluto staccare un po&#8217;. Allontanarmi dal solito quotidiano per riposare in maniera sana. Senza goccine o compressine, che, nei momenti di stanchezza, un po&#8217; aiutano. Domenica sera \u00e8 stata Serata mafiaNO a Taurianova. Un impegno doveroso nei confronti di tutte le Persone che non vogliono essere bollate mai pi\u00f9 come portatori sani del virus della ndrangheta. La Serata concludeva i tre giorni di colletta alimentare per cani e gatti randagi e ospiti di canili e rifugi, e, soprattutto, la Presentazione del cortometraggio sociale contro l&#8217;omofobia PirandelloDrag.<\/p>\n<p><a href=\"https:\/\/blog.ilgiornale.it\/spirli\/files\/2013\/08\/PirandelloDrag-I-Protagonisti.jpg\"><img loading=\"lazy\" class=\"alignnone size-medium wp-image-252\" src=\"https:\/\/blog.ilgiornale.it\/spirli\/files\/2013\/08\/PirandelloDrag-I-Protagonisti-300x198.jpg\" alt=\"\" width=\"300\" height=\"198\" srcset=\"https:\/\/blog.ilgiornale.it\/spirli\/files\/2013\/08\/PirandelloDrag-I-Protagonisti-300x198.jpg 300w, https:\/\/blog.ilgiornale.it\/spirli\/files\/2013\/08\/PirandelloDrag-I-Protagonisti.jpg 567w\" sizes=\"(max-width: 300px) 100vw, 300px\" \/><\/a><\/p>\n<p>&nbsp;<\/p>\n<p>PirandelloDrag!<\/p>\n<p>Che emozione. Nacque per caso nel maggio 2010, nella mia casa di Roma. Stavo provando una ennesima versione de L&#8217;uomo dal fiore in bocca con alcuni giovani attori. Ne avevo diretta un&#8217;altra di sole donne nel lontano 1995, che fu un trionfo. Questa volta volevo qualcosa di forte, di ancora pi\u00f9 provocatorio. Pensavo che, se ai tempi di Pirandello, due uomini che girovagano nella notte fossero gi\u00e0 un &#8220;fatto forte&#8221;, ai tempi nostri bisognasse trovare un&#8217;altrettanto forte rilettura delle circostanze. Poi, studiando e ristudiando il testo per rispettarne la pirandellianit\u00e0, l&#8217;idea! E se i due protagonisti fossero Drag? In fondo, molte Queen sono uomini che, come i protagonisti della pi\u00e8ce, scappano dalla quotidianit\u00e0 che \u00a0 indossano malvolentieri&#8230;<\/p>\n<p>E, cos\u00ec, ad Aprile 2011, fu PirandelloDrag! A teatro. E fu successo. Sul web viaggiano ancora decine di splendide recensioni e un solo No. Dunque, tutti accontentati: gli estimatori e i detrattori.\u00a0<a href=\"https:\/\/blog.ilgiornale.it\/spirli\/files\/2013\/08\/PIRANDELLO-DRAG-NINO-interpreta-PIAF.jpg\"><img loading=\"lazy\" class=\"alignnone size-medium wp-image-256\" src=\"https:\/\/blog.ilgiornale.it\/spirli\/files\/2013\/08\/PIRANDELLO-DRAG-NINO-interpreta-PIAF-300x292.jpg\" alt=\"\" width=\"300\" height=\"292\" srcset=\"https:\/\/blog.ilgiornale.it\/spirli\/files\/2013\/08\/PIRANDELLO-DRAG-NINO-interpreta-PIAF-300x292.jpg 300w, https:\/\/blog.ilgiornale.it\/spirli\/files\/2013\/08\/PIRANDELLO-DRAG-NINO-interpreta-PIAF.jpg 488w\" sizes=\"(max-width: 300px) 100vw, 300px\" \/><\/a><\/p>\n<p>Son passati due anni. PirandelloDrag si veste di Cinema. E parte per il mondo.<\/p>\n<p>Nel mese di marzo 2013, durante la presentazione del mio libro Diario di una vecchia checca alla provincia di Reggio Calabria, l&#8217;incontro con Antonio Eroi, Presidente del Consiglio Provinciale. E&#8217; subito familiarit\u00e0. Poi, Famiglia.<\/p>\n<p><a href=\"https:\/\/blog.ilgiornale.it\/spirli\/files\/2013\/08\/Nino-e-Antonio.jpg\"><img loading=\"lazy\" class=\"alignnone size-medium wp-image-255\" src=\"https:\/\/blog.ilgiornale.it\/spirli\/files\/2013\/08\/Nino-e-Antonio-300x200.jpg\" alt=\"\" width=\"300\" height=\"200\" srcset=\"https:\/\/blog.ilgiornale.it\/spirli\/files\/2013\/08\/Nino-e-Antonio-300x200.jpg 300w, https:\/\/blog.ilgiornale.it\/spirli\/files\/2013\/08\/Nino-e-Antonio.jpg 960w\" sizes=\"(max-width: 300px) 100vw, 300px\" \/><\/a><\/p>\n<p>Antonio abbracci\u00f2, contemporaneamente, me (niente allusioni: \u00e8 etero convinto, convintamente sposato e padre di due bambini), il Progetto etico mafiaNo e il sogno di trasformare PirandelloDrag in un corto sociale contro l&#8217;omofobia. Grazie al suo impegno, il Consiglio provinciale di Reggio Calabria ader\u00ec all&#8217;Unanimit\u00e0 sia a mafiaNO, rafforzandolo e vivificandolo, che alla produzione del corto. Oggi, mafiaNo \u00e8 13 Comuni della Provincia, \u00e8 Regione Calabria, \u00e8 Provincia di Reggio, \u00e8 Associazioni, \u00e8 Imprese, \u00e8 Volontari, \u00e8 Singoli Cittadini. E&#8217; impegno quotidiano. E&#8217; manifestazioni culturali. E&#8217; prime possibilit\u00e0 di impegno lavorativo. E&#8217; progetto di vita futura condiviso. E&#8217; sentirsi amici fra le montagne dell&#8217;Aspromonte o sulle rive del mare, dallo Jonio al Tirreno. E&#8217; tante cose, tutte belle.<\/p>\n<p>Ed \u00e8, in primis, PirandelloDrag: la storia di tre giovani artisti che partono dal &#8220;Nord&#8221; per arrivare in Calabria e presentare in teatro la pi\u00e8ce provocatoria. Tre bravi ragazzi che pensano solo al lavoro e ai propri sogni. Ma il pericolo \u00e8 dietro l&#8217;angolo. Pasquale, eterofrocio velato, irretisce uno dei tre: troppo bello, per lasciarselo sfuggire. Al diniego, lo fa picchiare&#8230; Lo spettacolo andr\u00e0 in scena? La Calabria fa da cornice al racconto. Marco Basile, Manuel Ferrarini, Gilles Rocca, Sas\u00e0 Striano, Giacomo Battaglia, gli interpreti. Bravissimi. La Regia \u00e8 di Giacomo Triglia. I costumi delle Drag sono firmati dalla stilista Claudia Ferrise.<\/p>\n<p>[youtube CFic41hQNaQ]<\/p>\n<p>&#8230; Fra me e Voi&#8230;<\/p>\n","protected":false},"excerpt":{"rendered":"<p><p>Marted\u00ec 13 agosto 2013 &#8211; Sant&#8217;Ippolito &#8211; Serra San Bruno Appena arrivato a Serra San Bruno, mangio un panino col capocollo, passeggiando fra gli alberi del parco di fronte alla Certosa. Si dice che qui sia vissuto, da monaco, il pilota americano che sganci\u00f2 dall&#8217;Enola Gay la bomba su Hiroshima. E anche il fisico Ettore Majorana. Chiss\u00e0. Una cosa \u00e8 certa: vengo sempre qui, quando ho bisogno di rilassare la testa. E mi rendo conto che qualcosa di paradisiaco, in questa cittadina, c&#8217;\u00e8! Ho voluto staccare un po&#8217;. Allontanarmi dal solito quotidiano per riposare in maniera sana. Senza goccine o [&hellip;]<\/p>\n&nbsp;&nbsp;<div class=\"readmore\"><a href=\"https:\/\/blog.ilgiornale.it\/spirli\/2013\/08\/13\/pirandellodrag-un-corto-mafiano-contro-la-violenza\/\">Continua a leggere...<\/a><\/div><\/p>","protected":false},"author":1022,"featured_media":0,"comment_status":"open","ping_status":"closed","sticky":false,"template":"","format":"standard","meta":[],"categories":[34304,87,34319],"tags":[34427,34425,34323,34426,34423,34421,34424],"_links":{"self":[{"href":"https:\/\/blog.ilgiornale.it\/spirli\/wp-json\/wp\/v2\/posts\/250"}],"collection":[{"href":"https:\/\/blog.ilgiornale.it\/spirli\/wp-json\/wp\/v2\/posts"}],"about":[{"href":"https:\/\/blog.ilgiornale.it\/spirli\/wp-json\/wp\/v2\/types\/post"}],"author":[{"embeddable":true,"href":"https:\/\/blog.ilgiornale.it\/spirli\/wp-json\/wp\/v2\/users\/1022"}],"replies":[{"embeddable":true,"href":"https:\/\/blog.ilgiornale.it\/spirli\/wp-json\/wp\/v2\/comments?post=250"}],"version-history":[{"count":5,"href":"https:\/\/blog.ilgiornale.it\/spirli\/wp-json\/wp\/v2\/posts\/250\/revisions"}],"predecessor-version":[{"id":259,"href":"https:\/\/blog.ilgiornale.it\/spirli\/wp-json\/wp\/v2\/posts\/250\/revisions\/259"}],"wp:attachment":[{"href":"https:\/\/blog.ilgiornale.it\/spirli\/wp-json\/wp\/v2\/media?parent=250"}],"wp:term":[{"taxonomy":"category","embeddable":true,"href":"https:\/\/blog.ilgiornale.it\/spirli\/wp-json\/wp\/v2\/categories?post=250"},{"taxonomy":"post_tag","embeddable":true,"href":"https:\/\/blog.ilgiornale.it\/spirli\/wp-json\/wp\/v2\/tags?post=250"}],"curies":[{"name":"wp","href":"https:\/\/api.w.org\/{rel}","templated":true}]}}