{"id":2501,"date":"2014-09-24T23:47:41","date_gmt":"2014-09-24T21:47:41","guid":{"rendered":"https:\/\/blog.ilgiornale.it\/spirli\/?p=2501"},"modified":"2014-09-25T07:12:43","modified_gmt":"2014-09-25T05:12:43","slug":"carceri-italiane-villaggi-vacanze-per-immigrati","status":"publish","type":"post","link":"https:\/\/blog.ilgiornale.it\/spirli\/2014\/09\/24\/carceri-italiane-villaggi-vacanze-per-immigrati\/","title":{"rendered":"Carceri italiane? Villaggi vacanza per immigrati."},"content":{"rendered":"<p>Mercoled\u00ec 24 settembre 2014 &#8211; Senza Santi in Paradiso &#8211; A SUD<\/p>\n<p><a href=\"https:\/\/blog.ilgiornale.it\/spirli\/files\/2014\/09\/carcere.jpg\"><img loading=\"lazy\" class=\"alignnone size-medium wp-image-2503\" src=\"https:\/\/blog.ilgiornale.it\/spirli\/files\/2014\/09\/carcere-300x159.jpg\" alt=\"\" width=\"300\" height=\"159\" srcset=\"https:\/\/blog.ilgiornale.it\/spirli\/files\/2014\/09\/carcere-300x159.jpg 300w, https:\/\/blog.ilgiornale.it\/spirli\/files\/2014\/09\/carcere.jpg 630w\" sizes=\"(max-width: 300px) 100vw, 300px\" \/><\/a><\/p>\n<p>Arrivano a carrettate, di mare e di terra. Sui barconi, dentro ai pullman, nei sottofondi dei TIR, nelle stive delle navi, qualcuno in aereo. Vengono in Italia perch\u00e9 \u00e8 l&#8217;Italia, non perch\u00e9 \u00e8 l&#8217;Europa. Sono i furbi e i delinquenti fra i migranti. Quelli che vogliono lavorare o raggiungere i familiari che lavorano, si dirigono nel Nord dell&#8217;Europa. Da noi restano i pi\u00f9 balordi, soprattutto. Oppure i pi\u00f9 ottimisti. Ma sono pochi.<\/p>\n<p>La stagione delle arance \u00e8 alle porte e la Piana di Gioia Tauro si colora di nero. Un colore molto amato da chi non vuole pagare le tasse, visto che i lavoratori africani si accontentano di venti euro per un&#8217;intera giornata di lavoro. Un giaciglio da bestia e un pasto alla caritas, quando va bene. Se cucinano da s\u00e9, le pentole sono di quelle che noi non useremmo nemmeno come vaso per le piante; i piatti, quali? e le posate talmente vecchie che le forchette hanno le dentiere\u2026<\/p>\n<p>Grazie a loro, si evadono le tasse. E, nonostante questo, l&#8217;economia non decolla. E amen.<\/p>\n<p>Ma al peggio non c&#8217;\u00e8 mai fine. Perch\u00e9 non sono solo i semionesti il problema, ma i disonesti. Spacciatori, ladri, papponi, assassini, killer, violenti. Un esercito di malviventi con donne conniventi e figli sulla buona strada. Possiamo far finta che non sia cos\u00ec, per continuare la farsa dell&#8217;italiano democratico buono antifascista figlio della resistenza cattolico garantista e chi pi\u00f9 ne ha\u2026<\/p>\n<p>Ma la verit\u00e0 \u00e8 che le nostre galere sono piene di stranieri. Europei e non. Delinquenti di ogni risma. Senza regole, n\u00e9 capi. Gente violenta per birra e vodka, che ammazza prima di parlare. E, anche, spacciatori di morte e sfruttatori di donne, bionde e negre. Vendute ad ogni angolo d&#8217;Italia, arrogantemente. Puttane d&#8217;ogni razza vicino a Michelangelo e Leonardo, al porto di Gioia o sul lungomare di Reggio. Accano al Colosseo o sotto la madonnina\u2026 Gentaglia!<\/p>\n<p>E questi zozzoni sono pure felici di esserci, nelle nelle nostre celle. Che, per quanto strette e popolose, sono sempre meglio di quelle dei loro Paesi. Luride, malsane, violente e inumane.<\/p>\n<p>Delle pene della nostra Legge, quasi ne ridono. Perch\u00e9 sanno che dalla parti loro, per gli stessi reati, rischierebbero la testa. Anzi, ce la rimetterebbero. E senza processo. Senza avvocato. E senza piet\u00e0.<\/p>\n<p>E vengono, dunque. Nel Resort Italia. A far festa. Perch\u00e9 l&#8217;Italia \u00e8 un Bengodi garantista e permissivo. Come una sorta di mamma paziente e bonaria nei confronti anche dei figli pi\u00f9 marioli..<\/p>\n<p>Le nostre strade sono diventate pi\u00f9 insicure della jungla salgariana. Anche le nostre case. S\u00ec, anche quelle: le apriamo a idraulici stranieri, elettricisti stranieri, piastrellisti stranieri, tecnici stranieri, strani preti stranieri, nuovi amici stranieri\u2026 Poi, per\u00f2\u2026<\/p>\n<p><a href=\"https:\/\/blog.ilgiornale.it\/spirli\/files\/2014\/09\/attacco-woolwich-770x430.jpg\"><img loading=\"lazy\" class=\"alignnone size-medium wp-image-2504\" src=\"https:\/\/blog.ilgiornale.it\/spirli\/files\/2014\/09\/attacco-woolwich-770x430-300x167.jpg\" alt=\"\" width=\"300\" height=\"167\" srcset=\"https:\/\/blog.ilgiornale.it\/spirli\/files\/2014\/09\/attacco-woolwich-770x430-300x167.jpg 300w, https:\/\/blog.ilgiornale.it\/spirli\/files\/2014\/09\/attacco-woolwich-770x430.jpg 770w\" sizes=\"(max-width: 300px) 100vw, 300px\" \/><\/a><\/p>\n<p>Quando vedo in tv le cronache di sgozzamenti islamici di giornalisti occidentali, cooperanti occidentali, missionari occidentali, tecnici occidentali, mi ribolle il sangue nelle arterie.<\/p>\n<p>Vi accogliamo e ci sgozzate? Vi aiutiamo e ci sgozzate? Stavo per scrivere vaffanculo, ma mi sono trattenuto.<\/p>\n<p>Difendiamo, dunque, i confini e rimandiamo a casa, intanto, tutti i condannati carcerati (peraltro, la Legge lo prevede!) \u00a0A seguire, gli altri.<\/p>\n<p>Quando, anni fa, un amico mi disse, mentre vivevo a Parigi, che i francesi non gli piacevano per il loro nazionalismo esasperato, gli risposi che, forse, quella era la loro forza.<\/p>\n<p>Ebbene, s\u00ec: avevo ragione!<\/p>\n<p>Un brindisi \u00a0ai francesi e un invito agli Italiani: #AMIAMOLITALIA e difendiamola, ch\u00e9 \u00e8 venuta l&#8217;ora.<\/p>\n<p>Non era per riempire le nostre galere che li avevamo accolti, n\u00e9 per difenderci da loro. Avevamo messo in atto un comandamento del nostro Signore: Ama il prossimo quanto te stesso. Evidentemente, non sono cos\u00ec prossimo.<\/p>\n<p>Fra me e me. Dopo l&#8217;ennesimo sgozzamento islamico.<\/p>\n","protected":false},"excerpt":{"rendered":"<p><p>Mercoled\u00ec 24 settembre 2014 &#8211; Senza Santi in Paradiso &#8211; A SUD Arrivano a carrettate, di mare e di terra. Sui barconi, dentro ai pullman, nei sottofondi dei TIR, nelle stive delle navi, qualcuno in aereo. Vengono in Italia perch\u00e9 \u00e8 l&#8217;Italia, non perch\u00e9 \u00e8 l&#8217;Europa. Sono i furbi e i delinquenti fra i migranti. Quelli che vogliono lavorare o raggiungere i familiari che lavorano, si dirigono nel Nord dell&#8217;Europa. Da noi restano i pi\u00f9 balordi, soprattutto. Oppure i pi\u00f9 ottimisti. Ma sono pochi. La stagione delle arance \u00e8 alle porte e la Piana di Gioia Tauro si colora di [&hellip;]<\/p>\n&nbsp;&nbsp;<div class=\"readmore\"><a href=\"https:\/\/blog.ilgiornale.it\/spirli\/2014\/09\/24\/carceri-italiane-villaggi-vacanze-per-immigrati\/\">Continua a leggere...<\/a><\/div><\/p>","protected":false},"author":1022,"featured_media":0,"comment_status":"open","ping_status":"closed","sticky":false,"template":"","format":"standard","meta":[],"categories":[34319],"tags":[51230,51232,51231,51234,51233],"_links":{"self":[{"href":"https:\/\/blog.ilgiornale.it\/spirli\/wp-json\/wp\/v2\/posts\/2501"}],"collection":[{"href":"https:\/\/blog.ilgiornale.it\/spirli\/wp-json\/wp\/v2\/posts"}],"about":[{"href":"https:\/\/blog.ilgiornale.it\/spirli\/wp-json\/wp\/v2\/types\/post"}],"author":[{"embeddable":true,"href":"https:\/\/blog.ilgiornale.it\/spirli\/wp-json\/wp\/v2\/users\/1022"}],"replies":[{"embeddable":true,"href":"https:\/\/blog.ilgiornale.it\/spirli\/wp-json\/wp\/v2\/comments?post=2501"}],"version-history":[{"count":10,"href":"https:\/\/blog.ilgiornale.it\/spirli\/wp-json\/wp\/v2\/posts\/2501\/revisions"}],"predecessor-version":[{"id":2513,"href":"https:\/\/blog.ilgiornale.it\/spirli\/wp-json\/wp\/v2\/posts\/2501\/revisions\/2513"}],"wp:attachment":[{"href":"https:\/\/blog.ilgiornale.it\/spirli\/wp-json\/wp\/v2\/media?parent=2501"}],"wp:term":[{"taxonomy":"category","embeddable":true,"href":"https:\/\/blog.ilgiornale.it\/spirli\/wp-json\/wp\/v2\/categories?post=2501"},{"taxonomy":"post_tag","embeddable":true,"href":"https:\/\/blog.ilgiornale.it\/spirli\/wp-json\/wp\/v2\/tags?post=2501"}],"curies":[{"name":"wp","href":"https:\/\/api.w.org\/{rel}","templated":true}]}}