{"id":2515,"date":"2014-09-27T09:49:01","date_gmt":"2014-09-27T07:49:01","guid":{"rendered":"https:\/\/blog.ilgiornale.it\/spirli\/?p=2515"},"modified":"2014-09-28T09:49:50","modified_gmt":"2014-09-28T07:49:50","slug":"diario-di-una-vecchia-checca","status":"publish","type":"post","link":"https:\/\/blog.ilgiornale.it\/spirli\/2014\/09\/27\/diario-di-una-vecchia-checca\/","title":{"rendered":"Diario di una vecchia checca"},"content":{"rendered":"<p><strong>Sabato 27 settembre 2014 &#8211; San Vincenzo de&#8217; Paoli &#8211; a casa, a Taurianova<\/strong><\/p>\n<p><a href=\"https:\/\/blog.ilgiornale.it\/spirli\/files\/2014\/09\/diario-copertina.jpg\"><img loading=\"lazy\" class=\"alignnone size-medium wp-image-2516\" src=\"https:\/\/blog.ilgiornale.it\/spirli\/files\/2014\/09\/diario-copertina-185x300.jpg\" alt=\"\" width=\"185\" height=\"300\" srcset=\"https:\/\/blog.ilgiornale.it\/spirli\/files\/2014\/09\/diario-copertina-185x300.jpg 185w, https:\/\/blog.ilgiornale.it\/spirli\/files\/2014\/09\/diario-copertina.jpg 594w\" sizes=\"(max-width: 185px) 100vw, 185px\" \/><\/a><\/p>\n<p><strong>Auguri, caro Diario!<\/strong><\/p>\n<p><strong>Buon compleanno, amato Libro, e grazie per tutte le soddisfazioni che mi hai regalato e mi regali ancora.<\/strong> Migliaia di copie vendute e migliaia di persone che mi hanno contattato dopo averTi letto. Ben 53 presentazioni in tutta Italia e all&#8217;Estero, da Roma a Milano, Firenze, Palermo, Torino, Catania, Ferrara, Bologna, Bari, Catania, Napoli, Avellino, Reggio Calabria, Cosenza, fino a Berlino e ancora\u2026<\/p>\n<p><strong>Una sorta di galoppata con Te in mano<\/strong>, per farTi conoscere ed avere l&#8217;opportunit\u00e0 di presentare una vita vissuta. Fin dentro le carni.<\/p>\n<p>A Te ho confidato i sorrisi, le lacrime e l&#8217;urlo di dolore. A Te, gli amori, i vizi e gli stravizi. <strong>Hai pagine scritte col sangue in bocca. Altre, con la coda dell&#8217;arcobaleno.<\/strong><\/p>\n<p>A Te ho confessato i peccati e affidato l&#8217;anima mia. Solo a Te.<\/p>\n<p><strong>Tu sei testimone vivente del grande amore per la Famiglia, per D*o e per il mio Paese.<\/strong> Agli amici, i veri amici, ho dedicato pagine scritte col cuore. Ma ai nemici non ho disdegnato qualche stilettata.<\/p>\n<p>Se penso a quando Massimiliano Dona, che Ti ador\u00f2 da subito, mi consigli\u00f2 di presentarTi a Minerva Edizioni per sperare nella pubblicazione, e a quando Roberto Mugavero, l&#8217;editore, mi chiam\u00f2 al telefono (peraltro, Te lo dico adesso, ero a letto con l&#8217;ultimo fidanzato nudo a fianco), i brividi mi corrono lungo la schiena.<\/p>\n<p><a href=\"https:\/\/blog.ilgiornale.it\/spirli\/files\/2014\/09\/Mamma-e-Nino1.jpg\"><img loading=\"lazy\" class=\"alignnone size-medium wp-image-2518\" src=\"https:\/\/blog.ilgiornale.it\/spirli\/files\/2014\/09\/Mamma-e-Nino1-300x300.jpg\" alt=\"\" width=\"300\" height=\"300\" srcset=\"https:\/\/blog.ilgiornale.it\/spirli\/files\/2014\/09\/Mamma-e-Nino1-300x300.jpg 300w, https:\/\/blog.ilgiornale.it\/spirli\/files\/2014\/09\/Mamma-e-Nino1-150x150.jpg 150w, https:\/\/blog.ilgiornale.it\/spirli\/files\/2014\/09\/Mamma-e-Nino1.jpg 960w\" sizes=\"(max-width: 300px) 100vw, 300px\" \/><\/a><\/p>\n<p>Fino ad allora, e da un anno, ero un autore televisivo disoccupato, dopo il vaffanculo a caratteri cubitali che avevo consegnato alla produzione di Forum (a tal proposito, Te lo confido, amico Diario, sono proprio contento del crollo degli ascolti: ai miei tempi, e posso dirlo senza tema di smentita, avendo in mano centinaia di curve degli ascolti a conferma, portavo a casa un buon 31 &#8211; 32 % di audience. Oggi ramazzano a bordo strada miseri 12 13 mm di pioggerella scaduta. Sic!).<\/p>\n<p><strong>Poi, decisi di farTi vedere la luce.<\/strong> E, con Te, raccontai e racconto trent&#8217;anni di vita. E di omosessualit\u00e0. Composta e anche no. Come dici Tu, quando si parla bisogna essere onesti, per cui il pane \u00e8 pane, il cazzo \u00e8 cazzo. E la cosa meravigliosa \u00e8 che, con noi, nessuno mai si sia scandalizzato. Perch\u00e9 siamo onesti, dici? Sicuramente \u00e8 cos\u00ec! Ma, soprattutto, ironici ed autoironici.<\/p>\n<p><strong>Ti adoro, caro Diario di una vecchia checca.<\/strong><\/p>\n<p><strong>Perch\u00e9 hai aperto gli occhi a tanta gente.<\/strong><\/p>\n<p><strong>Hai insegnato, per esempio, che molta omosessualit\u00e0 \u00e8 macinata dentro ai calzoni di quelli che Tu ed io chiamiamo gli Eterofroci.<\/strong> Quelle schiere di uomini che, mano nella mano con belle fighe, poi vengono a scampanellare a casa nostra. A volte ci amano, spesso vogliono solo essere sbattuti su un letto e presi come regine di bordello. <strong>Eh, s\u00ec! Anche questo compito Ti \u00a0e ci \u00e8 toccato. Alzare il velo sulla &#8220;pietosa bugia sociale&#8221;.<\/strong> Su quei maschi da esterno, un po&#8217; come le maschere apotropaiche che dovrebbero spaventare il maligno, con le loro corna e la lingua penzoloni, ma che, invece, non fanno tremare manco le ali alle mosche. Ecco, le pagine pi\u00f9 polpose sono proprio dedicate a loro. Quanti di loro siano stati miei amanti, lo sai solo Tu, loro ed io. E qualche migliaio di lettori. Attori famosi, preti, medici, avvocati, playboy da discoteca\u2026 Tutti a casa nostra, mia e Tua, a farsi accarezzare la nuca e sostenere la colonna vertebrale. Lo strumento non credo sia necessario dichiararlo.<\/p>\n<p><strong>Ecco, cosa sei Tu: un libro sfrontato. Sfacciato. Senza ritegni. Proprio come me.<\/strong><\/p>\n<p>Ed ecco perch\u00e9, a due anni di et\u00e0, <strong>invece di portarTi all&#8217;asilo, Ti porter\u00f2 nelle Universit\u00e0<\/strong>. Perch\u00e9 se proprio devono decidere, i giovani, di conoscere il volto onesto dell&#8217;omosessualit\u00e0, \u00e8 giusto che conoscano Te. E chiss\u00e0 che magari qualcuno di quei professori che incontreremo non lo conosciamo gi\u00e0\u2026<\/p>\n<p>Dunque, Buonissimo Compleanno, Diario di una vecchia checca! <strong>A Te, a me e a tutti quegli amori e quegli amanti che nelle Tue pagine hanno trovato altra vita. Anche a coloro i quali se ne vergognano e la travestono di barba in faccia e figa in tasca.<\/strong><\/p>\n<p><a href=\"https:\/\/blog.ilgiornale.it\/spirli\/files\/2014\/09\/DSCF84531.jpg\"><img loading=\"lazy\" class=\"alignnone size-medium wp-image-2520\" src=\"https:\/\/blog.ilgiornale.it\/spirli\/files\/2014\/09\/DSCF84531-300x200.jpg\" alt=\"\" width=\"300\" height=\"200\" srcset=\"https:\/\/blog.ilgiornale.it\/spirli\/files\/2014\/09\/DSCF84531-300x200.jpg 300w, https:\/\/blog.ilgiornale.it\/spirli\/files\/2014\/09\/DSCF84531-1024x682.jpg 1024w, https:\/\/blog.ilgiornale.it\/spirli\/files\/2014\/09\/DSCF84531.jpg 1059w\" sizes=\"(max-width: 300px) 100vw, 300px\" \/><\/a><\/p>\n<p><strong>Fra me e Te, che sei me.<\/strong><\/p>\n","protected":false},"excerpt":{"rendered":"<p><p>Sabato 27 settembre 2014 &#8211; San Vincenzo de&#8217; Paoli &#8211; a casa, a Taurianova Auguri, caro Diario! Buon compleanno, amato Libro, e grazie per tutte le soddisfazioni che mi hai regalato e mi regali ancora. Migliaia di copie vendute e migliaia di persone che mi hanno contattato dopo averTi letto. Ben 53 presentazioni in tutta Italia e all&#8217;Estero, da Roma a Milano, Firenze, Palermo, Torino, Catania, Ferrara, Bologna, Bari, Catania, Napoli, Avellino, Reggio Calabria, Cosenza, fino a Berlino e ancora\u2026 Una sorta di galoppata con Te in mano, per farTi conoscere ed avere l&#8217;opportunit\u00e0 di presentare una vita vissuta. Fin [&hellip;]<\/p>\n&nbsp;&nbsp;<div class=\"readmore\"><a href=\"https:\/\/blog.ilgiornale.it\/spirli\/2014\/09\/27\/diario-di-una-vecchia-checca\/\">Continua a leggere...<\/a><\/div><\/p>","protected":false},"author":1022,"featured_media":0,"comment_status":"open","ping_status":"closed","sticky":false,"template":"","format":"standard","meta":[],"categories":[34304,87],"tags":[34371,51148,51235,44092,51236],"_links":{"self":[{"href":"https:\/\/blog.ilgiornale.it\/spirli\/wp-json\/wp\/v2\/posts\/2515"}],"collection":[{"href":"https:\/\/blog.ilgiornale.it\/spirli\/wp-json\/wp\/v2\/posts"}],"about":[{"href":"https:\/\/blog.ilgiornale.it\/spirli\/wp-json\/wp\/v2\/types\/post"}],"author":[{"embeddable":true,"href":"https:\/\/blog.ilgiornale.it\/spirli\/wp-json\/wp\/v2\/users\/1022"}],"replies":[{"embeddable":true,"href":"https:\/\/blog.ilgiornale.it\/spirli\/wp-json\/wp\/v2\/comments?post=2515"}],"version-history":[{"count":9,"href":"https:\/\/blog.ilgiornale.it\/spirli\/wp-json\/wp\/v2\/posts\/2515\/revisions"}],"predecessor-version":[{"id":2526,"href":"https:\/\/blog.ilgiornale.it\/spirli\/wp-json\/wp\/v2\/posts\/2515\/revisions\/2526"}],"wp:attachment":[{"href":"https:\/\/blog.ilgiornale.it\/spirli\/wp-json\/wp\/v2\/media?parent=2515"}],"wp:term":[{"taxonomy":"category","embeddable":true,"href":"https:\/\/blog.ilgiornale.it\/spirli\/wp-json\/wp\/v2\/categories?post=2515"},{"taxonomy":"post_tag","embeddable":true,"href":"https:\/\/blog.ilgiornale.it\/spirli\/wp-json\/wp\/v2\/tags?post=2515"}],"curies":[{"name":"wp","href":"https:\/\/api.w.org\/{rel}","templated":true}]}}